{"id":341734,"date":"2026-01-15T07:49:07","date_gmt":"2026-01-15T07:49:07","guid":{"rendered":"https:\/\/www.europesays.com\/es\/341734\/"},"modified":"2026-01-15T07:49:07","modified_gmt":"2026-01-15T07:49:07","slug":"la-verdad-sale-a-la-luz-en-el-final-mas-desquiciado-de-la-isla-de-las-tentaciones-el-mundo","status":"publish","type":"post","link":"https:\/\/www.europesays.com\/es\/341734\/","title":{"rendered":"La verdad sale a la luz en el final m\u00e1s desquiciado de La isla de las tentaciones &#8211; El Mundo"},"content":{"rendered":"<ol>\n<li><a href=\"https:\/\/news.google.com\/rss\/articles\/CBMiiwFBVV95cUxNVkpsdTdxSjJMd0FFNmhxUTlIZEttWDE3dTFUNS1zcm45a19yMm1XTUV5cVBSRkYzQWVMS3YtUE95eVhCRFVaWUVGR2x3NU5PZVl5VmRNcmNlSVlxeXg0aE9iYmdkTjdLWm1YTktDaFhyS25zNjBVc1BDVFg0U1F6LVA3NklmLVYxR2o40gGLAUFVX3lxTE9QTzVvZHdINVJKWm5ONEViZU9LdzQyelNxcEUyRmhOVGZ3SVNrS0hkQzg3OTdGeW1YMGwxaDRZM3VQMjVDdldDTDRxUXhzZC0zWWNlOFNHZldpM092ZjdWN2djTkpVQnY3NFdLTFU3Z19VXzk1dnIxYzZfbXVYY0xzYjhtYXRwVlpqaDA?oc=5\" target=\"_blank\" rel=\"nofollow noopener\">La verdad sale a la luz en el final m\u00e1s desquiciado de La isla de las tentaciones<\/a>&nbsp;&nbsp;El Mundo<\/li>\n<li><a href=\"https:\/\/news.google.com\/rss\/articles\/CBMi1AFBVV95cUxNTmJVZU15QXRKUldfX0s3NkVpNWt2UFh0c1FQbk9MenUyQWhoZUdKOVRpVUNFZkk2ck1JcW1vZ3BPUHhteGtIU193akoyOFdrNzU1QktoX3ZLVi1JSVloNTdRaWxpRVpVbkU2bDFvay1vajNBa3hTa1ZpblJKSzBTaHlQdmprelB1ekhjMDdrNFR4Y1ZuUlRQNk9GeXE0andfc3ZXUm01LTF1YTVySE1EZ201T1BSUDRlX3pmejVESk5KYXRkOTlCSDM1bnlBUDZZdkZ0aw?oc=5\" target=\"_blank\" rel=\"nofollow noopener\">Dos bombazos, una infidelidad y muchos enfrentamientos en &#8216;El debate final de las tentaciones&#8217;<\/a>&nbsp;&nbsp;Telecinco<\/li>\n<li><a href=\"https:\/\/news.google.com\/rss\/articles\/CBMi4wFBVV95cUxOSUh2T2VGeHBHdUZmOXNKUHNkT3BJUkJaTUJ2SDdrTUlHa01lNTFWVHhPZS1XN3RUTUpIRC11WnhNMkxBWHFtdE5JRFFpV3d0dEVqZExrVWU2M3JWTkROZkI1dFpKRHNUN3RIODh6ME1EM1ZxZV93dGZqOFBQR01tZ2RReDVFNnRZdzdES0thQi1iOUJTbENySm5MZVBHQ2EzeTk3UkZUYlZCM05DU2J1aFAwSlJLWGF0ZjVBd0dxZC1ra0tCTjByNWEzMW9hUzRjcGFmUm9nb2dFZ0ZYZTFobXJkVQ?oc=5\" target=\"_blank\" rel=\"nofollow noopener\">&#8216;La isla de las tentaciones&#8217; cierra su edici\u00f3n m\u00e1s rentable y mira al futuro: de un giro improbable a una versi\u00f3n LGTBI<\/a>&nbsp;&nbsp;elDiario.es<\/li>\n<li><a href=\"https:\/\/news.google.com\/rss\/articles\/CBMitgFBVV95cUxQcGpZN2RyTWxJVjhCNFBVZmNxV2FJWDVtQjFZM2Y2b2FjY2x2N2VBOXoyNEJPLTVjRU5BZkRCYUl0NGdwRFp4c0g5WDY3WXBRdWtLUS05MEpUam1HcW92cDEyQTZNWlpma3pwX2pBbGtqaWUwSGg5Tzl5Ym5oNGs0blRxaGlBTUJ6Q3NnRXlCZTJRSEJrbmdyNHNMT2picTJSbXgtTTk3Y0IxZ0dOemhsWmNhUFRQQQ?oc=5\" target=\"_blank\" rel=\"nofollow noopener\">D\u00f3nde ver online, gratis y en televisi\u00f3n El reencuentro de &#8216;La isla de las tentaciones 9&#8217; hoy y a qu\u00e9 hora empieza el programa<\/a>&nbsp;&nbsp;ABC<\/li>\n<li><a href=\"https:\/\/news.google.com\/rss\/articles\/CBMi2AFBVV95cUxNNzN0dno2enlOZ2JaLWZwMV9pRE5kY1pETjc1NFptZFVaVDlWSXg3ZHdKZVdmSzI2SXk0NjAxVTQ0Q3NBMlVTN3FvMDc2c2NOTndqRFNmMEN3MkVEX1EwYlJUdUhxM2k0TkRVV2M1Qm53RWpZQlhJcFNMTExuNk9FRllRbWttOEtCQTlSRHllQmFfUzRHYjctMkJObzliY0RvaFhNNkRCNkdGMkViNG1CRTdJZFc3MUp0N2ZmMnN6cnZGODdQZjJOU2FHQ0poTnI2VndlUFlPN1o?oc=5\" target=\"_blank\" rel=\"nofollow noopener\">Las cuentas pendientes de Sandra con Juanpi y Andrea de \u2018La isla de las tentaciones\u2019 que arrastra para su entrada a \u2018GH D\u00fao 4\u2019<\/a>&nbsp;&nbsp;Lecturas<\/li>\n<\/ol>\n","protected":false},"excerpt":{"rendered":"La verdad sale a la luz en el final m\u00e1s desquiciado de La isla de las tentaciones&nbsp;&nbsp;El Mundo&hellip;\n","protected":false},"author":2,"featured_media":341735,"comment_status":"","ping_status":"","sticky":false,"template":"","format":"standard","meta":{"footnotes":""},"categories":[171],"tags":[146,147,25,24,38778,14194,29956,23,692,807,32358,214],"class_list":{"0":"post-341734","1":"post","2":"type-post","3":"status-publish","4":"format-standard","5":"has-post-thumbnail","7":"category-tv","8":"tag-entertainment","9":"tag-entretenimiento","10":"tag-es","11":"tag-espana","12":"tag-jesus-vazquez","13":"tag-la-isla-de-las-tentaciones","14":"tag-la-revuelta","15":"tag-spain","16":"tag-telecinco","17":"tag-television","18":"tag-television-momentvs","19":"tag-tv"},"share_on_mastodon":{"url":"https:\/\/pubeurope.com\/@es\/115898021545774542","error":""},"_links":{"self":[{"href":"https:\/\/www.europesays.com\/es\/wp-json\/wp\/v2\/posts\/341734","targetHints":{"allow":["GET"]}}],"collection":[{"href":"https:\/\/www.europesays.com\/es\/wp-json\/wp\/v2\/posts"}],"about":[{"href":"https:\/\/www.europesays.com\/es\/wp-json\/wp\/v2\/types\/post"}],"author":[{"embeddable":true,"href":"https:\/\/www.europesays.com\/es\/wp-json\/wp\/v2\/users\/2"}],"replies":[{"embeddable":true,"href":"https:\/\/www.europesays.com\/es\/wp-json\/wp\/v2\/comments?post=341734"}],"version-history":[{"count":0,"href":"https:\/\/www.europesays.com\/es\/wp-json\/wp\/v2\/posts\/341734\/revisions"}],"wp:featuredmedia":[{"embeddable":true,"href":"https:\/\/www.europesays.com\/es\/wp-json\/wp\/v2\/media\/341735"}],"wp:attachment":[{"href":"https:\/\/www.europesays.com\/es\/wp-json\/wp\/v2\/media?parent=341734"}],"wp:term":[{"taxonomy":"category","embeddable":true,"href":"https:\/\/www.europesays.com\/es\/wp-json\/wp\/v2\/categories?post=341734"},{"taxonomy":"post_tag","embeddable":true,"href":"https:\/\/www.europesays.com\/es\/wp-json\/wp\/v2\/tags?post=341734"}],"curies":[{"name":"wp","href":"https:\/\/api.w.org\/{rel}","templated":true}]}}