{"id":341742,"date":"2026-01-15T07:54:07","date_gmt":"2026-01-15T07:54:07","guid":{"rendered":"https:\/\/www.europesays.com\/es\/341742\/"},"modified":"2026-01-15T07:54:07","modified_gmt":"2026-01-15T07:54:07","slug":"tini-stoessel-embarazada-el-tatuaje-con-rodrigo-de-paul-que-desata-los-rumores-en-mexico","status":"publish","type":"post","link":"https:\/\/www.europesays.com\/es\/341742\/","title":{"rendered":"\u00bfTini Stoessel, embarazada? El tatuaje con Rodrigo de Paul que desata los rumores en M\u00e9xico"},"content":{"rendered":"<p class=\"L6-news-detail__text\"><b><a title=\"Tini Stoessel\" href=\"https:\/\/www.lasexta.com\/programas\/arusitys\/escorpion-cantando-tini-stoessel-maria-becerra-hace-historia-concierto-360-buenos-aires_202512166941130caf09df501088d7f7.html\" target=\"_blank\" rel=\"nofollow noopener\">Tini Stoessel<\/a><\/b><b> ha viajado con el futbolista <\/b><b><a title=\"Rodrigo de Paul\" href=\"https:\/\/www.lasexta.com\/programas\/arusitys\/leo-messi-visita-refugio-animales-anant-ambani-rodrigo-paul-luis-suarez-regalan-reloj-2-millones_202512176942516bea66eb73531541e2.html\" target=\"_blank\" rel=\"nofollow noopener\">Rodrigo de Paul<\/a><\/b><b> a M\u00e9xico <\/b>para disfrutar de unos d\u00edas de descanso. \u00abHan abierto uno de sus \u00e1lbumes de fotos m\u00e1s rom\u00e1nticos poniendo fin a los rumores que dec\u00edan que no estaban en su mejor momento\u00bb, destaca Tatiana Ar\u00fas.<\/p>\n<p class=\"L6-news-detail__text\">Adem\u00e1s, la colaboradora destaca que \u00abhan empezado a levantar los rumores de un posible embarazo despu\u00e9s de ver c\u00f3mo en esas vacaciones la cantante le realizaba tres corazones que \u00e9l, posteriormente, se tatu\u00f3\u00bb. \u00abElla tambi\u00e9n se ha hecho el mismo tatuaje y<b> al ser tres corazones todo el mundo quiere pensar que el tercer coraz\u00f3n puede ser un beb\u00e9\u00bb.<\/b><\/p>\n<p class=\"L6-news-detail__text\"><b><a title=\"*Sigue a laSexta en Google. Toda la actualidad y el mejor contenido aqu\u00ed.\" href=\"https:\/\/profile.google.com\/cp\/CgkvbS8wZG5xejA\" target=\"_blank\" rel=\"nofollow noopener\">*Sigue a laSexta en Google. Toda la actualidad y el mejor contenido aqu\u00ed.<\/a><\/b><\/p>\n<p class=\"L6-support-news-video__title\">&#8216;Top expertos&#8217;<\/p>\n<p>            <a href=\"https:\/\/www.lasexta.com\/programas\/arusitys\/neumologo-experto-sueno-advierte-ronquido-mucho-mas-que-molestia-nocturna_2026011469675df5384d9f038d87ff9a.html\" class=\"L6-news__link\" rel=\"nofollow noopener\" target=\"_blank\"><br \/>\n                Un neum\u00f3logo experto en sue\u00f1o advierte: el ronquido es mucho m\u00e1s que una molestia nocturna<\/p>\n<p class=\"recirculation-video-desc\">\u00abPuede ser un signo temprano de apnea del sue\u00f1o, una enfermedad grave que reduce el aporte de ox\u00edgeno y aumenta el riesgo de da\u00f1o cerebral y cardiovascular\u00bb, se\u00f1ala el doctor Joaqu\u00edn Duran Cantolla.<\/p>\n<p>            <\/a><\/p>\n","protected":false},"excerpt":{"rendered":"Tini Stoessel ha viajado con el futbolista Rodrigo de Paul a M\u00e9xico para disfrutar de unos d\u00edas de&hellip;\n","protected":false},"author":2,"featured_media":341743,"comment_status":"","ping_status":"","sticky":false,"template":"","format":"standard","meta":{"footnotes":""},"categories":[91],"tags":[146,147,25,24,23],"class_list":{"0":"post-341742","1":"post","2":"type-post","3":"status-publish","4":"format-standard","5":"has-post-thumbnail","7":"category-entretenimiento","8":"tag-entertainment","9":"tag-entretenimiento","10":"tag-es","11":"tag-espana","12":"tag-spain"},"share_on_mastodon":{"url":"https:\/\/pubeurope.com\/@es\/115898041289926947","error":""},"_links":{"self":[{"href":"https:\/\/www.europesays.com\/es\/wp-json\/wp\/v2\/posts\/341742","targetHints":{"allow":["GET"]}}],"collection":[{"href":"https:\/\/www.europesays.com\/es\/wp-json\/wp\/v2\/posts"}],"about":[{"href":"https:\/\/www.europesays.com\/es\/wp-json\/wp\/v2\/types\/post"}],"author":[{"embeddable":true,"href":"https:\/\/www.europesays.com\/es\/wp-json\/wp\/v2\/users\/2"}],"replies":[{"embeddable":true,"href":"https:\/\/www.europesays.com\/es\/wp-json\/wp\/v2\/comments?post=341742"}],"version-history":[{"count":0,"href":"https:\/\/www.europesays.com\/es\/wp-json\/wp\/v2\/posts\/341742\/revisions"}],"wp:featuredmedia":[{"embeddable":true,"href":"https:\/\/www.europesays.com\/es\/wp-json\/wp\/v2\/media\/341743"}],"wp:attachment":[{"href":"https:\/\/www.europesays.com\/es\/wp-json\/wp\/v2\/media?parent=341742"}],"wp:term":[{"taxonomy":"category","embeddable":true,"href":"https:\/\/www.europesays.com\/es\/wp-json\/wp\/v2\/categories?post=341742"},{"taxonomy":"post_tag","embeddable":true,"href":"https:\/\/www.europesays.com\/es\/wp-json\/wp\/v2\/tags?post=341742"}],"curies":[{"name":"wp","href":"https:\/\/api.w.org\/{rel}","templated":true}]}}