{"id":341760,"date":"2026-01-15T08:12:10","date_gmt":"2026-01-15T08:12:10","guid":{"rendered":"https:\/\/www.europesays.com\/es\/341760\/"},"modified":"2026-01-15T08:12:10","modified_gmt":"2026-01-15T08:12:10","slug":"belen-esteban-dice-adios-a-la-television-quiero-dedicar-tiempo-para-mi","status":"publish","type":"post","link":"https:\/\/www.europesays.com\/es\/341760\/","title":{"rendered":"Bel\u00e9n Esteban dice \u2018adi\u00f3s\u2019 a la televisi\u00f3n: \u201cQuiero dedicar tiempo para m\u00ed\u201d"},"content":{"rendered":"<p class=\"\"><b>Bel\u00e9n Esteban<\/b> es una de las grandes figuras dentro del \u00e1mbito de la peque\u00f1a pantalla nacional. A sus <b>52 a\u00f1os<\/b>, la nacida en Madrid lleva m\u00e1s de media vida vinculada a la televisi\u00f3n, donde <b>se ha hecho un nombre y se ha ganado una reputaci\u00f3n<\/b> cimentada en su presencia en m\u00faltiples espacios de \u00e9xito, tales como<b> \u2018S\u00e1lvame\u2019, \u2018El programa de Ana Rosa\u2019 o \u2018Cr\u00f3nicas Marcianas\u2019<\/b>, entre otros.<\/p>\n<p class=\"\">Pr\u00f3ximamente, \u2018La Princesa del Pueblo\u2019 regresa a la televisi\u00f3n, m\u00e1s concretamente a TVE, para formar parte de<b> \u2018Top Chef: dulces y famosos\u2019<\/b>, concurso que <b>toma el relevo televisivo de \u2018Bake off: famosos al horno\u2019 y con el que la madrile\u00f1a pretende resarcirse tras el sonado fracaso de \u2018La familia de la tele\u2019<\/b>, programa que lleg\u00f3 a La 1 con muchas expectativas pero que no cumpli\u00f3 desde sus inicios.<\/p>\n<p class=\"\">Recientemente, Bel\u00e9n Esteban concedi\u00f3 una entrevista a <b>\u2018El Televisero\u2019 <\/b>en la que, m\u00e1s all\u00e1 de hablar de su participaci\u00f3n en el concurso culinario, reconoci\u00f3 que <b>tiene pensado tomarse un a\u00f1o de descanso de la televisi\u00f3n<\/b> y explic\u00f3 los diferentes motivos que fundamentan dicha decisi\u00f3n.<\/p>\n<p class=\"\"><b>\u201cDecid\u00ed que me quer\u00eda coger un a\u00f1o sab\u00e1tico\u201d<\/b>, comenz\u00f3 la televisiva para, posteriormente, a\u00f1adir que, si cuando llegase el momento del a\u00f1o sab\u00e1tico recibiera alguna propuesta de su inter\u00e9s y que la hiciera feliz, no tendr\u00eda problema alguno en volver a retomar su carrera profesional: <b>\u201cNo os quiero mentir, un a\u00f1o sab\u00e1tico\u2026 Si me llaman de alg\u00fan programa o algo voy. Pero quiero hacer un poco de par\u00f3n\u201d<\/b>.<\/p>\n<p class=\"\"><b>\u201cPrimero por m\u00ed, llevo 26 a\u00f1os en la televisi\u00f3n, creo que el espectador debe descansar un poco de Bel\u00e9n Esteban. Tambi\u00e9n por mi ni\u00f1a<\/b>, que la tengo lejos. <b>Por mi madre tambi\u00e9n<\/b>, que vive en Benidorm y quiero estar m\u00e1s tiempo con ella y con mi marido, que estamos muy felices, pero le quiero ocupar m\u00e1s tiempo. <b>Pero, sobre todo, por m\u00ed\u201d<\/b>, indic\u00f3.<\/p>\n<p>\u201cNo me he cansado de la tele\u201d<\/p>\n<p class=\"\">Siguiendo con sus palabras, la nacida en la capital espa\u00f1ola dej\u00f3 claro que no se ha cansado de la televisi\u00f3n: <b>\u201cMe encanta, pero mi madre vive en Benidorm y ya tiene 82 a\u00f1os.<\/b> Es verdad que puedo coger un AVE, pero no es lo mismo irme a casa de tu madre un mes o dos semanas, o ir a Estados Unidos para ver a mi hija m\u00e1s tiempo en vez de 15 d\u00edas. <b>Estar con mi marido, irnos a cenar\u2026 Muchas veces llegas de la televisi\u00f3n y te da pereza\u201d<\/b>, explic\u00f3.<\/p>\n<p>Noticias relacionadas<a href=\"https:\/\/as.com\/tikitakas\/television\/jordi-evole-delata-a-tve-intento-ficharme-pero-dije-que-no-f202601-n\/\" class=\"s_m_w\" title=\"El periodista catal\u00e1n ha confesado en una entrevista a \u2018Informalia\u2019 que la cadena p\u00fablica trat\u00f3 de hacerse con sus servicios.\" data-tb-link=\"\" rel=\"nofollow noopener\" target=\"_blank\"><img decoding=\"async\" src=\"https:\/\/www.europesays.com\/es\/wp-content\/uploads\/2026\/01\/XSRYJH4VWVGNRE2IXYPT4RJGXA.jpg\" alt=\"Jordi \u00c9vole delata a TVE: \u201cIntent\u00f3 ficharme, pero dije que no\u201d\" class=\"\" height=\"9\" width=\"16\"   loading=\"lazy\" data-tb-thumbnail=\"\"\/><\/a><a href=\"https:\/\/as.com\/tikitakas\/television\/tve-cancela-este-miercoles-la-revuelta-la-razon-por-la-que-no-se-emite-hoy-el-programa-de-david-broncano-f202601-n\/\" class=\"s_m_w\" title=\"La cadena p\u00fablica modifica este 14 de enero su parrilla para dar lugar al partido de Copa del Rey entre el Albacete y el Real Madrid.\" data-tb-link=\"\" rel=\"nofollow noopener\" target=\"_blank\"><img decoding=\"async\" src=\"https:\/\/www.europesays.com\/es\/wp-content\/uploads\/2026\/01\/SKS2QAMCVZGJ5MUWC66RKUPVHY.png\" alt=\"TVE cancela este mi\u00e9rcoles \u2018La Revuelta\u2019: la raz\u00f3n por la que no se emite hoy el programa de David Broncano\" class=\"\" height=\"9\" width=\"16\"   loading=\"lazy\" data-tb-thumbnail=\"\"\/><\/a><\/p>\n<p class=\"\">Para terminar, la excolaboradora de \u2018S\u00e1lvame\u2019 afirm\u00f3 que, adem\u00e1s de su familia, la raz\u00f3n tras esta decisi\u00f3n tiene que ver consigo misma: <b>\u201cQuiero aprender ingl\u00e9s, quiero ir al gimnasio <\/b>y, como me dan bajones de az\u00facar, he pensado en ir despu\u00e9s de comer, no ponerme insulina y as\u00ed lo quemo en el gimnasio.<b> Tambi\u00e9n quiero estar con mis amigas, quiero ir al cine, quiero quedar entre diario a ver una pel\u00edcula. Quiero dedicar tiempo para m\u00ed\u201d<\/b>, concluy\u00f3.<\/p>\n<p class=\"\"><b>\u00a1Tus opiniones importan!<\/b> Comenta en los art\u00edculos y suscr\u00edbete gratis a nuestra <a href=\"https:\/\/asfan.as.com\/newsletters\/\" target=\"_blank\" rel=\"nofollow noopener\" title=\"https:\/\/asfan.as.com\/newsletters\/\">newsletter<\/a> y a las alertas informativas en la <a href=\"https:\/\/as.com\/aplicacion-de-as-n\/\" target=\"_blank\" rel=\"nofollow noopener\" title=\"https:\/\/as.com\/aplicacion-de-as-n\/\">App<\/a> o el canal de <a href=\"https:\/\/www.whatsapp.com\/channel\/0029VaAasdA7j6g745nz9M10\" target=\"_blank\" rel=\"nofollow noopener\" title=\"https:\/\/www.whatsapp.com\/channel\/0029VaAasdA7j6g745nz9M10\">WhatsApp<\/a>. \u00bfBuscas licenciar contenido? Haz clic <a href=\"https:\/\/profesional.elpais.com\/landing-sindicacion?utm_medium=interno&amp;utm_source=crosslinking&amp;utm_campaign=sindicacion_as_pie_articulos\" target=\"_blank\" rel=\"nofollow noopener\" title=\"https:\/\/profesional.elpais.com\/landing-sindicacion?utm_medium=interno&amp;utm_source=crosslinking&amp;utm_campaign=sindicacion_as_pie_articulos\">aqu\u00ed<\/a><\/p>\n","protected":false},"excerpt":{"rendered":"Bel\u00e9n Esteban es una de las grandes figuras dentro del \u00e1mbito de la peque\u00f1a pantalla nacional. A sus&hellip;\n","protected":false},"author":2,"featured_media":341761,"comment_status":"","ping_status":"","sticky":false,"template":"","format":"standard","meta":{"footnotes":""},"categories":[174],"tags":[255,146,147,25,24,256,23],"class_list":{"0":"post-341760","1":"post","2":"type-post","3":"status-publish","4":"format-standard","5":"has-post-thumbnail","7":"category-famosos","8":"tag-celebrities","9":"tag-entertainment","10":"tag-entretenimiento","11":"tag-es","12":"tag-espana","13":"tag-famosos","14":"tag-spain"},"share_on_mastodon":{"url":"https:\/\/pubeurope.com\/@es\/115898112020752999","error":""},"_links":{"self":[{"href":"https:\/\/www.europesays.com\/es\/wp-json\/wp\/v2\/posts\/341760","targetHints":{"allow":["GET"]}}],"collection":[{"href":"https:\/\/www.europesays.com\/es\/wp-json\/wp\/v2\/posts"}],"about":[{"href":"https:\/\/www.europesays.com\/es\/wp-json\/wp\/v2\/types\/post"}],"author":[{"embeddable":true,"href":"https:\/\/www.europesays.com\/es\/wp-json\/wp\/v2\/users\/2"}],"replies":[{"embeddable":true,"href":"https:\/\/www.europesays.com\/es\/wp-json\/wp\/v2\/comments?post=341760"}],"version-history":[{"count":0,"href":"https:\/\/www.europesays.com\/es\/wp-json\/wp\/v2\/posts\/341760\/revisions"}],"wp:featuredmedia":[{"embeddable":true,"href":"https:\/\/www.europesays.com\/es\/wp-json\/wp\/v2\/media\/341761"}],"wp:attachment":[{"href":"https:\/\/www.europesays.com\/es\/wp-json\/wp\/v2\/media?parent=341760"}],"wp:term":[{"taxonomy":"category","embeddable":true,"href":"https:\/\/www.europesays.com\/es\/wp-json\/wp\/v2\/categories?post=341760"},{"taxonomy":"post_tag","embeddable":true,"href":"https:\/\/www.europesays.com\/es\/wp-json\/wp\/v2\/tags?post=341760"}],"curies":[{"name":"wp","href":"https:\/\/api.w.org\/{rel}","templated":true}]}}