{"id":341762,"date":"2026-01-15T08:15:09","date_gmt":"2026-01-15T08:15:09","guid":{"rendered":"https:\/\/www.europesays.com\/es\/341762\/"},"modified":"2026-01-15T08:15:09","modified_gmt":"2026-01-15T08:15:09","slug":"analizamos-lo-mejor-y-lo-peor-de-la-serie-que-hoy-estrena-movistar-plus","status":"publish","type":"post","link":"https:\/\/www.europesays.com\/es\/341762\/","title":{"rendered":"analizamos lo mejor y lo peor de la serie que hoy estrena Movistar Plus+"},"content":{"rendered":"\n<p> Ver a <a href=\"https:\/\/www.vanitatis.elconfidencial.com\/celebrities\/2026-01-11\/can-yaman-libertad-detenido-operacion-antidroga_4281832\/\" target=\"_self\" rel=\"nofollow noopener\">Can Yaman<\/a> a punto de ser decapitado es un buen arranque para cualquier serie. Y no lo decimos ir\u00f3nicamente ni por las informaciones que situaban al actor, esta misma semana, detenido por una operaci\u00f3n antidroga. Una informaci\u00f3n que \u00e9l mismo ha tenido que aclarar (\u00abSi hubiera sido m\u00ednimamente cierto, no me habr\u00edan liberado en tan poco tiempo\u201d, ha llegado a decir). <\/p>\n<p> Lo decimos porque &#8216;El Turco&#8217;, que comienza con el guapo int\u00e9rprete al borde de perder (literalmente) la cabeza, es <strong>una de las producciones m\u00e1s ambiciosas de la productora Ay Yapim y mezcla tintes de telenovela con la historia de aventuras de toda la vida<\/strong>. Un mix que parece que funciona, como si <strong><a href=\"https:\/\/www.vanitatis.elconfidencial.com\/celebrities\/2014-10-19\/errol-flynn-entre-el-sexo-las-adicciones-y-la-jet-set-de-mallorca_251885\/\" target=\"_self\" rel=\"nofollow noopener\">Errol Flynn<\/a><\/strong> hubiese tomado el cuerpo de este sex symbol de 36 a\u00f1os y se hubiese mezclado con el <strong>Carlos Mata <\/strong>de<strong> <a href=\"https:\/\/www.vanitatis.elconfidencial.com\/famosos\/2021-05-16\/jeannette-rodriguez-cristal-entrevista-solteria-amores_3080716\/\" target=\"_self\" rel=\"nofollow noopener\">&#8216;Cristal&#8217;.<\/a><\/strong> <\/p>\n<p> Inspirada en la novela hom\u00f3nima de <strong>Orhan Yeniaras<\/strong>, que a su vez se basa en una antigua leyenda de hace tres siglos, en esos primeros minutos vemos a Balaban Agha, el soldado turco al que da vida Can Yaman, escapar de sus captores durante <strong>el segundo asedio de Viena en 1683<\/strong>. La culpa la tiene, como sabremos, su propio hermano, que lo ha traicionado y es m\u00e1s malo que Ca\u00edn. <\/p>\n<p>               Can Yaman en uno de los roles m\u00e1s exigentes de su carrera. (Ay Yapim\/ Movistar Plus)             <\/p>\n<p> Poco despu\u00e9s, el herido y pr\u00f3fugo se refugia en casa de Gloria, <strong>una joven que vive con un ni\u00f1o en una humilde caba\u00f1a de Moena<\/strong>, un pueblecito de los Alpes italianos que est\u00e1 a punto de celebrar un gran festival y que no vive tiempos de paz precisamente. <\/p>\n<p> Aunque en principio la joven que lo aloja en casa lo trata como a un prisionero, hay secuencias como la de una cena en com\u00fan que muestran, ya desde el principio<strong>, la irresistible atracci\u00f3n que se va a producir entre Balaban y ella. <\/strong>Y tambi\u00e9n somos testigos de la amistad que el h\u00e9roe va a entablar con el peque\u00f1o, que (atenci\u00f3n SPOILER) tendr\u00e1 un final tr\u00e1gico en el desenlace del primer episodio, provocando una conexi\u00f3n inmediata entre los habitantes del pueblo y &#8216;El Turco&#8217;, que se acabar\u00e1 convirtiendo en su protector. <\/p>\n<p>               Gloria, un personaje clave en la salvaci\u00f3n de &#8216;El Turco&#8217;. (Movistar Plus )             <\/p>\n<p> La defensa de Moena tambi\u00e9n se ir\u00e1 complicando cuando aparezca en escena un antiguo enemigo del protagonista, <strong>Marco<\/strong>, un caballero con intenciones bastante p\u00e9rfidas que parece uno de aquellos villanos que se retorc\u00edan el bigote en las viejas pel\u00edculas mudas. <\/p>\n<p>            Un relato con muchas reminiscencias           <\/p>\n<p> Desde los inicios del cine, cuando<strong> Douglas Fairbanks<\/strong> encarnaba a <strong>h\u00e9roes y saltimbanquis <\/strong>a diestro y siniestro, la aventura de &#8216;capa y espada&#8217; o el g\u00e9nero de aventuras gozaron de gran \u00e9xito entre el p\u00fablico y algo menos entre la cr\u00edtica, que las consideraba productos escapistas sin m\u00e1s. <\/p>\n<p> Lo bueno de &#8216;El Turco&#8217;, una producci\u00f3n que <strong>quiz\u00e1 sea heredera de aquellas historias donde los arquetipos estaban claros<\/strong>, los buenos eran los buenos y los malos eran los malos sin dobles lecturas, es que propone una mezcla bastante ins\u00f3lita. <\/p>\n<p>               Can Yaman, a punto de perder la cabeza en el primer episodio. (Movistar Plus)             <\/p>\n<p> Las secuencias de alto voltaje del protagonista con <strong>Greta Ferro<\/strong>, la atractiva actriz que da vida a Gloria, as\u00ed como las luchas de poder entre hermanos, mezclan la aventura can\u00f3nica con la telenovela shakesperiana,<strong> g\u00e9nero televisivo en el que Yaman ha triunfado por excelencia.<\/strong> De hecho, su legi\u00f3n de fans ha crecido al abrigo del \u00e9xito de las telenovelas turcas en nuestro pa\u00eds, que impulsaron directivos como <strong>Sergio Calder\u00f3n<\/strong>, hoy director de Televisi\u00f3n Espa\u00f1ola, cuando estaba al tim\u00f3n de Divinity. <\/p>\n<p>               Cartel promocional de &#8216;El Turco&#8217;. (Movistar Plus)             <\/p>\n<p> A\u00f1os despu\u00e9s de esos \u00e9xitos, que lo convirtieron en todo un fen\u00f3meno de masas en Espa\u00f1a, el actor tiene la suficiente entidad como para ser<strong> el h\u00e9roe de la primera serie turca rodada \u00edntegramente en ingl\u00e9s. <\/strong> <\/p>\n<p> Visto el primer cap\u00edtulo, hay que decir que la mezcla de g\u00e9neros a veces <strong>peca de lo que pecan los mencionados culebrones turcos.<\/strong> <\/p>\n<p> Como si del aria de una \u00f3pera se tratase, las escenas dram\u00e1ticas est\u00e1n acompa\u00f1adas por<strong> insistentes orquestas musicales de fondo, interpretaciones hiperb\u00f3licas y un estilo &#8216;bigger than life&#8217; que solo es tolerable si se deja el cinismo a un lado<\/strong> y uno se mete totalmente en un producto as\u00ed. <\/p>\n<p> Lo bueno es que los y las fans de Can Yaman vendr\u00e1n buscando justamente eso cuando se acerquen a este &#8216;Turco&#8217; repleto de <strong>secuencias de acci\u00f3n, intrigas y qu\u00edmica amorosa<\/strong>. Un c\u00f3ctel explosivo que llega este mismo jueves a Movistar Plus+ y que fue presentado en Madrid, este mi\u00e9rcoles por la noche, por el propio actor en una premi\u00e8re donde no falt\u00f3 detalle. <\/p>\n<p> Ver a <a href=\"https:\/\/www.vanitatis.elconfidencial.com\/celebrities\/2026-01-11\/can-yaman-libertad-detenido-operacion-antidroga_4281832\/\" target=\"_self\" rel=\"nofollow noopener\">Can Yaman<\/a> a punto de ser decapitado es un buen arranque para cualquier serie. Y no lo decimos ir\u00f3nicamente ni por las informaciones que situaban al actor, esta misma semana, detenido por una operaci\u00f3n antidroga. Una informaci\u00f3n que \u00e9l mismo ha tenido que aclarar (\u00abSi hubiera sido m\u00ednimamente cierto, no me habr\u00edan liberado en tan poco tiempo\u201d, ha llegado a decir). <\/p>\n","protected":false},"excerpt":{"rendered":"Ver a Can Yaman a punto de ser decapitado es un buen arranque para cualquier serie. Y no&hellip;\n","protected":false},"author":2,"featured_media":341763,"comment_status":"","ping_status":"","sticky":false,"template":"","format":"standard","meta":{"footnotes":""},"categories":[171],"tags":[146,147,25,24,23,214],"class_list":{"0":"post-341762","1":"post","2":"type-post","3":"status-publish","4":"format-standard","5":"has-post-thumbnail","7":"category-tv","8":"tag-entertainment","9":"tag-entretenimiento","10":"tag-es","11":"tag-espana","12":"tag-spain","13":"tag-tv"},"share_on_mastodon":{"url":"https:\/\/pubeurope.com\/@es\/115898123781798257","error":""},"_links":{"self":[{"href":"https:\/\/www.europesays.com\/es\/wp-json\/wp\/v2\/posts\/341762","targetHints":{"allow":["GET"]}}],"collection":[{"href":"https:\/\/www.europesays.com\/es\/wp-json\/wp\/v2\/posts"}],"about":[{"href":"https:\/\/www.europesays.com\/es\/wp-json\/wp\/v2\/types\/post"}],"author":[{"embeddable":true,"href":"https:\/\/www.europesays.com\/es\/wp-json\/wp\/v2\/users\/2"}],"replies":[{"embeddable":true,"href":"https:\/\/www.europesays.com\/es\/wp-json\/wp\/v2\/comments?post=341762"}],"version-history":[{"count":0,"href":"https:\/\/www.europesays.com\/es\/wp-json\/wp\/v2\/posts\/341762\/revisions"}],"wp:featuredmedia":[{"embeddable":true,"href":"https:\/\/www.europesays.com\/es\/wp-json\/wp\/v2\/media\/341763"}],"wp:attachment":[{"href":"https:\/\/www.europesays.com\/es\/wp-json\/wp\/v2\/media?parent=341762"}],"wp:term":[{"taxonomy":"category","embeddable":true,"href":"https:\/\/www.europesays.com\/es\/wp-json\/wp\/v2\/categories?post=341762"},{"taxonomy":"post_tag","embeddable":true,"href":"https:\/\/www.europesays.com\/es\/wp-json\/wp\/v2\/tags?post=341762"}],"curies":[{"name":"wp","href":"https:\/\/api.w.org\/{rel}","templated":true}]}}