{"id":341766,"date":"2026-01-15T08:17:16","date_gmt":"2026-01-15T08:17:16","guid":{"rendered":"https:\/\/www.europesays.com\/es\/341766\/"},"modified":"2026-01-15T08:17:16","modified_gmt":"2026-01-15T08:17:16","slug":"las-cinco-peliculas-que-deberias-ver-para-aprender-sobre-salud-mental-segun-un-psiquiatra","status":"publish","type":"post","link":"https:\/\/www.europesays.com\/es\/341766\/","title":{"rendered":"Las cinco pel\u00edculas que deber\u00edas ver para aprender sobre salud mental, seg\u00fan un psiquiatra"},"content":{"rendered":"<p><img alt=\"El psiquiatra Alejandro Mart\u00ednez recomienda\" class=\"global-image\" decoding=\"async\" fetchpriority=\"high\" height=\"1080\" loading=\"eager\" src=\"https:\/\/www.europesays.com\/es\/wp-content\/uploads\/2026\/01\/M2F4PN4WMVCG7CXZIZL5FBNXIY.jpg\" width=\"1920\"\/>El psiquiatra Alejandro Mart\u00ednez recomienda 5 pel\u00edculas. (Canva)<\/p>\n<p class=\"paragraph\">Pocas recomendaciones despiertan tanta curiosidad como las que provienen de <b>un especialista en salud mental<\/b>. El psiquiatra<a rel=\"noopener noreferrer nofollow\" href=\"https:\/\/www.infobae.com\/espana\/2025\/07\/03\/el-truco-viral-para-relajarse-y-dormirse-rapido-hasta-en-plena-ola-de-calor-segun-un-psiquiatra-no-seras-capaz-de-hacerlo-dos-veces-porque-funciona\/\" target=\"_self\" title=\"https:\/\/www.infobae.com\/espana\/2025\/07\/03\/el-truco-viral-para-relajarse-y-dormirse-rapido-hasta-en-plena-ola-de-calor-segun-un-psiquiatra-no-seras-capaz-de-hacerlo-dos-veces-porque-funciona\/\"> Alejandro Mart\u00ednez<\/a> ha compartido su listado de cinco pel\u00edculas imprescindibles para quienes buscan aprender y reflexionar sobre emociones, relaciones y bienestar psicol\u00f3gico.<\/p>\n<p class=\"paragraph\">El cine tiene la capacidad de mostrar realidades complejas y ayudar a comprender situaciones que muchas veces resultan <b>dif\u00edciles de explicar con palabras<\/b>. Algunas pel\u00edculas logran retratar, con gran sensibilidad, los desaf\u00edos que enfrentan las personas en el d\u00eda a d\u00eda, permitiendo al espectador identificarse, cuestionarse y crecer emocionalmente.<\/p>\n<p class=\"paragraph\">Para Mart\u00ednez, estas cinco producciones no solo cuentan con excelentes cr\u00edticas, sino que tambi\u00e9n ofrecen herramientas valiosas para <b>el autoconocimiento y la empat\u00eda<\/b>. Cada una ense\u00f1a algo distinto sobre la mente y las emociones, y puede ayudar a prevenir disgustos o facilitar<a rel=\"noopener noreferrer nofollow\" href=\"https:\/\/www.infobae.com\/espana\/2025\/06\/25\/la-reflexion-de-un-experto-en-salud-mental-sobre-pasar-tiempo-con-uno-mismo-si-no-aprendes-a-disfrutar-de-un-cafe-a-solas-vas-a-tener-una-vida-muy-dura\/\" target=\"_self\" title=\"https:\/\/www.infobae.com\/espana\/2025\/06\/25\/la-reflexion-de-un-experto-en-salud-mental-sobre-pasar-tiempo-con-uno-mismo-si-no-aprendes-a-disfrutar-de-un-cafe-a-solas-vas-a-tener-una-vida-muy-dura\/\"> el entendimiento propio<\/a> y ajeno.<\/p>\n<p><img alt=\"El elenco de 'Casa en\" class=\"global-image\" decoding=\"async\" fetchpriority=\"low\" height=\"1200\" loading=\"lazy\" src=\"https:\/\/www.europesays.com\/es\/wp-content\/uploads\/2026\/01\/2CLKLYWSBRHXHE2PAMSDY43U4E.jpg\" width=\"1799\"\/>El elenco de &#8216;Casa en llamas&#8217; (Infobae Espa\u00f1a) <\/p>\n<p class=\"paragraph\">La pel\u00edcula<a rel=\"noopener noreferrer nofollow\" href=\"https:\/\/www.infobae.com\/espana\/2024\/06\/28\/dani-de-la-orden-estrena-casa-en-llamas-pelicula-sobre-una-familia-que-se-quieren-mal-la-comedia-funciona-mejor-desde-el-drama\/\" target=\"_self\" title=\"https:\/\/www.infobae.com\/espana\/2024\/06\/28\/dani-de-la-orden-estrena-casa-en-llamas-pelicula-sobre-una-familia-que-se-quieren-mal-la-comedia-funciona-mejor-desde-el-drama\/\"> Casa en llamas<\/a> (Casa en Flames) ocupa el quinto puesto del listado. El psiquiatra destaca el \u201cjuego\u201d que plantea la historia, capaz de dejar al espectador \u201ccompletamente fr\u00edo\u201d. La trama propone situaciones que invitan a repensar las propias reacciones ante el dolor y la p\u00e9rdida, mostrando c\u00f3mo los personajes<b> enfrentan momentos de crisis.<\/b> Alejandro Mart\u00ednez subraya la puntuaci\u00f3n que ha recibido la pel\u00edcula en la cr\u00edtica. El guion utiliza recursos inesperados para provocar reflexi\u00f3n y un giro en la perspectiva de quienes la ven. Por su profundidad y capacidad de remover emociones, Casa en llamas se convierte en una opci\u00f3n recomendada para quienes desean explorar el lado m\u00e1s fr\u00e1gil delos v\u00ednculos familiares.<\/p>\n<p class=\"paragraph\">En cuarto lugar figura El peor vecino del mundo, una historia centrada en la empat\u00eda y la importancia de no juzgar a los dem\u00e1s. Mart\u00ednez elige esta pel\u00edcula para recordar que nadie conoce el peso que otros llevan en sus espaldas, y que cada persona tiene su propia batalla. Seg\u00fan sus palabras, \u201cte va a ense\u00f1ar que<b> jam\u00e1s debes juzgar a nadie<\/b> porque no tienes ni idea de la mochila que carga\u201d. La pel\u00edcula se enfoca en la vida de un hombre aparentemente antip\u00e1tico, revelando poco a poco el trasfondo de sus acciones y sentimientos. La cr\u00edtica ha elogiado su capacidad para conectar con el p\u00fablico y abrir debates sobre comprensi\u00f3n y tolerancia en la vida cotidiana.<\/p>\n<p class=\"paragraph\">El tercer puesto lo ocupa Bajo terapia, una obra que examina las relaciones de pareja y los retos emocionales que surgen en la convivencia. La pel\u00edcula ofrece consejos \u00fatiles y aborda realidades dolorosas a trav\u00e9s de situaciones cotidianas y di\u00e1logos sinceros. El final, seg\u00fan el psiquiatra, muestra una realidad triste que todos deber\u00edan aprender a reconocer, lo que la convierte en un espejo social. Bajo terapia est\u00e1 pensada para quienes desean <b>identificar se\u00f1ales de alerta <\/b>en su entorno afectivo y prevenir conflictos a trav\u00e9s del entendimiento mutuo.<\/p>\n<p><img alt=\"El padre. Anthony Hopkins. Olivia\" class=\"global-image\" decoding=\"async\" fetchpriority=\"low\" height=\"768\" loading=\"lazy\" src=\"https:\/\/www.europesays.com\/es\/wp-content\/uploads\/2026\/01\/E3HZO6CXIRDFHCP4P5WFPAVA4U.jpg\" width=\"1366\"\/>El padre. Anthony Hopkins. Olivia Colman (Netflix)<\/p>\n<p class=\"paragraph\">Entre las recomendaciones aparece El padre (The Father), protagonizada por Anthony Hopkins y Olivia Colman, una pel\u00edcula galardonada con dos premios Oscar. La historia relata c\u00f3mo es vivir con la p\u00e9rdida progresiva de la memoria, abordando la confusi\u00f3n y el desconcierto desde la perspectiva del propio protagonista. Mart\u00ednez sugiere: \u201c\u00bfTe imaginas despertarte un d\u00eda y no ser capaz de reconocerte ni en el espejo? Pues de esto habla esta maravilla de pel\u00edcula\u201d. La trama permite al espectador empatizar con quienes sufren<b> enfermedades neurodegenerativas<\/b>, mostrando el impacto emocional en la persona y en su entorno.<\/p>\n<p class=\"paragraph\">La lista se cierra con Del rev\u00e9s 2, una pel\u00edcula que, seg\u00fan el psiquiatra, es \u201cobligatoria\u201d para quienes han experimentado ansiedad. Su guion est\u00e1 construido<b> con la colaboraci\u00f3n de expertos<\/b> y logra representar, de manera visual y sencilla, los procesos internos que acompa\u00f1an la aparici\u00f3n de esta emoci\u00f3n.<\/p>\n<p><img alt=\"Alegr\u00eda y Ansiedad en un\" class=\"global-image\" decoding=\"async\" fetchpriority=\"low\" height=\"1676\" loading=\"lazy\" src=\"https:\/\/www.europesays.com\/es\/wp-content\/uploads\/2026\/01\/HNCTN3OKUNDDLE7WGWEPIZWRHA.jpg\" width=\"3417\"\/>Alegr\u00eda y Ansiedad en un fotograma de &#8216;Del rev\u00e9s 2&#8217;. (Disney\/Pixar)<\/p>\n<p class=\"paragraph\">Mart\u00ednez afirma: \u201cEs como si hubiesen cogido a los mejores psic\u00f3logos del mundo para escribir el guion de esta pel\u00edcula\u201d. La animaci\u00f3n permite que tanto adultos como ni\u00f1os comprendan mejor las emociones y reconozcan<b> la importancia de pedir ayuda <\/b>cuando lo necesitan. <a rel=\"noopener noreferrer nofollow\" href=\"https:\/\/www.infobae.com\/espana\/2023\/11\/09\/primer-vistazo-a-del-reves-2-la-esperada-secuela-de-pixar-con-nuevas-emociones\/\" target=\"_self\" title=\"https:\/\/www.infobae.com\/espana\/2023\/11\/09\/primer-vistazo-a-del-reves-2-la-esperada-secuela-de-pixar-con-nuevas-emociones\/\">Del rev\u00e9s 2<\/a> se posiciona como una herramienta educativa que contribuye a normalizar las conversaciones sobre salud mental, abriendo puertas al di\u00e1logo y la comprensi\u00f3n desde edades tempranas.<\/p>\n","protected":false},"excerpt":{"rendered":"El psiquiatra Alejandro Mart\u00ednez recomienda 5 pel\u00edculas. (Canva) Pocas recomendaciones despiertan tanta curiosidad como las que provienen de&hellip;\n","protected":false},"author":2,"featured_media":341767,"comment_status":"","ping_status":"","sticky":false,"template":"","format":"standard","meta":{"footnotes":""},"categories":[169],"tags":[77785,46006,37081,177,1060,146,147,25,24,176,77786,3495,77787,175,4932,64094,23],"class_list":{"0":"post-341766","1":"post","2":"type-post","3":"status-publish","4":"format-standard","5":"has-post-thumbnail","7":"category-cine","8":"tag-amy-poehler","9":"tag-animation","10":"tag-anxiety","11":"tag-cine","12":"tag-disney","13":"tag-entertainment","14":"tag-entretenimiento","15":"tag-es","16":"tag-espana","17":"tag-film","18":"tag-inside-out-2","19":"tag-joy","20":"tag-maya-hawke","21":"tag-movies","22":"tag-pixar","23":"tag-pixar-animation-studios","24":"tag-spain"},"share_on_mastodon":{"url":"https:\/\/pubeurope.com\/@es\/115898132748847614","error":""},"_links":{"self":[{"href":"https:\/\/www.europesays.com\/es\/wp-json\/wp\/v2\/posts\/341766","targetHints":{"allow":["GET"]}}],"collection":[{"href":"https:\/\/www.europesays.com\/es\/wp-json\/wp\/v2\/posts"}],"about":[{"href":"https:\/\/www.europesays.com\/es\/wp-json\/wp\/v2\/types\/post"}],"author":[{"embeddable":true,"href":"https:\/\/www.europesays.com\/es\/wp-json\/wp\/v2\/users\/2"}],"replies":[{"embeddable":true,"href":"https:\/\/www.europesays.com\/es\/wp-json\/wp\/v2\/comments?post=341766"}],"version-history":[{"count":0,"href":"https:\/\/www.europesays.com\/es\/wp-json\/wp\/v2\/posts\/341766\/revisions"}],"wp:featuredmedia":[{"embeddable":true,"href":"https:\/\/www.europesays.com\/es\/wp-json\/wp\/v2\/media\/341767"}],"wp:attachment":[{"href":"https:\/\/www.europesays.com\/es\/wp-json\/wp\/v2\/media?parent=341766"}],"wp:term":[{"taxonomy":"category","embeddable":true,"href":"https:\/\/www.europesays.com\/es\/wp-json\/wp\/v2\/categories?post=341766"},{"taxonomy":"post_tag","embeddable":true,"href":"https:\/\/www.europesays.com\/es\/wp-json\/wp\/v2\/tags?post=341766"}],"curies":[{"name":"wp","href":"https:\/\/api.w.org\/{rel}","templated":true}]}}