{"id":341778,"date":"2026-01-15T08:23:08","date_gmt":"2026-01-15T08:23:08","guid":{"rendered":"https:\/\/www.europesays.com\/es\/341778\/"},"modified":"2026-01-15T08:23:08","modified_gmt":"2026-01-15T08:23:08","slug":"iran-habla-de-juicios-rapidos-y-ejecuciones-mientras-promete-respuesta-decisiva-a-eeuu-e-israel","status":"publish","type":"post","link":"https:\/\/www.europesays.com\/es\/341778\/","title":{"rendered":"Ir\u00e1n habla de juicios r\u00e1pidos y ejecuciones mientras promete \u201crespuesta decisiva\u201d a EEUU e Israel"},"content":{"rendered":"\n<p>DUB\u00c1I, Emiratos \u00c1rabes Unidos\u00a0\u2014\u00a0DUB\u00c1I, Emiratos \u00c1rabes Unidos (AP) \u2014 Las autoridades iran\u00edes indicaron el mi\u00e9rcoles que se avecinan juicios r\u00e1pidos y ejecuciones para los sospechosos detenidos en las protestas a nivel nacional, mientras que la Rep\u00fablica Isl\u00e1mica prometi\u00f3 represalias si Estados Unidos o Israel intervienen en los disturbios internos.<\/p>\n<p>Las amenazas se efectuaron al tiempo que se aconsejaba a parte del personal de una crucial base militar estadounidense en Qatar que evacuara. Por su parte, el presidente estadounidense Donald Trump hizo una serie de declaraciones vagas que no dejaban claro qu\u00e9 acci\u00f3n estadounidense, si la hubiera, se llevar\u00eda a cabo contra el pa\u00eds asi\u00e1tico.<\/p>\n<p>Ir\u00e1n cerr\u00f3 su espacio a\u00e9reo a vuelos comerciales el jueves por la ma\u00f1ana durante varias horas, sin dar una explicaci\u00f3n. El aviso a los pilotos dec\u00eda que se estimaba que el cierre terminar\u00eda a las 7:30 de la ma\u00f1ana. El sitio web de seguimiento de vuelos FlightRadar24 .com mostr\u00f3 aviones volando alrededor de Ir\u00e1n.<\/p>\n<p>            <img class=\"image\" alt=\"ARCHIVO - En esta imagen publicada por el sitio web oficial\"   width=\"1200\" height=\"786\" src=\"https:\/\/www.europesays.com\/es\/wp-content\/uploads\/2026\/01\/1768465388_380_.jpeg\" decoding=\"async\" loading=\"lazy\"\/>         <\/p>\n<p>ARCHIVO &#8211; En esta imagen publicada por el sitio web oficial del l\u00edder supremo de Ir\u00e1n, el ayatol\u00e1 Al\u00ed Jamenei, Jamenei habla en una ceremonia por el feriado chi\u00ed de Eid al-Ghadir, en Teher\u00e1n, Ir\u00e1n, el martes 25 de junio de 2024. <\/p>\n<p>(Oficina del L\u00edder Supremo Iran\u00ed via AP, Archivo)<\/p>\n<p>En comentarios a los periodistas, Trump indic\u00f3 que le hab\u00edan informado que los planes para ejecuciones en Ir\u00e1n se hab\u00edan detenido, sin proporcionar muchos detalles. El cambio ocurre un d\u00eda despu\u00e9s de que Trump dijera a los manifestantes en la Rep\u00fablica Isl\u00e1mica que \u201cla ayuda est\u00e1 en camino\u201d y que su gobierno \u201cactuar\u00eda en consecuencia\u201d para responder a la represi\u00f3n mortal en el pa\u00eds.<\/p>\n<p>\u201cNos han dicho que las matanzas en Ir\u00e1n est\u00e1n cesando, se han detenido, se est\u00e1n deteniendo\u201d, declar\u00f3 Trump en la Casa Blanca durante la firma de \u00f3rdenes ejecutivas y leyes. \u201cY no hay ning\u00fan plan de ejecuciones, ni una ejecuci\u00f3n, ni ejecuciones&#8230; as\u00ed me lo han dicho de buena fuente\u201d.<\/p>\n<p>El ministro de Relaciones Exteriores iran\u00ed, Abbas Araghchi, tambi\u00e9n procur\u00f3 moderar la ret\u00f3rica, instando a Estados Unidos a encontrar una soluci\u00f3n a trav\u00e9s de la negociaci\u00f3n.<\/p>\n<p>Al preguntarle Fox News qu\u00e9 le dir\u00eda a Trump, Araghchi respondi\u00f3: \u201cMi mensaje es: entre la guerra y la diplomacia, la diplomacia es un mejor camino, aunque no tenemos ninguna experiencia positiva de Estados Unidos. Pero a\u00fan as\u00ed, la diplomacia es mucho mejor que la guerra\u201d.<\/p>\n<p>El cambio de tono por parte de Washington y Teher\u00e1n ocurri\u00f3 horas despu\u00e9s de que el jefe del poder judicial iran\u00ed dijera que el gobierno debe actuar r\u00e1pidamente para castigar a los miles de detenidos.<\/p>\n<p>Activistas advirtieron que las ejecuciones de los detenidos podr\u00edan ser inminentes. La represi\u00f3n a las manifestaciones por parte de las fuerzas de seguridad ya ha dejado al menos 2.615 muertos, inform\u00f3 la Agencia de Noticias de Activistas de Derechos Humanos, con sede en Estados Unidos. Esa cifra supera con creces el n\u00famero de fallecimientos de cualquier otra serie de protestas o disturbios en Ir\u00e1n en d\u00e9cadas, y recuerda al caos en el pa\u00eds durante la Revoluci\u00f3n Isl\u00e1mica de 1979.<\/p>\n<p>El desplome de la moneda desat\u00f3 manifestaciones<\/p>\n<p>Las manifestaciones comenzaron el 28 de diciembre por el desplome del rial \u2014la moneda iran\u00ed\u2014 en medio de las sanciones internacionales que afectan al pa\u00eds, impuestas en parte por su programa nuclear. Trump ha advertido repetidamente sobre la posible acci\u00f3n militar de Estados Unidos por el asesinato de manifestantes pac\u00edficos, apenas unos meses despu\u00e9s de que las fuerzas estadounidenses bombardearan sitios nucleares iran\u00edes durante una guerra de 12 d\u00edas lanzada por Israel contra la Rep\u00fablica Isl\u00e1mica en junio.<\/p>\n<p>En otros sucesos, el mi\u00e9rcoles se llev\u00f3 a cabo un funeral masivo para unos 100 miembros de las fuerzas de seguridad muertos en las manifestaciones. Decenas de miles de dolientes asistieron portando banderas iran\u00edes y fotos del ayatol\u00e1 Al\u00ed Jamenei. Los ata\u00fades, cubiertos con banderas iran\u00edes, estaban apilados al menos de tres en tres. Los cubr\u00edan rosas rojas y blancas, y fotograf\u00edas enmarcadas de los fallecidos.<\/p>\n<p>En otros lugares, la gente segu\u00eda temerosa en las calles. Elementos de seguridad en ropa de civil todav\u00eda vigilaban algunos vecindarios, aunque la polic\u00eda antidisturbios y los miembros de la fuerza paramilitar Basij \u2014formada por voluntarios de la Guardia Revolucionaria\u2014 parec\u00edan haber sido enviados de regreso a sus cuarteles.<\/p>\n<p>\u201cEstamos muy asustados por estos sonidos (de disparos) y protestas\u201d, dijo una madre de dos hijos que compraba frutas y verduras, la cual habl\u00f3 a condici\u00f3n de guardar el anonimato por temor a sufrir represalias. \u201cHemos o\u00eddo que muchos han muerto y muchos est\u00e1n heridos. Ahora se ha restablecido la paz, pero las escuelas est\u00e1n cerradas y tengo miedo de enviar a mis hijos a la escuela de nuevo\u201d.<\/p>\n<p>Ahmadreza Tavakoli, de 36 a\u00f1os, dijo a The Associated Press que fue testigo de una manifestaci\u00f3n en Teher\u00e1n y le sorprendi\u00f3 que las autoridades emplearan armas de fuego.<\/p>\n<p>\u201cLa gente sali\u00f3 a expresarse y protestar, pero r\u00e1pidamente se convirti\u00f3 en una zona de guerra\u201d, narr\u00f3 Tavakoli. \u201cLa gente no tiene armas de fuego. S\u00f3lo las fuerzas de seguridad tienen armas\u201d.<\/p>\n<p>\u201cTenemos que hacerlo r\u00e1pido\u201d<\/p>\n<p>M\u00e1s temprano, Gholamhossein Mohseni-Ejei, jefe del poder judicial de Ir\u00e1n, dijo que el gobierno deber\u00eda seguir adelante con juicios y ejecuciones r\u00e1pidas.<\/p>\n<p>\u201cSi queremos hacer un trabajo, debemos hacerlo ahora. Si queremos hacer algo, tenemos que hacerlo r\u00e1pido\u201d, afirm\u00f3 en un video compartido en l\u00ednea por la televisi\u00f3n estatal iran\u00ed. \u201cSi se demora dos meses, tres meses despu\u00e9s, no tiene el mismo efecto. Si queremos hacer algo, tenemos que hacerlo r\u00e1pido\u201d.<\/p>\n<p>Sus comentarios suponen un desaf\u00edo directo a Trump, quien advirti\u00f3 a Ir\u00e1n sobre las ejecuciones en una entrevista con CBS emitida el martes.<\/p>\n<p>\u201cSi hacen una cosa as\u00ed, tomaremos medidas muy fuertes\u201d, advirti\u00f3 Trump.<\/p>\n<p>\u201cNo queremos que ocurra lo que est\u00e1 pasando en Ir\u00e1n. Y, \u00bfsaben?, si quieren protestar, eso es una cosa. Cuando empiezan a matar a miles de personas, y ahora me hablas de ahorcarlas, ya veremos qu\u00e9 tal les funciona eso. No les va a ir bien\u201d, a\u00f1adi\u00f3.<\/p>\n<p>Un diplom\u00e1tico del golfo P\u00e9rsico dijo a la AP que los principales gobiernos de Oriente Medio hab\u00edan estado intentando disuadir al gobierno de Trump de emprender una guerra ahora con Ir\u00e1n, temiendo \u201cconsecuencias sin precedentes\u201d para la regi\u00f3n, que a su vez podr\u00edan derivar en una \u201cguerra total\u201d. El diplom\u00e1tico habl\u00f3 a condici\u00f3n de guardar el anonimato porque no est\u00e1 autorizado a hablar con periodistas.<\/p>\n<p>Oferta de servicio de internet satelital<\/p>\n<p>El gobierno de Ir\u00e1n cort\u00f3 el acceso a internet y las llamadas telef\u00f3nicas internacionales el 8 de enero.<\/p>\n<p>Activistas indicaron el mi\u00e9rcoles que Starlink ofrec\u00eda servicio gratuito en Ir\u00e1n. El servicio de internet satelital ha sido clave para sortear un apag\u00f3n de la red mundial impuesto por la teocracia. Ir\u00e1n comenz\u00f3 a permitir el martes las llamadas al extranjero a trav\u00e9s de celulares, pero las llamadas de personas fuera del pa\u00eds hacia Ir\u00e1n siguen bloqueadas.<\/p>\n<p>\u201cPodemos confirmar que la suscripci\u00f3n gratuita para las terminales de Starlink es completamente funcional\u201d, se\u00f1al\u00f3 Mehdi Yahyanejad, un activista radicado en Los \u00c1ngeles que ha ayudado a llevar las unidades a Ir\u00e1n. \u201cLo probamos usando una terminal de Starlink reci\u00e9n activada dentro de Ir\u00e1n\u201d.<\/p>\n<p>Starlink no reconoci\u00f3 de momento la decisi\u00f3n.<\/p>\n<p>Personal de los servicios de seguridad aparentemente buscaba antenas de Starlink, ya que personas en el norte de Teher\u00e1n informaron que las autoridades allanaban edificios de apartamentos que tienen antenas satelitales. Aunque las antenas de televisi\u00f3n satelital son ilegales, muchas personas en la capital las tienen en sus hogares, y en los \u00faltimos a\u00f1os las autoridades hab\u00edan dejado de aplicar la ley en ese sentido.<\/p>\n<p>El n\u00famero de muertos sigue aumentando<\/p>\n<p>La Agencia de Noticias de Activistas de Derechos Humanos se\u00f1al\u00f3 que 2.615 de los muertos eran manifestantes y 153 estaban afiliados al gobierno. Trece ni\u00f1os murieron, junto con 14 civiles que, seg\u00fan la agencia, no participaban en las protestas.<\/p>\n<p>M\u00e1s de 18.400 personas han sido detenidas, se\u00f1al\u00f3 el grupo.<\/p>\n<p>Evaluar las manifestaciones desde el extranjero se ha vuelto m\u00e1s dif\u00edcil, y la AP no ha podido evaluar de manera independiente el n\u00famero de v\u00edctimas debido a las interrupciones en las comunicaciones en el pa\u00eds.<\/p>\n<p>___<\/p>\n<p>Amiri inform\u00f3 desde Nueva York. Los periodistas de The Associated Press Melanie Lidman en Jerusal\u00e9n y Samy Magdy en El Cairo contribuyeron a este despacho.<\/p>\n<p>___<\/p>\n<p>Esta historia fue traducida del ingl\u00e9s por un editor de AP con la ayuda de una herramienta de inteligencia artificial generativa.<\/p>\n","protected":false},"excerpt":{"rendered":"DUB\u00c1I, Emiratos \u00c1rabes Unidos\u00a0\u2014\u00a0DUB\u00c1I, Emiratos \u00c1rabes Unidos (AP) \u2014 Las autoridades iran\u00edes indicaron el mi\u00e9rcoles que se avecinan&hellip;\n","protected":false},"author":2,"featured_media":341779,"comment_status":"","ping_status":"","sticky":false,"template":"","format":"standard","meta":{"footnotes":""},"categories":[42],"tags":[5806,17,18,39814,629,13,14,8720,582,69,11,61,62,63,64,3137,77790,19,20,5087,9,10,15,16,698,863,3638,585,59244,12,936,21,22,65,66,67],"class_list":{"0":"post-341778","1":"post","2":"type-post","3":"status-publish","4":"format-standard","5":"has-post-thumbnail","7":"category-internacional","8":"tag-autoridad","9":"tag-breaking-news","10":"tag-breakingnews","11":"tag-ejecucion","12":"tag-estados-unidos","13":"tag-featured-news","14":"tag-featurednews","15":"tag-fuerza","16":"tag-gobierno","17":"tag-guerra","18":"tag-headlines","19":"tag-internacional","20":"tag-international","21":"tag-international-news","22":"tag-internationalnews","23":"tag-iran","24":"tag-irani","25":"tag-latest-news","26":"tag-latestnews","27":"tag-manifestacion","28":"tag-news","29":"tag-noticias","30":"tag-noticias-destacadas","31":"tag-noticiasdestacadas","32":"tag-pais","33":"tag-parte","34":"tag-persona","35":"tag-seguridad","36":"tag-starlink","37":"tag-titulares","38":"tag-trump","39":"tag-ultimas-noticias","40":"tag-ultimasnoticias","41":"tag-world","42":"tag-world-news","43":"tag-worldnews"},"share_on_mastodon":{"url":"","error":"Validation failed: Text character limit of 500 exceeded"},"_links":{"self":[{"href":"https:\/\/www.europesays.com\/es\/wp-json\/wp\/v2\/posts\/341778","targetHints":{"allow":["GET"]}}],"collection":[{"href":"https:\/\/www.europesays.com\/es\/wp-json\/wp\/v2\/posts"}],"about":[{"href":"https:\/\/www.europesays.com\/es\/wp-json\/wp\/v2\/types\/post"}],"author":[{"embeddable":true,"href":"https:\/\/www.europesays.com\/es\/wp-json\/wp\/v2\/users\/2"}],"replies":[{"embeddable":true,"href":"https:\/\/www.europesays.com\/es\/wp-json\/wp\/v2\/comments?post=341778"}],"version-history":[{"count":0,"href":"https:\/\/www.europesays.com\/es\/wp-json\/wp\/v2\/posts\/341778\/revisions"}],"wp:featuredmedia":[{"embeddable":true,"href":"https:\/\/www.europesays.com\/es\/wp-json\/wp\/v2\/media\/341779"}],"wp:attachment":[{"href":"https:\/\/www.europesays.com\/es\/wp-json\/wp\/v2\/media?parent=341778"}],"wp:term":[{"taxonomy":"category","embeddable":true,"href":"https:\/\/www.europesays.com\/es\/wp-json\/wp\/v2\/categories?post=341778"},{"taxonomy":"post_tag","embeddable":true,"href":"https:\/\/www.europesays.com\/es\/wp-json\/wp\/v2\/tags?post=341778"}],"curies":[{"name":"wp","href":"https:\/\/api.w.org\/{rel}","templated":true}]}}