{"id":341782,"date":"2026-01-15T08:27:32","date_gmt":"2026-01-15T08:27:32","guid":{"rendered":"https:\/\/www.europesays.com\/es\/341782\/"},"modified":"2026-01-15T08:27:32","modified_gmt":"2026-01-15T08:27:32","slug":"presentacion-literaria-pleitos-criminales-en-adeje-1648-1869-de-nelson-diaz-frias-agenda","status":"publish","type":"post","link":"https:\/\/www.europesays.com\/es\/341782\/","title":{"rendered":"Presentaci\u00f3n literaria \u201cPleitos criminales en Adeje (1648-1869)\u201d de Nelson D\u00edaz Fr\u00edas | Agenda"},"content":{"rendered":"<p>                                        La vida en el se\u00f1or\u00edo jurisdiccional de Adeje a trav\u00e9s de las causas penales contra sus vecinos.<\/p>\n<p><strong>Intervienen:<\/strong><\/p>\n<ul>\n<li>Nelson D\u00edaz Fr\u00edas (autor).<\/li>\n<li>Evaristo Gonz\u00e1lez Gonz\u00e1lez (Magistrado especialista de la Sala de lo Contencioso-Administrativo del Tribunal Superior de Justicia de Canarias).<\/li>\n<li>Jos\u00e9 Miguel Rodr\u00edguez Fraga (Alcalde del Ayto. de Adeje).<\/li>\n<\/ul>\n<p><strong>Sinopsis:<\/strong><\/p>\n<p>En\u00a0Pleitos criminales en Adeje (1648-1869)\u00a0(Tomos I y II) el prol\u00edfico y\u00a0reconocido autor Nelson D\u00edaz Fr\u00edas compila una variada e in\u00e9dita\u00a0documentaci\u00f3n de car\u00e1cter judicial acerca de los litigios criminales\u00a0que afectaron y enfrentaron a los vecinos de la villa de Adeje en siglos\u00a0pasados y que constituye un medio \u00fanico para conocer la forma de\u00a0vida y de pensar de los habitantes del sur de Tenerife a trav\u00e9s de los\u00a0conflictos en los que se vieron inmersos, predominando las causas\u00a0penales por delitos contra el patrimonio (robos, hurtos y da\u00f1os) y contra la vida (homicidios, lesiones e infanticidios), as\u00ed como tambi\u00e9n\u00a0pleitos relativos al honor por injurias y calumnias, a la libertad por\u00a0coacciones y amenazas, agresiones sexuales y falsas promesas de\u00a0matrimonio y, en menor medida, delitos contra el orden p\u00fablico,\u00a0desacatos, esc\u00e1ndalos p\u00fablicos, resistencias y desobediencias a la\u00a0autoridad.\u00a0<\/p>\n<p>A ello se a\u00f1ade un curioso e in\u00e9dito procedimiento que se llev\u00f3 ante el Tribunal de la Inquisici\u00f3n contra el cura p\u00e1rroco de Adeje Melchor Afonso de Montesdeoca.<\/p>\n<p>En esta obra Nelson D\u00edaz Fr\u00edas combina con maestr\u00eda sus amplios\u00a0conocimientos jur\u00eddicos e hist\u00f3ricos para ofrecer al lector un retrato\u00a0\u00fanico y novedoso del Adeje de siglos pasados a trav\u00e9s de la transcripci\u00f3n\u00a0y an\u00e1lisis de cientos de documentos que contienen innumerables datos de inter\u00e9s desde el punto de vista topon\u00edmico, ling\u00fc\u00edstico,\u00a0demogr\u00e1fico, sociol\u00f3gico, etnogr\u00e1fico, geneal\u00f3gico y econ\u00f3mico.<\/p>\n<p><\/p>\n","protected":false},"excerpt":{"rendered":"La vida en el se\u00f1or\u00edo jurisdiccional de Adeje a trav\u00e9s de las causas penales contra sus vecinos. Intervienen:&hellip;\n","protected":false},"author":2,"featured_media":341783,"comment_status":"","ping_status":"","sticky":false,"template":"","format":"standard","meta":{"footnotes":""},"categories":[5],"tags":[17,18,25,24,13,14,11,19,20,9,10,15,16,23,12,21,22],"class_list":{"0":"post-341782","1":"post","2":"type-post","3":"status-publish","4":"format-standard","5":"has-post-thumbnail","7":"category-titulares","8":"tag-breaking-news","9":"tag-breakingnews","10":"tag-es","11":"tag-espana","12":"tag-featured-news","13":"tag-featurednews","14":"tag-headlines","15":"tag-latest-news","16":"tag-latestnews","17":"tag-news","18":"tag-noticias","19":"tag-noticias-destacadas","20":"tag-noticiasdestacadas","21":"tag-spain","22":"tag-titulares","23":"tag-ultimas-noticias","24":"tag-ultimasnoticias"},"share_on_mastodon":{"url":"https:\/\/pubeurope.com\/@es\/115898170924520623","error":""},"_links":{"self":[{"href":"https:\/\/www.europesays.com\/es\/wp-json\/wp\/v2\/posts\/341782","targetHints":{"allow":["GET"]}}],"collection":[{"href":"https:\/\/www.europesays.com\/es\/wp-json\/wp\/v2\/posts"}],"about":[{"href":"https:\/\/www.europesays.com\/es\/wp-json\/wp\/v2\/types\/post"}],"author":[{"embeddable":true,"href":"https:\/\/www.europesays.com\/es\/wp-json\/wp\/v2\/users\/2"}],"replies":[{"embeddable":true,"href":"https:\/\/www.europesays.com\/es\/wp-json\/wp\/v2\/comments?post=341782"}],"version-history":[{"count":0,"href":"https:\/\/www.europesays.com\/es\/wp-json\/wp\/v2\/posts\/341782\/revisions"}],"wp:featuredmedia":[{"embeddable":true,"href":"https:\/\/www.europesays.com\/es\/wp-json\/wp\/v2\/media\/341783"}],"wp:attachment":[{"href":"https:\/\/www.europesays.com\/es\/wp-json\/wp\/v2\/media?parent=341782"}],"wp:term":[{"taxonomy":"category","embeddable":true,"href":"https:\/\/www.europesays.com\/es\/wp-json\/wp\/v2\/categories?post=341782"},{"taxonomy":"post_tag","embeddable":true,"href":"https:\/\/www.europesays.com\/es\/wp-json\/wp\/v2\/tags?post=341782"}],"curies":[{"name":"wp","href":"https:\/\/api.w.org\/{rel}","templated":true}]}}