{"id":341788,"date":"2026-01-15T08:36:07","date_gmt":"2026-01-15T08:36:07","guid":{"rendered":"https:\/\/www.europesays.com\/es\/341788\/"},"modified":"2026-01-15T08:36:07","modified_gmt":"2026-01-15T08:36:07","slug":"real-madrid-josep-pedrerol-y-su-editorial-mas-duro-en-el-chiringuito-hoy-se-ha-confirmado-lo-que-ya-sabias-aqui-no-hay-milagros","status":"publish","type":"post","link":"https:\/\/www.europesays.com\/es\/341788\/","title":{"rendered":"Real Madrid | Josep Pedrerol y su editorial m\u00e1s duro en &#8216;El Chiringuito&#8217;: \u00abHoy se ha confirmado lo que ya sab\u00edas, aqu\u00ed no hay milagros\u00bb"},"content":{"rendered":"<p data-gtm-element-container=\"modulo-texto-link\" class=\"paragraph\">El<strong> Real Madrid<\/strong> est\u00e1 en crisis absoluta. La m\u00e1xima de entrenador nuevo, victoria asegurada, no se cumpli\u00f3 lo m\u00e1s m\u00ednimo y <strong>\u00c1lvaro Arbeloa<\/strong>, que tan alabado hab\u00eda sido por la prensa merengue por su primera rueda de prensa, hizo el rid\u00edculo junto a su nueva plantilla tras caer en octavos de final contra el <strong>Albacete<\/strong>.\u00a0<\/p>\n<p data-gtm-element-container=\"modulo-texto-link\" class=\"paragraph\"><strong>Jeft\u00e9 Betancor<\/strong>\u00a0fue el encargado de ajusticiar al Madrid en la que fue pr\u00e1cticamente la \u00faltima jugada del partido. Salt\u00f3 toda la plantilla al campo despu\u00e9s de que anotara en el 93&#8242; un golazo tremendo que hizo cumplir el sue\u00f1o a toda la ciudad ante las caras de estupor, una vez m\u00e1s, de toda la plantilla del Madrid, <strong>Arbeloa <\/strong>incluido.\u00a0<\/p>\n<p data-gtm-element-container=\"modulo-texto-link\" class=\"paragraph\">Tras esto, las reacciones no se hicieron esperar y una de las m\u00e1s destacadas fue la de <strong>Josep Pedrerol<\/strong> en el editorial de El Chiringuito, en el que fue dur\u00edsimo con la situaci\u00f3n del <strong>Real Madrid<\/strong>, que hace solo cuatro d\u00edas perd\u00eda la final de la Supercopa de Espa\u00f1a, desped\u00eda a<strong> Xabi Alonso<\/strong> y ahora ca\u00eda de la <strong>Copa del Rey<\/strong>.\u00a0<\/p>\n<p data-gtm-element-container=\"modulo-texto-link\" class=\"paragraph\"><strong>\u00abEsto es lo que hay. Un vestuario roto. Y aqu\u00ed no hay milagros amigo, aqu\u00ed no hay milagros. Ah, Arbeloa, t\u00fa no eres el culpable. T\u00fa no eres el culpable. Hoy se ha confirmado lo que ya sab\u00edas, porque lo sab\u00edas, empezamos\u00bb<\/strong>, arranc\u00f3 el programa Pedrerol.\u00a0<\/p>\n<p data-gtm-element-container=\"modulo-texto-link\" class=\"paragraph\">No qued\u00f3 ah\u00ed el asunto, antes de presentar a los colaboradores, el periodista catal\u00e1n sigui\u00f3 con sus argumentos tras la debacle del Madrid. \u00abEst\u00e1 claro, s\u00ed eres cul\u00e9, te vas a quedar a vernos, seguro. Noche buena para ti. Y si eres madridista, tienes que quedarte a vernos\u00bb, incit\u00f3, ante de a\u00f1adir <strong>Pedrerol <\/strong>que \u00abllevamos toda la temporada hablando de la situaci\u00f3n del Madrid. Un equipo que no jugaba nada y estaba roto, se confirma. Es f\u00e1cil se\u00f1alar a Arbeloa. <strong>\u00bfCre\u00e9is que en un d\u00eda puede hacer algo? \u00bfQu\u00e9 puede cambiar la din\u00e1mica, corra y juegue mejor? \u00bfCre\u00e9is que tiene culpa de algo? Bravo Arbeloa por decir el culpable soy yo. Lo f\u00e1cil era decir &#8216;dadme tiempo&#8217;. Arbeloa da la cara y lo har\u00e1 hasta que se la partan\u00bb<\/strong>.\u00a0<\/p>\n<p>    Lee tambi\u00e9n<\/p>\n<p data-gtm-element-container=\"modulo-texto-link\" class=\"paragraph\">As\u00ed de duro fue el inicio de El Chiringuito, que sigui\u00f3 la misma t\u00f3nica a lo largo de toda la noche sobre la crisis absoluta que vive el Real Madrid, con o sin Xabi Alonso.\u00a0<\/p>\n","protected":false},"excerpt":{"rendered":"El Real Madrid est\u00e1 en crisis absoluta. La m\u00e1xima de entrenador nuevo, victoria asegurada, no se cumpli\u00f3 lo&hellip;\n","protected":false},"author":2,"featured_media":341789,"comment_status":"","ping_status":"","sticky":false,"template":"","format":"standard","meta":{"footnotes":""},"categories":[268],"tags":[168,25,24,280,282,281,23,167],"class_list":{"0":"post-341788","1":"post","2":"type-post","3":"status-publish","4":"format-standard","5":"has-post-thumbnail","7":"category-futbol","8":"tag-deportes","9":"tag-es","10":"tag-espana","11":"tag-football","12":"tag-futbol","13":"tag-soccer","14":"tag-spain","15":"tag-sports"},"share_on_mastodon":{"url":"https:\/\/pubeurope.com\/@es\/115898206504043431","error":""},"_links":{"self":[{"href":"https:\/\/www.europesays.com\/es\/wp-json\/wp\/v2\/posts\/341788","targetHints":{"allow":["GET"]}}],"collection":[{"href":"https:\/\/www.europesays.com\/es\/wp-json\/wp\/v2\/posts"}],"about":[{"href":"https:\/\/www.europesays.com\/es\/wp-json\/wp\/v2\/types\/post"}],"author":[{"embeddable":true,"href":"https:\/\/www.europesays.com\/es\/wp-json\/wp\/v2\/users\/2"}],"replies":[{"embeddable":true,"href":"https:\/\/www.europesays.com\/es\/wp-json\/wp\/v2\/comments?post=341788"}],"version-history":[{"count":0,"href":"https:\/\/www.europesays.com\/es\/wp-json\/wp\/v2\/posts\/341788\/revisions"}],"wp:featuredmedia":[{"embeddable":true,"href":"https:\/\/www.europesays.com\/es\/wp-json\/wp\/v2\/media\/341789"}],"wp:attachment":[{"href":"https:\/\/www.europesays.com\/es\/wp-json\/wp\/v2\/media?parent=341788"}],"wp:term":[{"taxonomy":"category","embeddable":true,"href":"https:\/\/www.europesays.com\/es\/wp-json\/wp\/v2\/categories?post=341788"},{"taxonomy":"post_tag","embeddable":true,"href":"https:\/\/www.europesays.com\/es\/wp-json\/wp\/v2\/tags?post=341788"}],"curies":[{"name":"wp","href":"https:\/\/api.w.org\/{rel}","templated":true}]}}