{"id":341790,"date":"2026-01-15T08:37:10","date_gmt":"2026-01-15T08:37:10","guid":{"rendered":"https:\/\/www.europesays.com\/es\/341790\/"},"modified":"2026-01-15T08:37:10","modified_gmt":"2026-01-15T08:37:10","slug":"imanol-arias-he-reconocido-mis-errores-he-pagado-y-sigo-trabajando","status":"publish","type":"post","link":"https:\/\/www.europesays.com\/es\/341790\/","title":{"rendered":"Imanol Arias: \u00abHe reconocido mis errores, he pagado y sigo trabajando\u00bb"},"content":{"rendered":"<p>Imanol Arias cumplir\u00e1 70 a\u00f1os en 2026 y su hijo Jon, tambi\u00e9n actor, le har\u00e1 abuelo. Tras un periodo convulso y firmada la paz con  &#8230; Hacienda, vive un momento de paz y trabajo: triunfa con la serie &#8216;Innato&#8217;, estrena en cines &#8216;El molino&#8217; y representa hasta el domingo en el Teatro Campos &#8216;Mejor no decirlo&#8217;, una comedia sobre las miserias de la vida en pareja que protagoniza junto a Mar\u00eda Barranco. Tras 23 a\u00f1os y millones de espectadores con &#8216;Cu\u00e9ntame&#8217;, el actor reconoce que el \u00e9xito planetario de la serie de Netflix le tiene un poco abrumado. Sigue leyendo la prensa en papel \u00abporque con las pantallas me exalto\u00bb y vaticina que \u00abvolveremos masivamente a los espect\u00e1culos en directo\u00bb.<\/p>\n<p class=\"v-p\"><strong>\u2013A veces, la verdad en el seno de una pareja no libera, sino que descoloca.<\/strong><\/p>\n<p class=\"v-p\">\u2013Tenemos poca fe en las palabras, las contemplamos en esta sociedad como un elemento de confrontaci\u00f3n y no de comunicaci\u00f3n. Una pareja puede tener una relaci\u00f3n asentada, pero si no hablan entre ellos no pueden ser felices. Esta obra se sit\u00faa en la l\u00ednea de comedias francesas como &#8216;Arte&#8217;, de Yasmina Reza. Los dos protagonistas nunca olvidan que se quieren. Llevo dos a\u00f1os represent\u00e1ndola, primero en Buenos Aires con Mercedes Mor\u00e1n, y con un \u00e9xito tremendo.<\/p>\n<p class=\"v-p\"><strong>\u2013Hablar no es pelear.<\/strong><\/p>\n<p class=\"v-p\">\u2013Ellos se pelean muy poco. En hora y cuarto he contado 34 carcajadas. Y nadie tropieza ni contamos ni un chiste.<\/p>\n<p class=\"v-p\"><strong>\u2013Esas carcajadas son porque nos reconocemos.<\/strong><\/p>\n<p class=\"v-p\">\u2013S\u00ed. A veces las espectadoras con mi personaje y otras los espectadores con el de Mar\u00eda Barranco. &#8216;Mejor no decirlo&#8217; es un monumento a la palabra. Mi percepci\u00f3n de viejo actor me dice que, despu\u00e9s de tantas pantallas, el espect\u00e1culo en vivo produce en el espectador una sensaci\u00f3n de reencontrarse con la escucha compartida. Estaremos de gira un a\u00f1o y pico. Es curioso, \u00bfsabes que no suena ning\u00fan m\u00f3vil en las funciones?<\/p>\n<p><img decoding=\"async\" loading=\"lazy\" src=\"https:\/\/www.europesays.com\/es\/wp-content\/uploads\/2026\/01\/mejor-no-decirlo-k6mF--650x455@El Correo.jpg\" class=\"v-a-img\" alt=\"Imanol Arias y Mar\u00eda Barranco en una imagen promocional de 'Mejor no decirlo'.\" data-voc-vtm-id=\"in-text-traffic\" width=\"650\" height=\"455\"\/><\/p>\n<p>Imanol Arias y Mar\u00eda Barranco en una imagen promocional de &#8216;Mejor no decirlo&#8217;.<\/p>\n<p><img loading=\"lazy\" decoding=\"async\" src=\"https:\/\/www.europesays.com\/es\/wp-content\/uploads\/2026\/01\/mejor-no-decirlo-k6mF--650x455@El Correo.jpg\" class=\"v-mdl__img-z\" width=\"650\" height=\"455\" alt=\"\"\/><\/p>\n<p class=\"v-p\"><strong>\u2013Mar\u00eda Barranco confiesa que usted era su amor plat\u00f3nico cuando lleg\u00f3 a Madrid en 1981.<\/strong><\/p>\n<p class=\"v-p\">\u2013\u00c9ramos dos chavalines&#8230; El asunto es que yo nunca me enter\u00e9, ja, ja. Trabajamos juntos en una pel\u00edcula que rodamos en Bilbao (&#8216;S\u00e1lvate si puedes&#8217;, 1995). Mar\u00eda ha insistido en los Imanoles (fue pareja muchos a\u00f1os del director Imanol Uribe). La conoc\u00ed por medio de Antonio Banderas. Como no hab\u00eda m\u00f3viles, recuerdo que me enteraba de castings y se lo contaba llam\u00e1ndola al portero autom\u00e1tico de su casa. Esa ansia profesional me impidi\u00f3 darme cuenta de lo que estaba pasando.<\/p>\n<p class=\"v-p\"><strong>\u2013Los dos tienen ya muchas pel\u00edculas, mucha vida detr\u00e1s.<\/strong><\/p>\n<p class=\"v-p\">\u2013S\u00ed. Mar\u00eda me ha dado una enorme sorpresa: lo precisa que es en teatro. Cuando el p\u00fablico te arrastra es f\u00e1cil que metas un chistecillo de m\u00e1s, pero con Mar\u00eda eso no ocurre. Estoy feliz de reencontrarme y viajar con ella.<\/p>\n<p class=\"v-p\"><strong>\u2013Este 2026 cumplir\u00e1 70 a\u00f1os y su hijo Jon le har\u00e1 abuelo. \u00bfSe lo cree?<\/strong><\/p>\n<p class=\"v-p\">\u2013Y me he casado hace tres d\u00edas. A esta edad, ya no tienes tiempo de perderlo. Lo de ser aitite me mata de ilusi\u00f3n.<\/p>\n<p class=\"v-p\"><strong>\u2013No para de trabajar.<\/strong><\/p>\n<p class=\"v-p\">\u2013He estado tanto tiempo dedicado a un personaje que me dio muchas cosas pero que exig\u00eda dedicaci\u00f3n&#8230; Ya no tengo ansiedad. Siempre he vivido muy bien con la incertidumbre de esta profesi\u00f3n. Cuanto te relajas en una situaci\u00f3n, esta se produce m\u00e1s f\u00e1cilmente. Trabajo continuamente y agradezco en esta gira que pueda librar lunes, martes y mi\u00e9rcoles para ir a mi gimnasio. Estoy a punto de jubilarme, pero lo har\u00e9 en activo. Los actores no esperamos morirnos en escena, pero siempre hay un personaje de mayor para hacer, como los de &#8216;Innato&#8217; y &#8216;El molino&#8217;. En un momento de mi vida cre\u00eda que lo importante era decir s\u00ed cuando te ofrec\u00edan algo, pero despu\u00e9s entiendes que tambi\u00e9n hay que saber decir no. Para curarte. Todo lo que he hecho en un momento muy convulso de mi vida ha sido para reconocer mis errores, pero sobre todo para poder seguir trabajando. Eso es: aceptar, pagar y seguir trabajando.<\/p>\n<p><a href=\"http:\/\/www.elcorreo.com\/culturas\/imanol-arias-casa-cuarta-vez-anos-20260114144313-nt.html#vtm_modulosEngag=mod-rel:culturas:noticia:1:cmp:1-not\" class=\"v-a-link\" aria-label=\"Imagen\" rel=\"nofollow noopener\" target=\"_blank\"><\/p>\n<p><img decoding=\"async\" loading=\"lazy\" src=\"https:\/\/www.europesays.com\/es\/wp-content\/uploads\/2026\/01\/imanol-casa-kpIG--366x256@El Correo.jpg\" class=\"v-a-img\" alt=\"\" data-voc-vtm-id=\"in-text-traffic\" width=\"366\" height=\"256\"\/><\/p>\n<p><\/a><\/p>\n<p class=\"v-p\"><strong>\u2013Hace un par de a\u00f1os me cont\u00f3 que cuando eres un personaje tan querido durante tantos a\u00f1os, \u00abal cometer un error te sientes doblemente jodido\u00bb.<\/strong><\/p>\n<p class=\"v-p\">\u2013S\u00ed. Hay que aceptarlo y responsabilizarse. Y sobre todo no cometer m\u00e1s errores. Con todo el cari\u00f1o que le tengo al compa\u00f1ero (Antonio Alc\u00e1ntara), jam\u00e1s volver\u00e9 a salir de una funci\u00f3n de &#8216;Muerte de un viajante&#8217; sin poder saludar a la familia para meterme en un estudio de televisi\u00f3n. Vas con el ego tan subido de haber sido Willy Loman y la autoestima tan baja que eres capaz de decir muchas estupideces como las que yo he dicho.<\/p>\n<p class=\"v-p\"><strong>\u2013Esta primavera recibir\u00e1 la Medalla de Oro de la Academia de Cine al haber sido uno de sus fundadores. Sin embargo, nunca ha ganado el Goya.<\/strong><\/p>\n<p class=\"v-p\">\u2013Berlanga, que era muy gracioso, siempre me dec\u00eda que yo no era fundador, que era solo funda. Tengo una relaci\u00f3n muy cari\u00f1osa con la Academia, un ente muy aglutinante. He estado cinco veces nominado y nunca me han dado el Goya ni lo espero.<\/p>\n<p class=\"v-p\"><strong>\u2013Hombre, eso no se sabe.<\/strong><\/p>\n<p class=\"v-p\">\u2013He levantado el culo cinco veces y me he vuelto a sentar. Fernando Fern\u00e1n G\u00f3mez dec\u00eda que el \u00fanico problema de los Goya es que solo gana uno. Recuerdo el a\u00f1o de &#8216;El Lute&#8217;, cuando parec\u00eda cantado. Pero el gran maestro Alfredo Landa hab\u00eda salido quince minutos de ladr\u00f3n en &#8216;El bosque animado&#8217;. Cuando gan\u00e9 en San Sebasti\u00e1n ya me advirti\u00f3: \u00abEl Goya te lo voy a ganar\u00bb. A veces miro las estatuillas que tengo por casa y pienso que tengo que guardarlas, porque solo corresponden a un momento de mi vida. <\/p>\n<p><img decoding=\"async\" loading=\"lazy\" src=\"https:\/\/www.europesays.com\/es\/wp-content\/uploads\/2026\/01\/innato-k6mF--650x455@El Correo.jpg\" class=\"v-a-img\" alt=\"Emma Su\u00e1rez, Imanol Arias y Elena Anaya en la serie 'Innato'.\" data-voc-vtm-id=\"in-text-traffic\" width=\"650\" height=\"455\"\/><\/p>\n<p>Emma Su\u00e1rez, Imanol Arias y Elena Anaya en la serie &#8216;Innato&#8217;.<\/p>\n<p><img loading=\"lazy\" decoding=\"async\" src=\"https:\/\/www.europesays.com\/es\/wp-content\/uploads\/2026\/01\/innato-k6mF--650x455@El Correo.jpg\" class=\"v-mdl__img-z\" width=\"650\" height=\"455\" alt=\"\"\/><\/p>\n<p class=\"v-p\"><strong>\u2013\u00bfQu\u00e9 le ha quedado de estos a\u00f1os convulsos de problemas con Hacienda?<\/strong><\/p>\n<p class=\"v-p\">\u2013Pocas veces en este tiempo he sentido rechazo, era m\u00e1s una situaci\u00f3n que se prolongaba. El responsable de ese Ministerio ten\u00eda mucha historia detr\u00e1s, aunque todav\u00eda no ha salido del todo. Mucho dirigismo, porque nosotros no est\u00e1bamos dentro de esas sociedades condenadas en el caso. Nuestro expediente se coloc\u00f3 all\u00ed en un momento determinado. \u00bfQu\u00e9 me queda? Que en la vida uno tiene que asumir lo que viene. Uno no puede pensar que todas las cosas est\u00e1n a favor o en contra, y m\u00e1s siendo artista. Me ha ayudado mucho a entender qu\u00e9 es la presi\u00f3n, la autoestima y que lo importante lo dices sobre un escenario. He hecho pel\u00edculas malas, unas quince, y la gente no me lo echa en cara, solo te recuerdan lo bueno. Hay que agradecerlo.<\/p>\n","protected":false},"excerpt":{"rendered":"Imanol Arias cumplir\u00e1 70 a\u00f1os en 2026 y su hijo Jon, tambi\u00e9n actor, le har\u00e1 abuelo. Tras un&hellip;\n","protected":false},"author":2,"featured_media":341791,"comment_status":"","ping_status":"","sticky":false,"template":"","format":"standard","meta":{"footnotes":""},"categories":[174],"tags":[37667,255,146,147,4697,25,24,256,33650,26671,2868,19434,23,9161],"class_list":{"0":"post-341790","1":"post","2":"type-post","3":"status-publish","4":"format-standard","5":"has-post-thumbnail","7":"category-famosos","8":"tag-arias","9":"tag-celebrities","10":"tag-entertainment","11":"tag-entretenimiento","12":"tag-errores","13":"tag-es","14":"tag-espana","15":"tag-famosos","16":"tag-imanol","17":"tag-pagado","18":"tag-reconocido","19":"tag-sigo","20":"tag-spain","21":"tag-trabajando"},"share_on_mastodon":{"url":"https:\/\/pubeurope.com\/@es\/115898210493986672","error":""},"_links":{"self":[{"href":"https:\/\/www.europesays.com\/es\/wp-json\/wp\/v2\/posts\/341790","targetHints":{"allow":["GET"]}}],"collection":[{"href":"https:\/\/www.europesays.com\/es\/wp-json\/wp\/v2\/posts"}],"about":[{"href":"https:\/\/www.europesays.com\/es\/wp-json\/wp\/v2\/types\/post"}],"author":[{"embeddable":true,"href":"https:\/\/www.europesays.com\/es\/wp-json\/wp\/v2\/users\/2"}],"replies":[{"embeddable":true,"href":"https:\/\/www.europesays.com\/es\/wp-json\/wp\/v2\/comments?post=341790"}],"version-history":[{"count":0,"href":"https:\/\/www.europesays.com\/es\/wp-json\/wp\/v2\/posts\/341790\/revisions"}],"wp:featuredmedia":[{"embeddable":true,"href":"https:\/\/www.europesays.com\/es\/wp-json\/wp\/v2\/media\/341791"}],"wp:attachment":[{"href":"https:\/\/www.europesays.com\/es\/wp-json\/wp\/v2\/media?parent=341790"}],"wp:term":[{"taxonomy":"category","embeddable":true,"href":"https:\/\/www.europesays.com\/es\/wp-json\/wp\/v2\/categories?post=341790"},{"taxonomy":"post_tag","embeddable":true,"href":"https:\/\/www.europesays.com\/es\/wp-json\/wp\/v2\/tags?post=341790"}],"curies":[{"name":"wp","href":"https:\/\/api.w.org\/{rel}","templated":true}]}}