{"id":341792,"date":"2026-01-15T08:38:11","date_gmt":"2026-01-15T08:38:11","guid":{"rendered":"https:\/\/www.europesays.com\/es\/341792\/"},"modified":"2026-01-15T08:38:11","modified_gmt":"2026-01-15T08:38:11","slug":"lleva-tres-anos-sin-acondicionamiento","status":"publish","type":"post","link":"https:\/\/www.europesays.com\/es\/341792\/","title":{"rendered":"Lleva tres a\u00f1os sin acondicionamiento"},"content":{"rendered":"<p class=\"ft-text\"><strong>El &#8216;mir\u00f3n&#8217; del paseo mar\u00edtimo de Sab\u00f3n<\/strong>, en Arteixo, est\u00e1 \u00abpor los suelos\u00bb. As\u00ed lo asegura el autor de la famosa escultura <strong>El Monumento del Voyeur<\/strong><strong> u <\/strong><strong>O Vixiador<\/strong><strong>, Enrique Saavedra<\/strong>, m\u00e1s conocido como <strong>Chicheri<\/strong>, que se muestra muy apenado de que este peculiar <strong>catalejo con vistas al Atl\u00e1ntico<\/strong> \u2014y una longitud de casi 15 metros y 3,5 toneladas\u2014 c<strong>umpla 20 a\u00f1os en un estado de \u00abtotal abandono\u00bb.<\/strong><\/p>\n<p class=\"ft-text\">Esta estructura se construy\u00f3 hace ahora dos d\u00e9cadas con el fin de <strong>conmemorar la senda azul, que recorre diferentes playas de la localidad<\/strong> arteixana a lo largo de m\u00e1s de <strong>cinco kil\u00f3metros<\/strong> y que cada a\u00f1o recibe a m\u00e1s visitantes.<\/p>\n<p><img decoding=\"async\" src=\"https:\/\/www.europesays.com\/es\/wp-content\/uploads\/2026\/01\/68b45c14-f0d7-437a-a895-2797247ef09d_alta-libre-aspect-ratio_default_0_x526y233.jpg\" width=\"1200\" height=\"800\" alt=\"Chicher ense\u00f1a el estado de la escalera de la silla de la obra.\" class=\"ft-helper-img-rd\" loading=\"lazy\"\/><\/p>\n<p class=\"ft-helper-fontColor-quaternary ft-helper-fontSize-body-S ft-helper-spacer-t-xxs\">Chicher ense\u00f1a el estado de la escalera de la silla de la obra.  \/ Iago Lopez<\/p>\n<p class=\"ft-text\">\u00ab<strong>En verano a veces hasta hay cola para hacerse fotos desde la silla del catalejo<\/strong>\u00bb, indica Chicheri, que afirma que <strong>la falta de mantenimiento de la obra pone en riesgo la seguridad<\/strong> de todos aquellos que se suben a ella a d\u00eda de hoy.<\/p>\n<p>Una silla de cinco metros de altura<\/p>\n<p class=\"ft-text\">El Monumento del Voyeur, fabricado en <strong>acero corten<\/strong> \u2014un material especialmente <strong>resistente a la corrosi\u00f3n<\/strong>\u2014, lleva <strong>\u00abtres a\u00f1os sin acondicionamiento<\/strong>\u00bb, tal y como se\u00f1ala el creador de este monumento, que cuenta adem\u00e1s con <strong>una gran silla de acero galvanizado de cinco metros<\/strong> en su base a la que se sube por unas escaleras para que los visitantes puedan observar el horizonte a trav\u00e9s de<strong> una lente que solo deja ver \u00abun pedacito de mar y otro pedacito de cielo fundi\u00e9ndose\u00bb<\/strong>.<\/p>\n<p class=\"ft-text\">El autor explica que tanto el t\u00edtulo como la forma de la escultura funcionan como una <strong>alusi\u00f3n a la conducta humana<\/strong>. A trav\u00e9s de esta pieza, Saavedra invita a reflexionar sobre la <strong>tendencia a fijar la mirada en un \u00fanico fragmento de la realidad <\/strong>\u2014a modo de catalejo\u2014, ignorando con frecuencia la amplitud y la complejidad del entorno que nos rodea.<\/p>\n<p><img decoding=\"async\" src=\"https:\/\/www.europesays.com\/es\/wp-content\/uploads\/2026\/01\/3dd119f0-bb92-440d-aabc-9a5102a7b4cf_alta-libre-aspect-ratio_default_0_x526y233.jpg\" width=\"1200\" height=\"800\" alt=\"Chicheri ense\u00f1a el estado  actual de la obra.\" class=\"ft-helper-img-rd\" loading=\"lazy\"\/><\/p>\n<p class=\"ft-helper-fontColor-quaternary ft-helper-fontSize-body-S ft-helper-spacer-t-xxs\">Chicheri ense\u00f1a el estado actual de la obra.  \/ Iago Lopez<\/p>\n<p class=\"ft-text\">La escultura responde a un encargo de la <strong>Demarcaci\u00f3n de Costas como parte de un plan de revalorizaci\u00f3n del litoral<\/strong> arteixano, conectando desde el arenal de Sab\u00f3n hasta el de Barra\u00f1\u00e1n y recorriendo as\u00ed <strong>siete de las nueve playas del municipio<\/strong>.<\/p>\n<p class=\"ft-text\">El <strong>Concello de Arteixo<\/strong>, por su parte, afirma que est\u00e1 previsto llevar a cabo <strong>una actuaci\u00f3n de acondicionamiento sobre el monumento en veran<\/strong>o y explica que el \u00f3xido en la escalera se genera de forma frecuente<strong> por su proximidad al mar.<\/strong><\/p>\n<p class=\"ft-text\">El artista madrile\u00f1o recuerda que la silla ya suscit\u00f3 el inter\u00e9s de los ladrones hace m\u00e1s de diez a\u00f1os. Y es que, <strong>tras cortar las patas con una radial, consiguieron llevarse la estructura <\/strong>para, seg\u00fan sospecha el escultor, venderla, debido al <strong>elevado valor que alcanza este material en el mercado<\/strong>. Fue entonces cuando el escultor opt\u00f3 por reconstruirla en hierro galvanizado relleno de hormig\u00f3n l\u00edquido para evitar que pudiera ser sustra\u00edda de nuevo.<\/p>\n<p><img decoding=\"async\" src=\"https:\/\/www.europesays.com\/es\/wp-content\/uploads\/2026\/01\/d78a0a0e-a7d8-4d34-9fed-acb90d48619c_alta-libre-aspect-ratio_default_0_x526y233.jpg\" width=\"1200\" height=\"800\" alt=\"Algunos de los bancos situados al lado de la obra.\" class=\"ft-helper-img-rd\" loading=\"lazy\"\/><\/p>\n<p class=\"ft-helper-fontColor-quaternary ft-helper-fontSize-body-S ft-helper-spacer-t-xxs\">Algunos de los bancos situados al lado de la obra.  \/ Iago Lopez<\/p>\n<p class=\"ft-text\">\u00abDesde el primer momento me mostr\u00e9 muy dispuesto, porque el lugar me encanta. <strong>Tener una obra encima de este pedrusco, en un acantilado, no tiene precio<\/strong>\u00bb, asegura el escultor, que demanda adem\u00e1s <strong>mejoras en el mobiliario urbano del paseo<\/strong>. \u00abPara tener una obra de esta envergadura hay que mantenerla\u00bb, dice el autor, que<strong> clama para que <\/strong><strong>O Vixiador<\/strong><strong> siga siendo un catalizador que d\u00e9 la bienvenida a todos aquellos que quieran asomarse a las puertas del Atl\u00e1ntico.<\/strong><\/p>\n","protected":false},"excerpt":{"rendered":"El &#8216;mir\u00f3n&#8217; del paseo mar\u00edtimo de Sab\u00f3n, en Arteixo, est\u00e1 \u00abpor los suelos\u00bb. As\u00ed lo asegura el autor&hellip;\n","protected":false},"author":2,"featured_media":341793,"comment_status":"","ping_status":"","sticky":false,"template":"","format":"standard","meta":{"footnotes":""},"categories":[173],"tags":[229,233,7333,231,230,1697,77793,232,234,12096,146,147,25,1246,24,14409,77792,77794,6476,77791,23],"class_list":["post-341792","post","type-post","status-publish","format-standard","has-post-thumbnail","category-arte-y-diseno","tag-arte","tag-arte-y-diseno","tag-arteixo","tag-arts","tag-arts-and-design","tag-autor","tag-concello-de-arteixo","tag-design","tag-diseno","tag-enrique","tag-entertainment","tag-entretenimiento","tag-es","tag-escultura","tag-espana","tag-gigante","tag-miron","tag-paseo-maritimo","tag-patrimonio-cultural","tag-saavedra","tag-spain"],"share_on_mastodon":{"url":"https:\/\/pubeurope.com\/@es\/115898214203986270","error":""},"_links":{"self":[{"href":"https:\/\/www.europesays.com\/es\/wp-json\/wp\/v2\/posts\/341792","targetHints":{"allow":["GET"]}}],"collection":[{"href":"https:\/\/www.europesays.com\/es\/wp-json\/wp\/v2\/posts"}],"about":[{"href":"https:\/\/www.europesays.com\/es\/wp-json\/wp\/v2\/types\/post"}],"author":[{"embeddable":true,"href":"https:\/\/www.europesays.com\/es\/wp-json\/wp\/v2\/users\/2"}],"replies":[{"embeddable":true,"href":"https:\/\/www.europesays.com\/es\/wp-json\/wp\/v2\/comments?post=341792"}],"version-history":[{"count":0,"href":"https:\/\/www.europesays.com\/es\/wp-json\/wp\/v2\/posts\/341792\/revisions"}],"wp:featuredmedia":[{"embeddable":true,"href":"https:\/\/www.europesays.com\/es\/wp-json\/wp\/v2\/media\/341793"}],"wp:attachment":[{"href":"https:\/\/www.europesays.com\/es\/wp-json\/wp\/v2\/media?parent=341792"}],"wp:term":[{"taxonomy":"category","embeddable":true,"href":"https:\/\/www.europesays.com\/es\/wp-json\/wp\/v2\/categories?post=341792"},{"taxonomy":"post_tag","embeddable":true,"href":"https:\/\/www.europesays.com\/es\/wp-json\/wp\/v2\/tags?post=341792"}],"curies":[{"name":"wp","href":"https:\/\/api.w.org\/{rel}","templated":true}]}}