{"id":341841,"date":"2026-01-15T09:23:10","date_gmt":"2026-01-15T09:23:10","guid":{"rendered":"https:\/\/www.europesays.com\/es\/341841\/"},"modified":"2026-01-15T09:23:10","modified_gmt":"2026-01-15T09:23:10","slug":"cosme-jubera-el-logrones-que-forma-a-las-promesas-del-tenis","status":"publish","type":"post","link":"https:\/\/www.europesays.com\/es\/341841\/","title":{"rendered":"Cosme Jubera, el logro\u00f1\u00e9s que forma a las promesas del tenis"},"content":{"rendered":"<p>Tiene 28 a\u00f1os y se ha recorrido medio mundo gracias a su pasi\u00f3n, el <a href=\"https:\/\/www.larioja.com\/temas\/generales\/tenis.html\" data-voc-vtm-id=\"in-text-traffic\" title=\"tenis\" data-mrf-link=\"www.larioja.com\" rel=\"nofollow noopener\" target=\"_blank\">tenis<\/a>. Nacido en Logro\u00f1o, Cosme Jubera ha sabido transformar aquello  &#8230; con lo que disfrutaba de joven en su profesi\u00f3n y se ha convertido en un prometedor entrenador de j\u00f3venes promesas y jugadoras profesionales, logrando numerosos t\u00edtulos internacionales.<\/p>\n<p class=\"v-p\">La familia de este logro\u00f1\u00e9s ha estado muy ligada al tenis. No en vano, su padre lleg\u00f3 a ser vicepresidente de la Federaci\u00f3n Riojana y su labor tuvo tanto reconocimiento que el torneo \u00abm\u00e1s emblem\u00e1tico\u00bb de este deporte en la comunidad lleva su nombre, La Vendimia Riojana Memorial Fernando Jubera. \u00abFalleci\u00f3 cuando yo ten\u00eda 16 a\u00f1os, pero durante su vida puso toda su energ\u00eda en ayudarnos con el tenis de una manera muy sana\u00bb, expone su hijo. \u00abMe quedo con sus valores\u00bb, apostilla al tiempo que recuerda que, para entonces, su hermano Nicol\u00e1s ya estaba en Estados Unidos.<\/p>\n<p class=\"v-p\">As\u00ed, cuando el riojano cumpli\u00f3 los 18 a\u00f1os decidi\u00f3 seguir los pasos de su hermano, al que califica como \u00abun pilar clave que le abri\u00f3 el camino\u00bb y puso rumbo a los Estados Unidos, donde compagin\u00f3 sus estudios con el deporte. Estuvo en Texas y en Nueva York, fue nombrado mejor atleta de su universidad (Queens College) en 2019 y pronto comenz\u00f3 a dar clases de tenis con el objetivo de sacar un dinero extra con el que poder financiar sus estudios y su vida americana. \u00abIrme a Nueva York fue la mejor decisi\u00f3n que pude tomar porque crec\u00ed a todos los niveles, incluido el deportivo\u00bb, considera el logro\u00f1\u00e9s.<\/p>\n<p class=\"v-p\">Durante un tiempo compagin\u00f3 en Estados Unidos los estudios con la pr\u00e1ctica activa del tenis y con las clases a terceros hasta que le surgi\u00f3 una oportunidad en Lisboa para trabajar en aquello para lo que hab\u00eda estudiado, Econom\u00eda y Finanzas. Prob\u00f3 suerte en ese mundillo y confirm\u00f3 que el tenis era lo que m\u00e1s le llenaba, as\u00ed que puso rumbo a Suecia y all\u00ed su vida, en relaci\u00f3n con el deporte, cambi\u00f3. Su pasi\u00f3n por la formaci\u00f3n de tenistas tom\u00f3 forma de un modo definitivo.<\/p>\n<p class=\"v-p\">Fue en el pa\u00eds del norte de Europa donde ese sue\u00f1o de ser entrenador se consolid\u00f3. Era el a\u00f1o 2021 y Jubera ingres\u00f3 en una de las mejores academias del mundo, de nombre &#8216;Good to Great Tennis Academy&#8217;. \u00abEn el pa\u00eds escandinavo vi una oportunidad profesional \u00fanica\u00bb, se congratula antes de explicar que all\u00ed tuvo la oportunidad de trabajar mano a mano con toda una leyenda del tenis mundial como Magnus Norman. Finalista en Roland Garros, el sueco lleg\u00f3 a ser el n\u00famero 2 del ranking ATP antes de hacerse entrenador y dirigir los designios de jugadores como Stanislas Wawrinka, junto al que fue nombrado mejor entrenador de la ATP en 2016.<\/p>\n<p>Jubera, junto a j\u00f3venes tenistas y la leyenda Magnus Norman; en otra, junto a Didi Bredberg Ca\u00f1izares, campeona en Alcal\u00e1 de Henares; y en la \u00faltima, con Niels McDonald, campe\u00f3n de Roland Garros j\u00fanior en 2025.<\/p>\n<p><img decoding=\"async\" loading=\"lazy\" src=\"https:\/\/www.europesays.com\/es\/wp-content\/uploads\/2026\/01\/cosme-jubera (2)-k08G--1200x841@La Rioja.jpeg\" class=\"v-mdl__img-z\" width=\"1200\" height=\"841\" alt=\"Imagen principal - Jubera, junto a j\u00f3venes tenistas y la leyenda Magnus Norman; en otra, junto a Didi Bredberg Ca\u00f1izares, campeona en Alcal\u00e1 de Henares; y en la \u00faltima, con Niels McDonald, campe\u00f3n de Roland Garros j\u00fanior en 2025.\"\/><\/p>\n<p><img decoding=\"async\" loading=\"lazy\" src=\"https:\/\/www.europesays.com\/es\/wp-content\/uploads\/2026\/01\/cosme-jubera (3)-k08G--1200x851@La Rioja.jpeg\" class=\"v-mdl__img-z\" width=\"1200\" height=\"851\" alt=\"Imagen secundaria 1 - Jubera, junto a j\u00f3venes tenistas y la leyenda Magnus Norman; en otra, junto a Didi Bredberg Ca\u00f1izares, campeona en Alcal\u00e1 de Henares; y en la \u00faltima, con Niels McDonald, campe\u00f3n de Roland Garros j\u00fanior en 2025.\"\/><\/p>\n<p><img decoding=\"async\" loading=\"lazy\" src=\"https:\/\/www.europesays.com\/es\/wp-content\/uploads\/2026\/01\/cosme-jubera (4)-k08G--711x841@La Rioja.jpeg\" class=\"v-mdl__img-z\" width=\"711\" height=\"841\" alt=\"Imagen secundaria 2 - Jubera, junto a j\u00f3venes tenistas y la leyenda Magnus Norman; en otra, junto a Didi Bredberg Ca\u00f1izares, campeona en Alcal\u00e1 de Henares; y en la \u00faltima, con Niels McDonald, campe\u00f3n de Roland Garros j\u00fanior en 2025.\"\/><\/p>\n<p class=\"v-p\">Con Norman coincidi\u00f3 en un proyecto de esponsorizaci\u00f3n de los mejores jugadores de Europa, entre los que se encontraba Neils McDonald, vencedor del Roland Garros j\u00fanior el pasado a\u00f1o. \u00abTrabajar con Magnus (Norman) me sirvi\u00f3 para introducirme en el tenis de alto nivel; \u00e9l siempre fue excepcional conmigo\u00bb, destaca Jubera para explicar despu\u00e9s que estuvo dos a\u00f1os formando a j\u00f3venes tenistas hasta que le lleg\u00f3 una oferta para mudarse a Barcelona, donde se introdujo en el tenis femenino. En la Ciudad Condal empez\u00f3 a trabajar con la rusa Alina Charaeva y esa uni\u00f3n enseguida dio frutos, puesto que pronto alcanzaron una racha de once victorias seguidas en el circuito profesional, ganando dos torneos en Espa\u00f1a y la primera ronda del Andorra Open 125K de manera consecutiva. Esa din\u00e1mica solo pudo romperla Lisicki, finalista en Wimbledon en 2013. As\u00ed, durante un a\u00f1o y medio trabajando juntos, Charaeva fue subiendo posiciones y en la actualidad ocupa el puesto 142 del ranking WTA y con presencia en los Grand Slams.<\/p>\n<p class=\"v-p\">Para entonces, Jubera ya hab\u00eda viajado por medio mundo: Jap\u00f3n, India, Bahamas, Etiop\u00eda&#8230; y ahora el a\u00fan joven riojano se encuentra en Valencia junto a Pancho Alvari\u00f1o. El entrenador \u00abes uno de los m\u00e1ximos referentes del tenis femenino espa\u00f1ol\u00bb, rese\u00f1a Jubera para citar, entre otros m\u00e9ritos, haber llevado a Safina al n\u00famero 1 del mundo o haber sido el capit\u00e1n de la selecci\u00f3n espa\u00f1ola de tenis femenino de Espa\u00f1a durante 12 a\u00f1os.<\/p>\n<p class=\"v-p\">Jubera forma parte de un grupo de trabajo entre los que hay cinco jugadoras entre las 300 primeras del ranking WTA y recientemente consigui\u00f3 un nuevo t\u00edtulo profesional como entrenador al acompa\u00f1ar en Alcal\u00e1 de Henares a Didi Bredberg Ca\u00f1izares, una gran promesa del tenis nacional. \u00abMi prioridad ahora es aprender lo m\u00e1ximo posible de Pancho durante el \u00faltimo tramo de su carrera y ayudar a las jugadoras a clasificarse para los Grand Slams\u00bb, certifica el riojano para concluir que el tenis lo representa \u00abtodo\u00bb para \u00e9l. \u00abHa sido siempre mi batalla diaria, mi veh\u00edculo, la llave que me abri\u00f3 mil puertas, mi pasi\u00f3n y mi oficio\u00bb, enumera. \u00abDisfruto mucho\u00bb, finaliza.<\/p>\n","protected":false},"excerpt":{"rendered":"Tiene 28 a\u00f1os y se ha recorrido medio mundo gracias a su pasi\u00f3n, el tenis. Nacido en Logro\u00f1o,&hellip;\n","protected":false},"author":2,"featured_media":341842,"comment_status":"","ping_status":"","sticky":false,"template":"","format":"standard","meta":{"footnotes":""},"categories":[274],"tags":[168,25,24,1142,66330,13156,23,167,327,326],"class_list":["post-341841","post","type-post","status-publish","format-standard","has-post-thumbnail","category-tenis","tag-deportes","tag-es","tag-espana","tag-forma","tag-logrones","tag-promesas","tag-spain","tag-sports","tag-tenis","tag-tennis"],"share_on_mastodon":{"url":"https:\/\/pubeurope.com\/@es\/115898391315968430","error":""},"_links":{"self":[{"href":"https:\/\/www.europesays.com\/es\/wp-json\/wp\/v2\/posts\/341841","targetHints":{"allow":["GET"]}}],"collection":[{"href":"https:\/\/www.europesays.com\/es\/wp-json\/wp\/v2\/posts"}],"about":[{"href":"https:\/\/www.europesays.com\/es\/wp-json\/wp\/v2\/types\/post"}],"author":[{"embeddable":true,"href":"https:\/\/www.europesays.com\/es\/wp-json\/wp\/v2\/users\/2"}],"replies":[{"embeddable":true,"href":"https:\/\/www.europesays.com\/es\/wp-json\/wp\/v2\/comments?post=341841"}],"version-history":[{"count":0,"href":"https:\/\/www.europesays.com\/es\/wp-json\/wp\/v2\/posts\/341841\/revisions"}],"wp:featuredmedia":[{"embeddable":true,"href":"https:\/\/www.europesays.com\/es\/wp-json\/wp\/v2\/media\/341842"}],"wp:attachment":[{"href":"https:\/\/www.europesays.com\/es\/wp-json\/wp\/v2\/media?parent=341841"}],"wp:term":[{"taxonomy":"category","embeddable":true,"href":"https:\/\/www.europesays.com\/es\/wp-json\/wp\/v2\/categories?post=341841"},{"taxonomy":"post_tag","embeddable":true,"href":"https:\/\/www.europesays.com\/es\/wp-json\/wp\/v2\/tags?post=341841"}],"curies":[{"name":"wp","href":"https:\/\/api.w.org\/{rel}","templated":true}]}}