{"id":341911,"date":"2026-01-15T10:24:11","date_gmt":"2026-01-15T10:24:11","guid":{"rendered":"https:\/\/www.europesays.com\/es\/341911\/"},"modified":"2026-01-15T10:24:11","modified_gmt":"2026-01-15T10:24:11","slug":"el-cortometraje-las-que-fueron-a-servir-seleccionado-en-el-emigration-film-festival-de-venecia","status":"publish","type":"post","link":"https:\/\/www.europesays.com\/es\/341911\/","title":{"rendered":"El cortometraje &#8216;Las que fueron a servir&#8217;, seleccionado en el Emigration Film Festival de Venecia"},"content":{"rendered":"<p><a class=\"v-mdl-ath__fig-a\" href=\"https:\/\/www.eldiariomontanes.es\/autor\/nacho-cavia-1029.html\" title=\"Nacho Cavia\" rel=\"nofollow noopener\" target=\"_blank\"><br \/>\n<img decoding=\"async\" class=\"v-mdl-ath__img\" src=\"https:\/\/www.europesays.com\/es\/wp-content\/uploads\/2025\/08\/firmas-5617e64f1b3f0-foto.jpg\" alt=\"Nacho Cavia\"\/><br \/>\n<\/a><\/p>\n<p class=\"v-mdl-ath__p v-mdl-ath__p--6\">\nMi\u00e9rcoles, 14 de enero 2026, 11:51<\/p>\n<p class=\"v-p\">Juana Guti\u00e9rrez, Natividad Mart\u00ednez (reci\u00e9n cumplidos los 100 a\u00f1os), Rosario Mart\u00ednez, Encarna Hoyos, Carmina Villegas, Josefina y Felisa de la Concha y Elena Ruiz ya son internacionales. El documental &#8216;Las que fueron a servir&#8217;, que cuenta su historia sirviendo lejos de casa en la posguerra espa\u00f1ola, ha sido seleccionado como representaci\u00f3n espa\u00f1ola en un festival de cine nada menos que en Venecia. En concreto en el Emigration Film Festival, el Festival de Cine de la Emigraci\u00f3n, en las Alas del Retorno, un evento cinematogr\u00e1fico dedicado al tema de la emigraci\u00f3n, que se celebra anualmente en el Palazzo Colossis, en Meduno. Este a\u00f1o la cita es del 23 al 25 de enero y concurren 18 trabajos, entre los que se encuentra el documental dirigido por Patricia Hern\u00e1ndez y promovido por el Movimiento Cultural Igu\u00f1a.<\/p>\n<p class=\"v-p\">La fuerza de los relatos de esas mujeres de Igu\u00f1a y Anievas ha conquistado la pantalla, al p\u00fablico y a los cr\u00edticos, como demuestran los premios recibidos, el \u00faltimo hasta ahora en el Festival Internacional de Cortometrajes de Tem\u00e1tica Rural celebrado en Ga\u00e9n (Teruel). El trabajo de Patricia Hern\u00e1ndez Guerrero fue reconocido como Mejor Cortometraje Documental y premiado con el aplauso de un p\u00fablico entregado, en muchos casos, identificado, con las protagonistas.<\/p>\n<p>Reacciones<\/p>\n<p class=\"v-p\">El Movimiento Cultural Igu\u00f1a, promotor del documental, ha agradecido ese nuevo reconocimiento, unido a los logrados en Teruel, La Coru\u00f1a, Cervera de Pisuerga, Espinama o Torrelavega. \u00abEstamos muy contentos por esta nominaci\u00f3n en Italia y en un festival cuya tem\u00e1tica es la emigraci\u00f3n, que el testimonio de nuestras mujeres sea considerado no solo memoria hist\u00f3rica, sino tambi\u00e9n una herramienta de reflexi\u00f3n sobre ese tema en ese dif\u00edcil momento\u00bb.<\/p>\n<p class=\"v-p\">Para Patricia Hern\u00e1ndez, la selecci\u00f3n en s\u00ed \u00abya es un premio\u00bb, pero no es el primer reconocimiento internacional, porque ya ha sido seleccionado en el Festival Migraci\u00f3n en Tr\u00e1nsito de Per\u00fa y en el Festival Internacional de Cine de Yopal de Colombia.<\/p>\n<p>\nEl documental recoge los testimonios de mujeres que sobrevivieron a la posguerra como empleadas dom\u00e9sticas\n<\/p>\n<p class=\"v-p\">El documental recoge los testimonios de mujeres que sobrevivieron a la posguerra como empleadas dom\u00e9sticas en hogares m\u00e1s o menos pudientes en los que se asomaron, en primera persona, al abismo entre servir y ser servido. Aceptaron, en la mayor\u00eda de los casos con l\u00e1grimas en los ojos, dejar su familia para ir a vivir con desconocidos que, de una forma u otra, se convertir\u00edan en sus due\u00f1os. Y lo hicieron sabiendo que descargaban parte de la mochila de preocupaciones que aflig\u00edan a los suyos, que malcom\u00edan vistiendo telas recosidas una y otra vez, compartiendo espacios que se convert\u00edan en comedor, cocina y dormitorio, cuando no, con suerte, en cuadra para animales.<\/p>\n<p>Reporta un error<\/p>\n","protected":false},"excerpt":{"rendered":"Mi\u00e9rcoles, 14 de enero 2026, 11:51 Juana Guti\u00e9rrez, Natividad Mart\u00ednez (reci\u00e9n cumplidos los 100 a\u00f1os), Rosario Mart\u00ednez, Encarna&hellip;\n","protected":false},"author":2,"featured_media":341912,"comment_status":"","ping_status":"","sticky":false,"template":"","format":"standard","meta":{"footnotes":""},"categories":[169],"tags":[177,77799,146,147,25,24,3931,176,175,25486,37011,23,9490],"class_list":{"0":"post-341911","1":"post","2":"type-post","3":"status-publish","4":"format-standard","5":"has-post-thumbnail","7":"category-cine","8":"tag-cine","9":"tag-emigration","10":"tag-entertainment","11":"tag-entretenimiento","12":"tag-es","13":"tag-espana","14":"tag-festival","15":"tag-film","16":"tag-movies","17":"tag-seleccionado","18":"tag-servir","19":"tag-spain","20":"tag-venecia"},"share_on_mastodon":{"url":"https:\/\/pubeurope.com\/@es\/115898631080254601","error":""},"_links":{"self":[{"href":"https:\/\/www.europesays.com\/es\/wp-json\/wp\/v2\/posts\/341911","targetHints":{"allow":["GET"]}}],"collection":[{"href":"https:\/\/www.europesays.com\/es\/wp-json\/wp\/v2\/posts"}],"about":[{"href":"https:\/\/www.europesays.com\/es\/wp-json\/wp\/v2\/types\/post"}],"author":[{"embeddable":true,"href":"https:\/\/www.europesays.com\/es\/wp-json\/wp\/v2\/users\/2"}],"replies":[{"embeddable":true,"href":"https:\/\/www.europesays.com\/es\/wp-json\/wp\/v2\/comments?post=341911"}],"version-history":[{"count":0,"href":"https:\/\/www.europesays.com\/es\/wp-json\/wp\/v2\/posts\/341911\/revisions"}],"wp:featuredmedia":[{"embeddable":true,"href":"https:\/\/www.europesays.com\/es\/wp-json\/wp\/v2\/media\/341912"}],"wp:attachment":[{"href":"https:\/\/www.europesays.com\/es\/wp-json\/wp\/v2\/media?parent=341911"}],"wp:term":[{"taxonomy":"category","embeddable":true,"href":"https:\/\/www.europesays.com\/es\/wp-json\/wp\/v2\/categories?post=341911"},{"taxonomy":"post_tag","embeddable":true,"href":"https:\/\/www.europesays.com\/es\/wp-json\/wp\/v2\/tags?post=341911"}],"curies":[{"name":"wp","href":"https:\/\/api.w.org\/{rel}","templated":true}]}}