{"id":341924,"date":"2026-01-15T10:31:07","date_gmt":"2026-01-15T10:31:07","guid":{"rendered":"https:\/\/www.europesays.com\/es\/341924\/"},"modified":"2026-01-15T10:31:07","modified_gmt":"2026-01-15T10:31:07","slug":"el-ayuntamiento-de-pamplona-amplia-en-dos-plazas-la-oposicion-de-personal-tecnico-de-traduccion-al-euskera-convocada-el-pasado-octubre","status":"publish","type":"post","link":"https:\/\/www.europesays.com\/es\/341924\/","title":{"rendered":"El Ayuntamiento de Pamplona ampl\u00eda en dos plazas la oposici\u00f3n de personal t\u00e9cnico de traducci\u00f3n al euskera convocada el pasado octubre"},"content":{"rendered":"<p>        El Ayuntamiento de Pamplona ampl\u00eda en dos plazas la oposici\u00f3n de personal t\u00e9cnico de traducci\u00f3n al euskera convocada el pasado octubre | Ayuntamiento de Pamplona<\/p>\n<p><a href=\"#main-content\" class=\"visually-hidden focusable skip-link\"><br \/>\n    Pasar al contenido principal<br \/>\n<\/a><\/p>\n<ol class=\"breadcrumb\">\n<li>\n                  <a href=\"https:\/\/www.pamplona.es\/actualidad\" rel=\"nofollow noopener\" target=\"_blank\">Actualidad<\/a>\n              <\/li>\n<li>\n                  <a href=\"https:\/\/www.pamplona.es\/actualidad\/noticias\" rel=\"nofollow noopener\" target=\"_blank\">Noticias<\/a>\n              <\/li>\n<li class=\"active\">\n                  El Ayuntamiento de Pamplona ampl\u00eda en dos plazas la oposici\u00f3n de personal t\u00e9cnico de traducci\u00f3n al euskera convocada el pasado octubre\n              <\/li>\n<\/ol>\n<p>                                                    <a id=\"main-content\"\/><\/p>\n","protected":false},"excerpt":{"rendered":"El Ayuntamiento de Pamplona ampl\u00eda en dos plazas la oposici\u00f3n de personal t\u00e9cnico de traducci\u00f3n al euskera convocada&hellip;\n","protected":false},"author":2,"featured_media":341925,"comment_status":"","ping_status":"","sticky":false,"template":"","format":"standard","meta":{"footnotes":""},"categories":[8],"tags":[17,18,25,24,13,14,11,19,20,9,10,15,16,23,12,21,22],"class_list":{"0":"post-341924","1":"post","2":"type-post","3":"status-publish","4":"format-standard","5":"has-post-thumbnail","7":"category-espana","8":"tag-breaking-news","9":"tag-breakingnews","10":"tag-es","11":"tag-espana","12":"tag-featured-news","13":"tag-featurednews","14":"tag-headlines","15":"tag-latest-news","16":"tag-latestnews","17":"tag-news","18":"tag-noticias","19":"tag-noticias-destacadas","20":"tag-noticiasdestacadas","21":"tag-spain","22":"tag-titulares","23":"tag-ultimas-noticias","24":"tag-ultimasnoticias"},"share_on_mastodon":{"url":"https:\/\/pubeurope.com\/@es\/115898658494020994","error":""},"_links":{"self":[{"href":"https:\/\/www.europesays.com\/es\/wp-json\/wp\/v2\/posts\/341924","targetHints":{"allow":["GET"]}}],"collection":[{"href":"https:\/\/www.europesays.com\/es\/wp-json\/wp\/v2\/posts"}],"about":[{"href":"https:\/\/www.europesays.com\/es\/wp-json\/wp\/v2\/types\/post"}],"author":[{"embeddable":true,"href":"https:\/\/www.europesays.com\/es\/wp-json\/wp\/v2\/users\/2"}],"replies":[{"embeddable":true,"href":"https:\/\/www.europesays.com\/es\/wp-json\/wp\/v2\/comments?post=341924"}],"version-history":[{"count":0,"href":"https:\/\/www.europesays.com\/es\/wp-json\/wp\/v2\/posts\/341924\/revisions"}],"wp:featuredmedia":[{"embeddable":true,"href":"https:\/\/www.europesays.com\/es\/wp-json\/wp\/v2\/media\/341925"}],"wp:attachment":[{"href":"https:\/\/www.europesays.com\/es\/wp-json\/wp\/v2\/media?parent=341924"}],"wp:term":[{"taxonomy":"category","embeddable":true,"href":"https:\/\/www.europesays.com\/es\/wp-json\/wp\/v2\/categories?post=341924"},{"taxonomy":"post_tag","embeddable":true,"href":"https:\/\/www.europesays.com\/es\/wp-json\/wp\/v2\/tags?post=341924"}],"curies":[{"name":"wp","href":"https:\/\/api.w.org\/{rel}","templated":true}]}}