{"id":341943,"date":"2026-01-15T10:50:11","date_gmt":"2026-01-15T10:50:11","guid":{"rendered":"https:\/\/www.europesays.com\/es\/341943\/"},"modified":"2026-01-15T10:50:11","modified_gmt":"2026-01-15T10:50:11","slug":"florentino-aficionado-florentino-presidente-futbol-deportes","status":"publish","type":"post","link":"https:\/\/www.europesays.com\/es\/341943\/","title":{"rendered":"Florentino aficionado, Florentino presidente | F\u00fatbol | Deportes"},"content":{"rendered":"<p class=\"\">Habr\u00e1 que comenzar reconociendo que <a href=\"https:\/\/elpais.com\/deportes\/futbol\/2026-01-12\/el-real-madrid-despide-a-xabi-alonso.html#?rel=lom\" target=\"_self\" rel=\"nofollow noopener\" title=\"https:\/\/elpais.com\/deportes\/futbol\/2026-01-12\/el-real-madrid-despide-a-xabi-alonso.html#?rel=lom\">la destituci\u00f3n de Xabi Alonso nos ha cogido a todos por sorpresa,<\/a> aunque nadie podr\u00e1 alegar que no estuvi\u00e9semos m\u00e1s que avisados. Mucho se ha dicho y escrito los \u00faltimos meses sobre su situaci\u00f3n en el Madrid, la compleja relaci\u00f3n con algunas de las estrellas del equipo \u2014determinar el n\u00famero exacto de cabreados siempre resulta complicado en un vestuario como el blanco\u2014 y su dif\u00edcil convivencia con un entorno que te borra las cinco estrellas de leyenda en Tripadvisor el mismo d\u00eda que firmas tu contrato <a href=\"https:\/\/elpais.com\/deportes\/futbol\/2026-01-13\/xabi-alonso-se-despide-del-madrid-me-voy-con-gratitud-y-el-orgullo-de-haberlo-hecho-lo-mejor-posible.html\" target=\"_self\" rel=\"nofollow noopener\" title=\"https:\/\/elpais.com\/deportes\/futbol\/2026-01-13\/xabi-alonso-se-despide-del-madrid-me-voy-con-gratitud-y-el-orgullo-de-haberlo-hecho-lo-mejor-posible.html\">como nuevo inquilino del banquillo de hierro.<\/a><\/p>\n<p class=\"\">A Florentino le gustan mucho los grandes futbolistas y poco, muy poco, los entrenadores, da igual que sean grandes o peque\u00f1os. Es un aficionado de los de antes, de los que se enfadan de verdad con cada derrota y miran autom\u00e1ticamente hacia el banquillo para repartir culpas entre el entrenador y el preparador f\u00edsico: o alguien no alinea a los que debe o los alineados no corren como se espera, no hay mucho m\u00e1s. No es Florentino ning\u00fan panenkita. Y mucho menos un pizarritas, mal que le pese al bueno de Miguel Quintana. No le importa si el bloque es alto o bajo, ni c\u00f3mo se relacionan sus futbolistas en eso tan literario del contexto. <a href=\"https:\/\/elpais.com\/deportes\/futbol\/2026-01-13\/primera-rueda-de-prensa-de-alvaro-arbeloa-como-entrenador-del-real-madrid.html#?rel=lom\" target=\"_self\" rel=\"nofollow noopener\" title=\"https:\/\/elpais.com\/deportes\/futbol\/2026-01-13\/primera-rueda-de-prensa-de-alvaro-arbeloa-como-entrenador-del-real-madrid.html#?rel=lom\">A Florentino solo le importa ganar<\/a> y para ello conoce un buen camino: el de juntar sobre el campo a la mayor leva de estrellas mundiales posible. <\/p>\n<p class=\"\">Ninguno de sus entrenadores le ha robado el coraz\u00f3n m\u00e1s all\u00e1 de momentos muy puntuales. Ni siquiera Mourinho, al que despach\u00f3 sin miramientos cuando intuy\u00f3 que el portugu\u00e9s empezaba a creerse m\u00e1s grande que el propio Real Madrid: \u00e9l, Florentino, es el Real Madrid le pese a quien le pese, m\u00e1xime desde que decidiera volver de su retiro voluntario y optar por segunda vez a la presidencia, ahora ya sin oposici\u00f3n. Tampoco Zidane o Ancelotti le llenaban el ojo aun levantando Copas de Europa con una facilidad que parec\u00eda trampa. Al italiano, por ejemplo, jam\u00e1s podr\u00e1 perdonarle que situase a Camavinga como lateral izquierdo en aquel partido contra el Manchester City que fue la antesala del triplete britt de Pep Guardiola. Tanto le molest\u00f3 todo aquello que algunas noches a\u00fan debe despertarse agitado y grit\u00e1ndole al mundo qu\u00e9 demonios hac\u00eda el franc\u00e9s jugando a ser Marcelo. Quiz\u00e1s eso pueda explicar que la plantilla actual tenga tantos laterales zurdos y ning\u00fan centrocampista con verdadero derecho a llamarse eso: centrocampista. <\/p>\n<p class=\"\">Este equipo lleva su firma por todas partes y, ahora que Xabi Alonso ya no est\u00e1, le toca a \u00e9l recibir el veredicto provisional del Bernab\u00e9u. Se ha quedado solo en la Superliga, ese torneo fantasma que present\u00f3 al mundo desde el plat\u00f3 de El Chiringuito. La apuesta del nuevo estadio dispensador 365 d\u00edas al a\u00f1o sigue sin dar todo el fruto esperado y el c\u00e9sped contin\u00faa hecho unos zorros pese a la magn\u00edfica inversi\u00f3n en el hipogeo, una obra de ingenier\u00eda civil que alg\u00fan d\u00eda se analizar\u00e1 en las tardes de Mega. Los parkings proyectados en La Castellana han terminado en los juzgados, el futuro modelo de propiedad genera dudas entre algunos socios y el equipo, la principal arteria del coraz\u00f3n blanco \u2014ahora descolgado a varias leguas de su m\u00e1ximo rival\u2014, les genera muchas m\u00e1s. No son, por tanto, buenos tiempos para el Florentino aficionado: un hombre de convicciones tan firmes que, de no tener obligaci\u00f3n de sentarse en la silla central del palco de autoridades el pr\u00f3ximo partido, quiz\u00e1s desatar\u00eda su furia contra el Florentino presidente.<\/p>\n","protected":false},"excerpt":{"rendered":"Habr\u00e1 que comenzar reconociendo que la destituci\u00f3n de Xabi Alonso nos ha cogido a todos por sorpresa, aunque&hellip;\n","protected":false},"author":2,"featured_media":341944,"comment_status":"","ping_status":"","sticky":false,"template":"","format":"standard","meta":{"footnotes":""},"categories":[93],"tags":[13033,1540,168,66339,1539,25,24,15510,282,1538,30526,3048,23,167,10344],"class_list":{"0":"post-341943","1":"post","2":"type-post","3":"status-publish","4":"format-standard","5":"has-post-thumbnail","7":"category-deportes","8":"tag-alvaro-arbeloa","9":"tag-competiciones","10":"tag-deportes","11":"tag-destituciones-deportivas","12":"tag-entrenadores","13":"tag-es","14":"tag-espana","15":"tag-florentino-perez","16":"tag-futbol","17":"tag-futbolistas","18":"tag-jose-mourinho","19":"tag-real-madrid","20":"tag-spain","21":"tag-sports","22":"tag-xabi-alonso"},"share_on_mastodon":{"url":"https:\/\/pubeurope.com\/@es\/115898733292809819","error":""},"_links":{"self":[{"href":"https:\/\/www.europesays.com\/es\/wp-json\/wp\/v2\/posts\/341943","targetHints":{"allow":["GET"]}}],"collection":[{"href":"https:\/\/www.europesays.com\/es\/wp-json\/wp\/v2\/posts"}],"about":[{"href":"https:\/\/www.europesays.com\/es\/wp-json\/wp\/v2\/types\/post"}],"author":[{"embeddable":true,"href":"https:\/\/www.europesays.com\/es\/wp-json\/wp\/v2\/users\/2"}],"replies":[{"embeddable":true,"href":"https:\/\/www.europesays.com\/es\/wp-json\/wp\/v2\/comments?post=341943"}],"version-history":[{"count":0,"href":"https:\/\/www.europesays.com\/es\/wp-json\/wp\/v2\/posts\/341943\/revisions"}],"wp:featuredmedia":[{"embeddable":true,"href":"https:\/\/www.europesays.com\/es\/wp-json\/wp\/v2\/media\/341944"}],"wp:attachment":[{"href":"https:\/\/www.europesays.com\/es\/wp-json\/wp\/v2\/media?parent=341943"}],"wp:term":[{"taxonomy":"category","embeddable":true,"href":"https:\/\/www.europesays.com\/es\/wp-json\/wp\/v2\/categories?post=341943"},{"taxonomy":"post_tag","embeddable":true,"href":"https:\/\/www.europesays.com\/es\/wp-json\/wp\/v2\/tags?post=341943"}],"curies":[{"name":"wp","href":"https:\/\/api.w.org\/{rel}","templated":true}]}}