{"id":341951,"date":"2026-01-15T10:54:09","date_gmt":"2026-01-15T10:54:09","guid":{"rendered":"https:\/\/www.europesays.com\/es\/341951\/"},"modified":"2026-01-15T10:54:09","modified_gmt":"2026-01-15T10:54:09","slug":"la-salud-mental-el-nuevo-activo-estrategico-de-las-empresas-en-2026","status":"publish","type":"post","link":"https:\/\/www.europesays.com\/es\/341951\/","title":{"rendered":"La salud mental, el nuevo activo estrat\u00e9gico de las empresas en 2026"},"content":{"rendered":"<p>&#13;<br \/>\n&#13;<\/p>\n<p>En tan solo unos a\u00f1os, la salud mental ha pasado de ser un asunto invisible en las empresas a convertirse en uno de los grandes retos estrat\u00e9gicos del tejido productivo espa\u00f1ol. El aumento sostenido de las bajas laborales por ansiedad, estr\u00e9s o depresi\u00f3n representan cerca del 30% del total y superan de media los 100 d\u00edas de duraci\u00f3n seg\u00fan el INSST (Instituto Nacional de Seguridad y Salud en el Trabajo).<\/p>\n<p><img decoding=\"async\" src=\"https:\/\/www.europesays.com\/es\/wp-content\/uploads\/2026\/01\/7806533.jpeg\" alt=\"Healthy Minds Bajas Salud Mental\" data-meta=\"{&quot;widget&quot;:&quot;simpleimage&quot;,&quot;image_id&quot;:null,&quot;floating&quot;:&quot;fullwidth&quot;}\" style=\"display: block; margin: auto; width: 100%;\"\/><\/p>\n<p>El impacto no es solo humano, tambi\u00e9n econ\u00f3mico: el absentismo asociado a la incapacidad temporal se traduce en decenas de miles de millones de euros al a\u00f1o, con una carga que se reparte entre el gasto en prestaciones de la Seguridad Social y el coste directo que asumen las empresas. En 2024, distintas estimaciones sit\u00faan esa factura en torno a los 29.000 millones de euros, con aproximadamente 15.000 millones a cargo de la Seguridad Social y cerca de 14.000 millones atribuibles a las empresas.<\/p>\n<p>En este contexto, la evaluaci\u00f3n de riesgos psicosociales se perfila como una de las herramientas m\u00e1s eficaces para prevenir el deterioro del bienestar emocional y reducir el absentismo. Esta actualizaci\u00f3n de la normativa reforzar\u00e1 de forma expl\u00edcita el foco en la salud mental, otorgando una prioridad sin precedentes a factores como la fatiga inform\u00e1tica, el estr\u00e9s y el agotamiento, y elev\u00e1ndola a un eje central de la estrategia preventiva de las organizaciones.<\/p>\n<p><strong>Inteligencia Artificial (IA) en la evaluaci\u00f3n: entrevistas automatizadas con metahumanos<\/strong><\/p>\n<p>Ante este nuevo escenario, la startup espa\u00f1ola Healthy Minds cuenta con un modelo que transforma la evaluaci\u00f3n de riesgos psicosociales en una herramienta estrat\u00e9gica de prevenci\u00f3n. Su plataforma, basada en IA y respaldada por evidencia cient\u00edfica, permite analizar el estado emocional de las plantillas y predecir con un 85% de precisi\u00f3n la aparici\u00f3n de problemas como estr\u00e9s, ansiedad o depresi\u00f3n.<\/p>\n<p>El proceso combina formaci\u00f3n obligatoria en riesgos psicosociales, evaluaci\u00f3n cuantitativa oficial y una innovadora evaluaci\u00f3n cualitativa mediante entrevistas automatizadas con un metahumano hiperrealista, capaz de llegar al 100% de la plantilla en un m\u00e1ximo de 45 d\u00edas.<\/p>\n<p>\u201cDurante a\u00f1os, muchas empresas han entendido la evaluaci\u00f3n de riesgos psicosociales como un tr\u00e1mite para evitar sanciones. En 2026, esa visi\u00f3n ya no ser\u00e1 viable\u201d, se\u00f1ala Angelines Basagoiti, CEO de Healthy Minds.<\/p>\n<p>\u201cAtendiendo al aumento gradual de las bajas laborales por salud mental, las compa\u00f1\u00edas que no integren en su estrategia la prevenci\u00f3n riesgos psicosociales van a tener asumir un gran coste humano y econ\u00f3mico. No se trata de cumplir la ley, es proteger el talento y la sostenibilidad del negocio\u201d, a\u00f1ade Basagoiti.<\/p>\n<p><strong>De la obligaci\u00f3n legal a la ventaja competitiva<\/strong><\/p>\n<p>Los expertos coinciden en que la salud mental es hoy uno de los principales factores que afectan a la productividad, la rotaci\u00f3n y el compromiso de los equipos. No obstante, la mayor\u00eda de las evaluaciones tradicionales llegan tarde, cubren solo una parte de la plantilla y no se traducen en medidas preventivas reales.<\/p>\n<p>Para el Dr. Ra\u00fal Alel\u00fa, cofundador de Healthy Minds y experto en neurociencia, cuando una organizaci\u00f3n identifica el problema una vez que la baja ya se ha producido, llega tarde. \u201cLa clave est\u00e1 en anticiparse\u201d, se\u00f1ala, y a\u00f1ade que \u201cdesde la neurociencia sabemos que el estr\u00e9s cr\u00f3nico y la ansiedad no aparecen de un d\u00eda para otro, sino que muestran se\u00f1ales claras meses antes. Si se detectan a tiempo, es posible evitar muchas bajas de larga duraci\u00f3n\u201d.<\/p>\n<p>Con la nueva reforma de la Ley de Prevenci\u00f3n de Riesgos Laborales en el horizonte, todo indica que la salud mental dejar\u00e1 de ser un tema perif\u00e9rico para convertirse en un indicador clave de gesti\u00f3n.\u00a0Las organizaciones que se adelanten al cambio normativo y adopten modelos predictivos y preventivos estar\u00e1n mejor preparadas para un mercado laboral cada vez m\u00e1s exigente.<\/p>\n<p>&#13;<br \/>\n&#13;<\/p>\n","protected":false},"excerpt":{"rendered":"&#13; &#13; En tan solo unos a\u00f1os, la salud mental ha pasado de ser un asunto invisible en&hellip;\n","protected":false},"author":2,"featured_media":341952,"comment_status":"","ping_status":"","sticky":false,"template":"","format":"standard","meta":{"footnotes":""},"categories":[80],"tags":[82,95,94,25,24,23],"class_list":{"0":"post-341951","1":"post","2":"type-post","3":"status-publish","4":"format-standard","5":"has-post-thumbnail","7":"category-economia","8":"tag-business","9":"tag-economia","10":"tag-economy","11":"tag-es","12":"tag-espana","13":"tag-spain"},"share_on_mastodon":{"url":"https:\/\/pubeurope.com\/@es\/115898751957828863","error":""},"_links":{"self":[{"href":"https:\/\/www.europesays.com\/es\/wp-json\/wp\/v2\/posts\/341951","targetHints":{"allow":["GET"]}}],"collection":[{"href":"https:\/\/www.europesays.com\/es\/wp-json\/wp\/v2\/posts"}],"about":[{"href":"https:\/\/www.europesays.com\/es\/wp-json\/wp\/v2\/types\/post"}],"author":[{"embeddable":true,"href":"https:\/\/www.europesays.com\/es\/wp-json\/wp\/v2\/users\/2"}],"replies":[{"embeddable":true,"href":"https:\/\/www.europesays.com\/es\/wp-json\/wp\/v2\/comments?post=341951"}],"version-history":[{"count":0,"href":"https:\/\/www.europesays.com\/es\/wp-json\/wp\/v2\/posts\/341951\/revisions"}],"wp:featuredmedia":[{"embeddable":true,"href":"https:\/\/www.europesays.com\/es\/wp-json\/wp\/v2\/media\/341952"}],"wp:attachment":[{"href":"https:\/\/www.europesays.com\/es\/wp-json\/wp\/v2\/media?parent=341951"}],"wp:term":[{"taxonomy":"category","embeddable":true,"href":"https:\/\/www.europesays.com\/es\/wp-json\/wp\/v2\/categories?post=341951"},{"taxonomy":"post_tag","embeddable":true,"href":"https:\/\/www.europesays.com\/es\/wp-json\/wp\/v2\/tags?post=341951"}],"curies":[{"name":"wp","href":"https:\/\/api.w.org\/{rel}","templated":true}]}}