{"id":341976,"date":"2026-01-15T11:16:16","date_gmt":"2026-01-15T11:16:16","guid":{"rendered":"https:\/\/www.europesays.com\/es\/341976\/"},"modified":"2026-01-15T11:16:16","modified_gmt":"2026-01-15T11:16:16","slug":"identifican-genes-que-aumentan-el-riesgo-de-cancer-de-pancreas-y-permiten-detectar-poblacion-susceptible","status":"publish","type":"post","link":"https:\/\/www.europesays.com\/es\/341976\/","title":{"rendered":"Identifican genes que aumentan el riesgo de c\u00e1ncer de p\u00e1ncreas y permiten detectar poblaci\u00f3n susceptible"},"content":{"rendered":"<p style=\"font-size: 1.2em; color: #000!important; margin-bottom: 15px;\">&#13;<br \/>\n                        Investigadores descubrieron que variaciones en los genes FCN1 y PLAT, ligados al sistema inmunitario innato, aumentan la predisposici\u00f3n al c\u00e1ncer de p\u00e1ncreas. Esta identificaci\u00f3n dar\u00eda paso a cribados gen\u00e9ticos y vigilancia en poblaci\u00f3n de alto riesgo.&#13;\n                    <\/p>\n<p>Los investigadores tambi\u00e9n crearon una plataforma online que analiza el tumor y ayuda a los m\u00e9dicos a personalizar el tratamiento, aumentando las probabilidades de que cada paciente reciba la terapia m\u00e1s eficaz. Foto: Shutterstock.<\/p>\n<p>Un equipo del Centro Nacional de Investigaciones Oncol\u00f3gicas (CNIO) ha realizado dos avances en la comprensi\u00f3n y el abordaje del adenocarcinoma ductal pancre\u00e1tico, el tipo m\u00e1s com\u00fan y letal de <strong><a href=\"https:\/\/medicinaysaludpublica.com\/tags\/cancer-de-pancreas\/22343\" style=\"text-decoration: underline;\" title=\"c\u00e1ncer de p\u00e1ncreas\" rel=\"nofollow noopener\" target=\"_blank\">c\u00e1ncer de p\u00e1ncreas<\/a><\/strong>.\u00a0<\/p>\n<p>Por un lado, el estudio ha descubierto <strong><a href=\"https:\/\/medicinaysaludpublica.com\/tags\/genes\/27146\" style=\"text-decoration: underline;\" title=\"genes\" rel=\"nofollow noopener\" target=\"_blank\">genes<\/a><\/strong> espec\u00edficos que aumentan el riesgo de desarrollar esta enfermedad, lo que podr\u00eda permitir identificar a personas con mayor susceptibilidad para incluirlas en programas de detecci\u00f3n precoz.\u00a0<\/p>\n<p>Por otro lado, los investigadores han creado una aplicaci\u00f3n web que facilita la clasificaci\u00f3n molecular de los tumores, un paso crucial para orientar los tratamientos de manera m\u00e1s personalizada.<\/p>\n<p><strong>Dos genes clave en el sistema de defensa innato<\/strong><\/p>\n<p>El primer estudio, publicado en Nature Communications y liderado por las doctoras N\u00faria Malats y Evangelina L\u00f3pez de Maturana del Grupo de Epidemiolog\u00eda y Gen\u00e9tica Molecular del CNIO, se centra en la predisposici\u00f3n gen\u00e9tica. La investigaci\u00f3n ha identificado que variaciones en dos <strong>genes<\/strong> concretos, FCN1 y PLAT, est\u00e1n asociadas a un mayor riesgo de desarrollar este c\u00e1ncer.\u00a0<\/p>\n<p>Lo novedoso es que estos <strong>genes<\/strong> pertenecen al sistema del complemento, una parte fundamental de la inmunidad innata que act\u00faa como primera l\u00ednea de defensa del organismo.<\/p>\n<p>Hasta ahora, muy pocos estudios hab\u00edan relacionado este sistema con el c\u00e1ncer. El trabajo sugiere que cuando estos <strong>genes<\/strong> fallan, pueden crear un terreno propicio para el desarrollo del tumor.\u00a0<\/p>\n<p>Este hallazgo es potencialmente transformador para la prevenci\u00f3n, ya que estos <strong>genes<\/strong> \u00abpodr\u00edan convertirse en biomarcadores \u00fatiles para realizar cribados a poblaci\u00f3n de riesgo\u00bb.\u00a0<\/p>\n<p>Identificar a las personas portadoras de estas variantes gen\u00e9ticas permitir\u00eda someterlas a un seguimiento cl\u00ednico estrecho, algo vital en un c\u00e1ncer que suele diagnosticarse en estadios muy avanzados debido a la ausencia de s\u00edntomas tempranos.<\/p>\n<p><strong>Implicaciones para el futuro de la inmunoterapia<\/strong><\/p>\n<p>M\u00e1s all\u00e1 de la predisposici\u00f3n, la investigaci\u00f3n del sistema del complemento abre una puerta esperanzadora para el tratamiento. El <strong>c\u00e1ncer de p\u00e1ncreas<\/strong> es conocido por ser un \u00abc\u00e1ncer fr\u00edo\u00bb, es decir, logra evadir al <strong><a href=\"https:\/\/medicinaysaludpublica.com\/tags\/sistema-inmunitario\/15127\" style=\"text-decoration: underline;\" title=\"sistema inmunitario\" rel=\"nofollow noopener\" target=\"_blank\">sistema inmunitario<\/a><\/strong>, lo que explica en parte por qu\u00e9 la inmunoterapia ha tenido un \u00e9xito limitado contra \u00e9l.\u00a0<\/p>\n<p>El equipo del CNIO descubri\u00f3 que la actividad de otros <strong>genes<\/strong> del complemento influye en el tipo de c\u00e9lulas inmunitarias que infiltran el tumor: pueden favorecer la llegada de c\u00e9lulas defensoras (que atacan al c\u00e1ncer) o de c\u00e9lulas reguladoras (que lo protegen).<\/p>\n<p>Comprender este mecanismo ofrece una nueva diana terap\u00e9utica. Como afirma la Dra. Malats, este conocimiento permite pensar en \u00abnuevas inmunoterapias dirigidas a estos <strong>genes<\/strong>\u00ab, con el objetivo de reprogramar el microambiente tumoral y hacer que el <strong>sistema inmunitario<\/strong> del paciente vuelva a reconocer y combatir el c\u00e1ncer.<\/p>\n<p><strong>Una aplicaci\u00f3n para clasificar tumores y guiar el tratamiento<\/strong><\/p>\n<p>Paralelamente, y en un estudio publicado en Genome Medicine, el mismo grupo de investigaci\u00f3n ha abordado la heterogeneidad del <strong>c\u00e1ncer de p\u00e1ncreas<\/strong>.\u00a0<\/p>\n<p>No todos los tumores son iguales; su agresividad y respuesta al tratamiento var\u00edan, pero hasta ahora faltaba una herramienta estandarizada para clasificarlos de manera consensuada.<\/p>\n<p>Para solucionarlo, los investigadores, con el Dr. Pablo Villoslada como primer autor, han desarrollado un nuevo clasificador de consenso integrando datos de varios modelos previos. La innovaci\u00f3n pr\u00e1ctica es que han empaquetado este conocimiento en una aplicaci\u00f3n web de libre acceso.\u00a0<\/p>\n<p>El proceso para los m\u00e9dicos es sencillo: se secuencia el ARN de una biopsia del tumor, se suben los datos a la plataforma y esta devuelve la clasificaci\u00f3n del subtipo tumoral.<\/p>\n<p>Este clasificador distingue dos subtipos basados en las propias c\u00e9lulas cancerosas y otros dos seg\u00fan las caracter\u00edsticas del estroma (el tejido sano que rodea al tumor y que influye decisivamente en la eficacia de los f\u00e1rmacos).\u00a0<\/p>\n<p>Adem\u00e1s, esta herramienta permitir\u00e1 investigaciones m\u00e1s precisas. \u00abAhora que somos capaces de separar estos subtipos\u00bb, se\u00f1ala Malats, se podr\u00e1 analizar, por ejemplo, si factores de riesgo como el tabaco afectan de manera diferente a cada variante molecular del c\u00e1ncer.<\/p>\n","protected":false},"excerpt":{"rendered":"&#13; Investigadores descubrieron que variaciones en los genes FCN1 y PLAT, ligados al sistema inmunitario innato, aumentan la&hellip;\n","protected":false},"author":2,"featured_media":341977,"comment_status":"","ping_status":"","sticky":false,"template":"","format":"standard","meta":{"footnotes":""},"categories":[92],"tags":[25,24,165,166,23],"class_list":{"0":"post-341976","1":"post","2":"type-post","3":"status-publish","4":"format-standard","5":"has-post-thumbnail","7":"category-salud","8":"tag-es","9":"tag-espana","10":"tag-health","11":"tag-salud","12":"tag-spain"},"share_on_mastodon":{"url":"https:\/\/pubeurope.com\/@es\/115898835621170536","error":""},"_links":{"self":[{"href":"https:\/\/www.europesays.com\/es\/wp-json\/wp\/v2\/posts\/341976","targetHints":{"allow":["GET"]}}],"collection":[{"href":"https:\/\/www.europesays.com\/es\/wp-json\/wp\/v2\/posts"}],"about":[{"href":"https:\/\/www.europesays.com\/es\/wp-json\/wp\/v2\/types\/post"}],"author":[{"embeddable":true,"href":"https:\/\/www.europesays.com\/es\/wp-json\/wp\/v2\/users\/2"}],"replies":[{"embeddable":true,"href":"https:\/\/www.europesays.com\/es\/wp-json\/wp\/v2\/comments?post=341976"}],"version-history":[{"count":0,"href":"https:\/\/www.europesays.com\/es\/wp-json\/wp\/v2\/posts\/341976\/revisions"}],"wp:featuredmedia":[{"embeddable":true,"href":"https:\/\/www.europesays.com\/es\/wp-json\/wp\/v2\/media\/341977"}],"wp:attachment":[{"href":"https:\/\/www.europesays.com\/es\/wp-json\/wp\/v2\/media?parent=341976"}],"wp:term":[{"taxonomy":"category","embeddable":true,"href":"https:\/\/www.europesays.com\/es\/wp-json\/wp\/v2\/categories?post=341976"},{"taxonomy":"post_tag","embeddable":true,"href":"https:\/\/www.europesays.com\/es\/wp-json\/wp\/v2\/tags?post=341976"}],"curies":[{"name":"wp","href":"https:\/\/api.w.org\/{rel}","templated":true}]}}