{"id":341980,"date":"2026-01-15T11:18:08","date_gmt":"2026-01-15T11:18:08","guid":{"rendered":"https:\/\/www.europesays.com\/es\/341980\/"},"modified":"2026-01-15T11:18:08","modified_gmt":"2026-01-15T11:18:08","slug":"cuatro-astronautas-de-la-eei-vuelven-con-exito-a-la-tierra-tras-una-evacuacion-medica","status":"publish","type":"post","link":"https:\/\/www.europesays.com\/es\/341980\/","title":{"rendered":"Cuatro astronautas de la EEI vuelven con \u00e9xito a la Tierra tras una evacuaci\u00f3n m\u00e9dica"},"content":{"rendered":"<p>    <img src=\"https:\/\/www.europesays.com\/es\/wp-content\/uploads\/2026\/01\/1768475888_877_2026-01-15T013A493A42Z-90778655.jpg\" width=\"1024\" height=\"666\" alt=\"\" loading=\"eager\" decoding=\"sync\" fetchpriority=\"high\"\/><\/p>\n<p>            afp_tickers        <\/p>\n<p>        Este contenido fue publicado en    <\/p>\n<p>        15 enero 2026 &#8211; 10:52\n<\/p>\n<p>Cuatro tripulantes de la Estaci\u00f3n Espacial Internacional (EEI) amerizaron este jueves con \u00e9xito en el oc\u00e9ano Pac\u00edfico despu\u00e9s de que el problema m\u00e9dico de uno de ellos obligara a acortar la misi\u00f3n.<\/p>\n<p>La agencia espacial estadounidense (NASA) no quiso revelar qu\u00e9 miembro de la tripulaci\u00f3n sufre un problema de salud ni dar detalles, pero subray\u00f3 que el regreso a la Tierra no constituye una situaci\u00f3n de emergencia.<\/p>\n<p>Se trata de la primera vez que se realiza una evacuaci\u00f3n m\u00e9dica desde la EEI, un centro internacional de investigaci\u00f3n en \u00f3rbita.<\/p>\n<p>Tras cinco meses en el espacio, los astronautas estadounidenses Mike Fincke y Zena Cardman, el ruso Oleg Platonov y el japon\u00e9s Kimiya Yui se desacoplaron de la EEI a las 22H20 GMT del mi\u00e9rcoles, seg\u00fan im\u00e1genes en vivo de la NASA.<\/p>\n<p>A las 00H41 (08H41 GMT) la c\u00e1psula Dragon de SpaceX que transportaba a los cuatro ameriz\u00f3 con \u00e9xito frente a las costas de San Diego.<\/p>\n<p>El tripulante afectado por el problema m\u00e9dico \u00abestaba y sigue en estado estable\u00bb, declar\u00f3 Rob Navias,un responsable de la NASA.<\/p>\n<p>\u00abTodos estamos bien. Todos a bordo est\u00e1n estables, a salvo y bien atendidos\u00bb, dijo por su parte Fincke, uno de los astronautas, en un mensaje en las redes sociales esta semana.<\/p>\n<p>\u00abFue una decisi\u00f3n deliberada para permitir que las evaluaciones m\u00e9dicas adecuadas se realicen en Tierra, donde existe toda la capacidad diagn\u00f3stica. Es la decisi\u00f3n correcta, aunque tenga un punto agridulce\u00bb, a\u00f1adi\u00f3.<\/p>\n<p>Los miembros de la misi\u00f3n, llamada Crew-11, llegaron a la EEI a principios de agosto y deb\u00edan permanecer en la estaci\u00f3n hasta mediados de febrero, cuando iban a ser relevados por otra tripulaci\u00f3n.<\/p>\n<p>\u2013 \u00abDuda persistente\u00bb \u2013<\/p>\n<p>James Polk, jefe m\u00e9dico y de salud de la NASA, explic\u00f3 que el \u00abriesgo\u00bb y \u00abla duda persistente sobre cu\u00e1l es exactamente el diagn\u00f3stico\u00bb de la persona afectada llevaron a la decisi\u00f3n de adelantar el regreso de la tripulaci\u00f3n.<\/p>\n<p>El astronauta estadounidense Chris Williams y los cosmonautas rusos Sergu\u00e9i Kud-Sverchkov y Sergu\u00e9i Mik\u00e1ev, que llegaron a la estaci\u00f3n en noviembre a bordo de una nave rusa Soyuz, permanecieron en la EEI.<\/p>\n<p>La agencia espacial rusa Roscosmos opera junto con la NASA en la estaci\u00f3n y ambas se turnan para transportar a un ciudadano del otro pa\u00eds hacia y desde el complejo orbital, uno de los pocos \u00e1mbitos de cooperaci\u00f3n bilateral que a\u00fan perduran entre Estados Unidos y Rusia.<\/p>\n<p>La Estaci\u00f3n Espacial Internacional est\u00e1 habitada de forma continua desde el a\u00f1o 2000 y es un ejemplo de cooperaci\u00f3n multinacional con participaci\u00f3n de Europa, Jap\u00f3n, Estados Unidos y Rusia.<\/p>\n<p>Situada a unos 400 kil\u00f3metros de la Tierra, la EEI funciona como un banco de pruebas para investigaciones sobre la exploraci\u00f3n del espacio profundo, incluidas futuras misiones para volver a llevar humanos a la Luna y, posteriormente, a Marte.<\/p>\n<p>Un alto cargo de la Nasa, Amit Kshatriya, record\u00f3 que los cuatro astronautas evacuados fueron entrenados para afrontar situaciones m\u00e9dicas imprevistas y elogi\u00f3 la forma en que han gestionado la situaci\u00f3n.<\/p>\n<p>Se prev\u00e9 que la EEI deje de funcionar despu\u00e9s de 2030. Luego descender\u00e1 gradualmente de su \u00f3rbita hasta desintegrarse en la atm\u00f3sfera sobre una zona remota del oc\u00e9ano Pac\u00edfico conocida como Punto Nemo, un cementerio de naves espaciales.<\/p>\n<p>bur-lga\/mas\/arm\/pc\/sag<\/p>\n","protected":false},"excerpt":{"rendered":"afp_tickers Este contenido fue publicado en 15 enero 2026 &#8211; 10:52 Cuatro tripulantes de la Estaci\u00f3n Espacial Internacional&hellip;\n","protected":false},"author":2,"featured_media":341981,"comment_status":"","ping_status":"","sticky":false,"template":"","format":"standard","meta":{"footnotes":""},"categories":[81],"tags":[119,123,124,8543,25,24,165,36617,26431,20122,117,121,122,26432,26433,23,118,120,90],"class_list":["post-341980","post","type-post","status-publish","format-standard","has-post-thumbnail","category-ciencia-y-tecnologia","tag-ciencia","tag-ciencia-y-tecnologia","tag-cienciaytecnologia","tag-disease","tag-es","tag-espana","tag-health","tag-medical-conditions","tag-research","tag-sci-tech","tag-science","tag-science-and-technology","tag-scienceandtechnology","tag-scientific-exploration","tag-space-programme","tag-spain","tag-technology","tag-tecnologia","tag-ticker"],"share_on_mastodon":{"url":"https:\/\/pubeurope.com\/@es\/115898843488045397","error":""},"_links":{"self":[{"href":"https:\/\/www.europesays.com\/es\/wp-json\/wp\/v2\/posts\/341980","targetHints":{"allow":["GET"]}}],"collection":[{"href":"https:\/\/www.europesays.com\/es\/wp-json\/wp\/v2\/posts"}],"about":[{"href":"https:\/\/www.europesays.com\/es\/wp-json\/wp\/v2\/types\/post"}],"author":[{"embeddable":true,"href":"https:\/\/www.europesays.com\/es\/wp-json\/wp\/v2\/users\/2"}],"replies":[{"embeddable":true,"href":"https:\/\/www.europesays.com\/es\/wp-json\/wp\/v2\/comments?post=341980"}],"version-history":[{"count":0,"href":"https:\/\/www.europesays.com\/es\/wp-json\/wp\/v2\/posts\/341980\/revisions"}],"wp:featuredmedia":[{"embeddable":true,"href":"https:\/\/www.europesays.com\/es\/wp-json\/wp\/v2\/media\/341981"}],"wp:attachment":[{"href":"https:\/\/www.europesays.com\/es\/wp-json\/wp\/v2\/media?parent=341980"}],"wp:term":[{"taxonomy":"category","embeddable":true,"href":"https:\/\/www.europesays.com\/es\/wp-json\/wp\/v2\/categories?post=341980"},{"taxonomy":"post_tag","embeddable":true,"href":"https:\/\/www.europesays.com\/es\/wp-json\/wp\/v2\/tags?post=341980"}],"curies":[{"name":"wp","href":"https:\/\/api.w.org\/{rel}","templated":true}]}}