{"id":342030,"date":"2026-01-15T12:01:15","date_gmt":"2026-01-15T12:01:15","guid":{"rendered":"https:\/\/www.europesays.com\/es\/342030\/"},"modified":"2026-01-15T12:01:15","modified_gmt":"2026-01-15T12:01:15","slug":"memorias-inminentes-y-otra-forma-de-afrontar-la-paternidad","status":"publish","type":"post","link":"https:\/\/www.europesays.com\/es\/342030\/","title":{"rendered":"memorias inminentes y otra forma de afrontar la paternidad"},"content":{"rendered":"<p id=\"e7WyuGI6Mn\" data-wc=\"87\">I\u00f1aki Urdangarin, exmarido de la infanta Cristina, cumple este jueves 58 a\u00f1os en un momento de total reinvenci\u00f3n. En un mes se publicar\u00e1n sus esperadas memorias y antes de que 2025 acabara<a class=\"hm-link ho-link\" href=\"https:\/\/www.hola.com\/actualidad\/20251211872439\/inaki-urdangarin-declararaciones-impactantes-paso-carcel-separacion-infanta-cristina\/\" data-mrf-recirculation=\"article-body-link\" rel=\"nofollow noopener\" target=\"_blank\">\u00a0concedi\u00f3 su impactante primera entrevista en televisi\u00f3n<\/a> donde cont\u00f3 su historia, habl\u00f3 de los momentos m\u00e1s oscuros y dif\u00edciles de su vida. El que fuera jugador de balonmano atraviesa una etapa tranquila, nos ha permitido conocerle un poco m\u00e1s y cerrar un ciclo para abrir otro en el que es due\u00f1o de su propio destino.\u00a0<\/p>\n<p> <img src=\"https:\/\/www.europesays.com\/es\/wp-content\/uploads\/2026\/01\/5db9f3e0aeb2-urdangarin.jpg\"   width=\"1024\" height=\"702\" loading=\"lazy\" decoding=\"async\" alt=\"I\u00f1aki Urdangarin\" fetchpriority=\"auto\" class=\"image ho-image\"\/>\u00a9 bevolutive.comI\u00f1aki Urdangarin<\/p>\n<p id=\"e6MS7WXXte\" data-wc=\"82\">La entrevista en televisi\u00f3n del pasado diciembre supuso un antes y un despu\u00e9s en la vida del exdeportista. La expectaci\u00f3n fue m\u00e1xima y el momento elegido fue un a\u00f1o y ocho meses despu\u00e9s de ser un hombre libre tras <a class=\"hm-link ho-link\" href=\"https:\/\/www.hola.com\/realeza\/casa_espanola\/2017021791701\/infanta-cristina-inaki-urdangarin-sentencia-caso-noos\/\" data-mrf-recirculation=\"article-body-link\" rel=\"nofollow noopener\" target=\"_blank\">haber cumplido 5 a\u00f1os y diez meses de prisi\u00f3n por su implicaci\u00f3n en el Caso N\u00f3os.<\/a> El 9 de abril de 2024 sald\u00f3 sus cuentas con la justicia despu\u00e9s de vivir los que seguramente hayan sido los a\u00f1os m\u00e1s dif\u00edciles de su vida.\u00a0<\/p>\n<p> <img src=\"https:\/\/www.europesays.com\/es\/wp-content\/uploads\/2026\/01\/179ba11707d5-urdanga-jpg.jpg\"   width=\"1024\" height=\"576\" loading=\"lazy\" decoding=\"async\" alt=\"I\u00f1aki Urdangarin en el programa Pla seq\u00fc\u00e8ncia\" fetchpriority=\"auto\" class=\"image ho-image\"\/>I\u00f1aki Urdangarin en el programa Pla seq\u00fc\u00e8ncia<br \/>\nLas l\u00edneas rojas de sus hijos<\/p>\n<p id=\"eFpo4qrXp9S\" data-wc=\"81\">El exmarido de do\u00f1a Cristina se sincer\u00f3 como nunca en Pla Seq\u00fc\u00e8ncia, programa de La 2 Cat presentado por Jordi Bast\u00e9 en el que habl\u00f3 del pasado, el presente y el futuro. <a class=\"hm-link ho-link\" href=\"https:\/\/www.hola.com\/actualidad\/20251204871012\/inaki-urdangarin-entrevista-television-lineas-rojas-hijos\/\" data-mrf-recirculation=\"article-body-link\" rel=\"nofollow noopener\" target=\"_blank\">Las \u00fanicas l\u00edneas rojas que hubo fueron las que marcaron sus hijos, c<\/a>onscientes de que en una conversaci\u00f3n de car\u00e1cter personal es inevitable la menci\u00f3n a los cuatro,<strong>\u00a0Juan, Pablo, Miguel e Irene,<\/strong> no quer\u00edan ning\u00fan tipo de exposici\u00f3n y deseaban seguir con sus carreras y sus vidas discretas\u00a0<\/p>\n<p> <img src=\"https:\/\/www.europesays.com\/es\/wp-content\/uploads\/2025\/12\/4a060e9a0762-captura-de-pantalla-2025-11-24-191044.png\"   width=\"1024\" height=\"444\" loading=\"lazy\" decoding=\"async\" alt=\"Jordi Bast\u00e9 e I\u00f1aki Urdangarin\" fetchpriority=\"auto\" class=\"image ho-image\"\/>\u00a9 RTVE CatalunyaI\u00f1aki Urdangarin, durante la entrevista con Jordi Bast\u00e9<\/p>\n<p id=\"e0tX3xHpgi\" data-wc=\"86\">La emisi\u00f3n de esta charla fue la primera vez que<a class=\"hm-link ho-link\" href=\"https:\/\/www.hola.com\/actualidad\/20191224156964\/inaki-urdangarin-primer-permiso\/\" data-mrf-recirculation=\"article-body-link\" rel=\"nofollow noopener\" target=\"_blank\">\u00a0la opini\u00f3n p\u00fablica conoci\u00f3 c\u00f3mo hab\u00eda vivido en la c\u00e1rcel de Brieva (\u00c1vila<\/a>) en la que ingres\u00f3 el 18 de junio de 2018. \u00abEstaba comiendo con Cristina en Ginebra. Yo hab\u00eda trabajado 16 a\u00f1os para darle la vuelta a las acusaciones. Hasta el \u00faltimo momento pensamos que pod\u00edamos lograrlo\u00bb. Sus hijos estaban en ese momento de vacaciones y organiz\u00f3 una reuni\u00f3n familiar urgente para informarles. Despu\u00e9s se traslad\u00f3 a Espa\u00f1a para comenzar a cumplir su pena.\u00a0<\/p>\n<p> <img src=\"https:\/\/www.europesays.com\/es\/wp-content\/uploads\/2026\/01\/d380d3f7dd99-dlu597015036.jpg\"   width=\"1024\" height=\"682\" loading=\"lazy\" decoding=\"async\" alt=\"I\u00f1aki Urdangarin&#10;\" fetchpriority=\"auto\" class=\"image ho-image\"\/>\u00a9 GTRES<\/p>\n<p id=\"enfQBHyV1A\" data-wc=\"79\">Urdangarin eligi\u00f3 la c\u00e1rcel de mujeres de Brieva con un peque\u00f1o m\u00f3dulo masculino por tranquilidad y seguridad. \u00abPor mi seguridad, lo mejor era estar en aislamiento. Ten\u00edan un m\u00f3dulo que estaba vac\u00edo y quer\u00edan que me quedara all\u00ed. Fueron mil noches dentro\u00bb. <strong>Los primeros meses fueron muy dif\u00edciles, pero despu\u00e9s empez\u00f3 a hacer deporte (ten\u00eda una bici est\u00e1tica) y comenzaron las visitas familiares<\/strong>. Tambi\u00e9n cont\u00f3 que los funcionarios eran \u00abmuy majos\u00bb \u00a0y que le hicieron la vida m\u00e1s agradable.\u00a0<\/p>\n<p>As\u00ed es ahora como padre<\/p>\n<p id=\"ecQgaSue6R\" data-wc=\"73\">Si estar dentro de prisi\u00f3n fue complicado, no fue m\u00e1s sencillo salir de ella. En este momento siempre cont\u00f3 con el apoyo de su madre y sus hijos que \u00abnunca dudaron de m\u00ed\u00bb y cont\u00f3 con la forma de entender la paternidad, tambi\u00e9n cambi\u00f3 tras su paso por la c\u00e1rcel: <strong>\u00abYo era un padre muy exigente, controlador, r\u00edgido y ahora soy m\u00e1s comprensivo.\u00a0<\/strong>Mis hijos me tienen confianza y eso es muy importante\u00bb.\u00a0<\/p>\n<p> <img src=\"https:\/\/www.europesays.com\/es\/wp-content\/uploads\/2026\/01\/0f233526c0bb-gettyimages-2240150631.jpg\"   width=\"1024\" height=\"682\" loading=\"lazy\" decoding=\"async\" alt=\"I\u00f1aki Urdangarin en Sydney Olympic Games\" fetchpriority=\"auto\" class=\"image ho-image\"\/>\u00a9 Europa Press via Getty ImagesI\u00f1aki Urdangarin en Sydney Olympic Games<\/p>\n<p id=\"eakCHRQvaN\" data-wc=\"76\">Adem\u00e1s de la p\u00e9rdida material y del tiempo perdido, Urdangarin tambi\u00e9n lament\u00f3 \u00abla p\u00e9rdida muy grande que es la de uno de los amores de mi vida: Cristina<strong>. Fue un periodo muy duro, lo pasamos muy mal y tuvo consecuencias y me sabe muy mal porque es una mujer a la que quiero mucho\u00bb.\u00a0<\/strong>En enero de 2024, dos a\u00f1os despu\u00e9s de anunciar su separaci\u00f3n, firmaron su divorcio de mutuo acuerdo, <a class=\"hm-link ho-link\" href=\"https:\/\/www.hola.com\/actualidad\/20240124355057\/infanta-cristina-inaki-urdangarin-firman-divorcio-secreto-claves\/\" data-mrf-recirculation=\"article-body-link\" rel=\"nofollow noopener\" target=\"_blank\">como public\u00f3 \u00a1HOLA! en exclusiva.<\/a><\/p>\n<p id=\"eZkhrQ_KEV\" data-wc=\"98\">En la actualidad, y seg\u00fan dijo \u00e9l en la entrevista de la televisi\u00f3n, se centra en disfrutar del presente y de las oportunidades que est\u00e1n llegando<a class=\"hm-link ho-link\" href=\"https:\/\/www.hola.com\/actualidad\/20251211872394\/inaki-urdangarin-anuncia-la-publicacion-de-sus-memorias\/\" data-mrf-recirculation=\"article-body-link\" rel=\"nofollow noopener\" target=\"_blank\">. Ser\u00e1 en febrero cuando vea la luz su libro biogr\u00e1fico titulado Todo lo vivido. Triunfos, derrotas y aprendizajes (Grijalbo)<\/a>, donde repasar\u00e1 su infancia, su trayectoria deportiva, su exposici\u00f3n medi\u00e1tica y todo el camino recorrido. Ser\u00e1 la primera vez que cuente sus vivencias \u00abporque necesito mirar de frente todo lo que he vivido\u00bb. Desde que sali\u00f3 de prisi\u00f3n, siempre opt\u00f3 por el silencio, pero ahora ha llegado el momento de contar su verdad.\u00a0<\/p>\n","protected":false},"excerpt":{"rendered":"I\u00f1aki Urdangarin, exmarido de la infanta Cristina, cumple este jueves 58 a\u00f1os en un momento de total reinvenci\u00f3n.&hellip;\n","protected":false},"author":2,"featured_media":342031,"comment_status":"","ping_status":"","sticky":false,"template":"","format":"standard","meta":{"footnotes":""},"categories":[174],"tags":[517,255,146,147,25,24,256,10215,23],"class_list":{"0":"post-342030","1":"post","2":"type-post","3":"status-publish","4":"format-standard","5":"has-post-thumbnail","7":"category-famosos","8":"tag-actualidad","9":"tag-celebrities","10":"tag-entertainment","11":"tag-entretenimiento","12":"tag-es","13":"tag-espana","14":"tag-famosos","15":"tag-inaki-urdangarin","16":"tag-spain"},"share_on_mastodon":{"url":"https:\/\/pubeurope.com\/@es\/115899012636060774","error":""},"_links":{"self":[{"href":"https:\/\/www.europesays.com\/es\/wp-json\/wp\/v2\/posts\/342030","targetHints":{"allow":["GET"]}}],"collection":[{"href":"https:\/\/www.europesays.com\/es\/wp-json\/wp\/v2\/posts"}],"about":[{"href":"https:\/\/www.europesays.com\/es\/wp-json\/wp\/v2\/types\/post"}],"author":[{"embeddable":true,"href":"https:\/\/www.europesays.com\/es\/wp-json\/wp\/v2\/users\/2"}],"replies":[{"embeddable":true,"href":"https:\/\/www.europesays.com\/es\/wp-json\/wp\/v2\/comments?post=342030"}],"version-history":[{"count":0,"href":"https:\/\/www.europesays.com\/es\/wp-json\/wp\/v2\/posts\/342030\/revisions"}],"wp:featuredmedia":[{"embeddable":true,"href":"https:\/\/www.europesays.com\/es\/wp-json\/wp\/v2\/media\/342031"}],"wp:attachment":[{"href":"https:\/\/www.europesays.com\/es\/wp-json\/wp\/v2\/media?parent=342030"}],"wp:term":[{"taxonomy":"category","embeddable":true,"href":"https:\/\/www.europesays.com\/es\/wp-json\/wp\/v2\/categories?post=342030"},{"taxonomy":"post_tag","embeddable":true,"href":"https:\/\/www.europesays.com\/es\/wp-json\/wp\/v2\/tags?post=342030"}],"curies":[{"name":"wp","href":"https:\/\/api.w.org\/{rel}","templated":true}]}}