{"id":342036,"date":"2026-01-15T12:05:11","date_gmt":"2026-01-15T12:05:11","guid":{"rendered":"https:\/\/www.europesays.com\/es\/342036\/"},"modified":"2026-01-15T12:05:11","modified_gmt":"2026-01-15T12:05:11","slug":"180-grados-ginebras-carlangas-con-leiva-chiquita-movida-y-vicente-calderon","status":"publish","type":"post","link":"https:\/\/www.europesays.com\/es\/342036\/","title":{"rendered":"180 grados &#8211; Ginebras, Carlangas con Leiva, Chiquita Movida y Vicente Calder\u00f3n"},"content":{"rendered":"<p>              <strong>TP<\/strong><\/p>\n<p>Estrenamos \u00abMundo Hostil\u00bb, segundo avance del tercer disco de Ginebras y una canci\u00f3n con la que muestran un lado diferente, \u00edntimo, visceral&#8230; nuevo giro sonoro para ablar del sentimiento de incomprensi\u00f3n en un mundo lleno de juicios, clich\u00e9s y amor rom\u00e1ntico impuesto y con la producci\u00f3n de Manuel Cabezal\u00ed y V\u00edctor Cabezuelo. Escuchamos a Carlangas con Leiva en \u00abPodr\u00eda ser Peor\u00bb, a Chiquita Movida con el \u00faltimo single de su debut, \u00abAutarqu\u00eda Emocional\u00bb, a Vicente Calder\u00f3n con un homenaje al britpop muy Oasis, \u00abCanci\u00f3n de Amor N\u00ba 1000\u00bb, a Vera Fauna, en directo, junto a Rufus T Firefly en \u00abLos Grillos\u00bb y a Ralphie Choo con \u00abTentaci\u00f3n\u00bb.<\/p>\n<p>RALPHIE CHOO &#8211; Tentaci\u00f3n<\/p>\n<p>JUDELINE, MC MORENA &#8211; Tu et Moi<\/p>\n<p>ZAHARA &#8211; Tus Michis<\/p>\n<p>CARLOS ARES &#8211; Importante<\/p>\n<p>VICENTE CALDER\u00d3N &#8211; Canci\u00f3n de Amor<\/p>\n<p>NAT SIMONS &#8211; Alain Delon<\/p>\n<p>LUZ CASAL &#8211; Me Voy a Permitir<\/p>\n<p>GINEBRAS &#8211; Mi Diario<\/p>\n<p>GINEBRAS &#8211; Mundo Hostil<\/p>\n<p>VERA FAUNA, RUFUS T FIREFLY &#8211; Los Grillos<\/p>\n<p>CARLANGAS, LEIVA &#8211; Podr\u00eda ser Peor<\/p>\n<p>HINDS &#8211; Hi, How Are You<\/p>\n<p>\u00c1NGEL STANICH &#8211; Por la Hierba<\/p>\n<p>MAXIMILIANO CALVO &#8211; Welcome To Plastic World<\/p>\n<p>QUERIDO, DAVID RUIZ &#8211; \u00bfEl Coraz\u00f3n?<\/p>\n<p>CHIQUITA MOVIDA &#8211; Autarqu\u00eda Emocional<\/p>\n","protected":false},"excerpt":{"rendered":"TP Estrenamos \u00abMundo Hostil\u00bb, segundo avance del tercer disco de Ginebras y una canci\u00f3n con la que muestran&hellip;\n","protected":false},"author":2,"featured_media":342037,"comment_status":"","ping_status":"","sticky":false,"template":"","format":"standard","meta":{"footnotes":""},"categories":[170],"tags":[46052,77806,77807,146,147,25,24,77805,184,185,133,1448,1986,1987,23],"class_list":{"0":"post-342036","1":"post","2":"type-post","3":"status-publish","4":"format-standard","5":"has-post-thumbnail","7":"category-musica","8":"tag-180-grados","9":"tag-carlangas-con-leiva","10":"tag-chiquita-movida-y-vicente-calderon","11":"tag-entertainment","12":"tag-entretenimiento","13":"tag-es","14":"tag-espana","15":"tag-ginebras","16":"tag-music","17":"tag-musica","18":"tag-online","19":"tag-radio","20":"tag-rne","21":"tag-rtve-play","22":"tag-spain"},"share_on_mastodon":{"url":"https:\/\/pubeurope.com\/@es\/115899028268546626","error":""},"_links":{"self":[{"href":"https:\/\/www.europesays.com\/es\/wp-json\/wp\/v2\/posts\/342036","targetHints":{"allow":["GET"]}}],"collection":[{"href":"https:\/\/www.europesays.com\/es\/wp-json\/wp\/v2\/posts"}],"about":[{"href":"https:\/\/www.europesays.com\/es\/wp-json\/wp\/v2\/types\/post"}],"author":[{"embeddable":true,"href":"https:\/\/www.europesays.com\/es\/wp-json\/wp\/v2\/users\/2"}],"replies":[{"embeddable":true,"href":"https:\/\/www.europesays.com\/es\/wp-json\/wp\/v2\/comments?post=342036"}],"version-history":[{"count":0,"href":"https:\/\/www.europesays.com\/es\/wp-json\/wp\/v2\/posts\/342036\/revisions"}],"wp:featuredmedia":[{"embeddable":true,"href":"https:\/\/www.europesays.com\/es\/wp-json\/wp\/v2\/media\/342037"}],"wp:attachment":[{"href":"https:\/\/www.europesays.com\/es\/wp-json\/wp\/v2\/media?parent=342036"}],"wp:term":[{"taxonomy":"category","embeddable":true,"href":"https:\/\/www.europesays.com\/es\/wp-json\/wp\/v2\/categories?post=342036"},{"taxonomy":"post_tag","embeddable":true,"href":"https:\/\/www.europesays.com\/es\/wp-json\/wp\/v2\/tags?post=342036"}],"curies":[{"name":"wp","href":"https:\/\/api.w.org\/{rel}","templated":true}]}}