{"id":342038,"date":"2026-01-15T12:06:11","date_gmt":"2026-01-15T12:06:11","guid":{"rendered":"https:\/\/www.europesays.com\/es\/342038\/"},"modified":"2026-01-15T12:06:11","modified_gmt":"2026-01-15T12:06:11","slug":"asi-es-el-mal-su-perturbador-thriller-sobre-un-asesino-en-serie","status":"publish","type":"post","link":"https:\/\/www.europesays.com\/es\/342038\/","title":{"rendered":"as\u00ed es &#8216;El mal&#8217;, su perturbador thriller sobre un asesino en serie"},"content":{"rendered":"<p class=\"c-paragraph\">Si hay un nombre que haya impulsado la \u00faltima ola de directores en Espa\u00f1a, es el de<b> Juanma Bajo Ulloa<\/b>. T\u00edtulos como La madre muerta fueron las piedras fundacionales sobre las que se construy\u00f3 (y se sigue construyendo) un nuevo cine en nuestro pa\u00eds. Sin embargo, los herederos de <a href=\"https:\/\/www.20minutos.es\/cinemania\/noticias\/the-parrot-aqui-puedes-ver-el-nuevo-corto-inedito-de-juanma-bajo-ulloa-5007821\/\" rel=\"nofollow noopener\" target=\"_blank\">Juanma Bajo Ulloa<\/a>, algunos de su misma edad o incluso mayores, han gozado, en ocasiones, de un porvenir mejor que el de su maestro.<\/p>\n<p class=\"c-paragraph\">Tras la popularidad de <b>Airbag<\/b>, la carrera de Bajo Ulloa comenz\u00f3 a oscilar entre lo meritorio y lo sorprendente (y no para bien), como Rey Gitano, t\u00edtulo nutricional que se\u00f1alaba que Bajo Ulloa necesitaba que los estudios volvieran a confiar en \u00e9l. El resultado fue la siniestra <b>Baby<\/b>, estrenada en plena pandemia, y desde entonces no hemos vuelto a saber de Bajo Ulloa. Hasta ahora, que <b>vuelve con El mal<\/b>, en la que colabora otra vez con <b>Natalia Tena<\/b> (<a href=\"https:\/\/www.20minutos.es\/cinemania\/series\/juego-tronos-pelicula-warner-5650093\/\" rel=\"nofollow noopener\" target=\"_blank\">Juego de tronos<\/a>), protagonista de Baby.<\/p>\n<p class=\"c-paragraph\"><b>El mal, que se estrena en salas este 16 de enero<\/b>, tiene un miembro de su reparto muy llamativo para los amantes de Better Call Saul:<b> Tony Dalton<\/b>, el aterrador Lalo Salamanca en la serie de <a href=\"https:\/\/www.20minutos.es\/cinemania\/series\/breaking-bad-better-call-saul-pluribus-vince-gilligan_6897889_0.html\" rel=\"nofollow noopener\" target=\"_blank\">Vince Gilligan<\/a>, y a quien no hab\u00edamos visto demasiado desde que Saul Goodman cerr\u00f3 su bufete. Completan el elenco<b> Bel\u00e9n Fabra<\/b> y <b>Fernando Gil<\/b>, entre otros. El mal se basa en una historia original de Bajo Ulloa, que se encarga del guion, adem\u00e1s de la direcci\u00f3n de esta pel\u00edcula.<\/p>\n<p>\u00bfDe qu\u00e9 trata &#8216;El mal&#8217;?<\/p>\n<p class=\"c-paragraph\">A los mejores en su campo suele perderles el narcisismo. Incluso si el campo en cuesti\u00f3n es el asesinato. Es el caso de <b>El mal<\/b>, en el que una periodista es abordada por un personaje extra\u00f1o, que dice ser el mejor asesino de la historia. La colaboraci\u00f3n entre ambos ser\u00eda editorial y, le promete el siniestro interlocutor a la periodista, saldr\u00e1n muy bien parados. Es, en pocas palabras, una oferta que no puede rechazar. Quiz\u00e1 por m\u00e1s de un motivo.<\/p>\n<p class=\"c-paragraph\">\u00c9l, como en El fantasma y la se\u00f1ora Muir, no est\u00e1 en condiciones de escribir sobre su vida: no porque, como en el cl\u00e1sico de Mankiewicz, el protagonista la hubiese perdido, sino porque publicar implicar\u00eda darse a conocer y esto lo llevar\u00eda inmediatamente, previo paso por la milla verde, con el capit\u00e1n Gegg. As\u00ed que lo mejor es que al periodista fuese la copista de sus fechor\u00edas, y ambos se beneficiar\u00edan con ello: la escritora, lucrativamente; el protagonista de la novela, egoc\u00e9ntricamente.\u00a0<\/p>\n","protected":false},"excerpt":{"rendered":"Si hay un nombre que haya impulsado la \u00faltima ola de directores en Espa\u00f1a, es el de Juanma&hellip;\n","protected":false},"author":2,"featured_media":342039,"comment_status":"","ping_status":"","sticky":false,"template":"","format":"standard","meta":{"footnotes":""},"categories":[169],"tags":[177,12374,146,147,25,24,3220,176,77596,175,267,23],"class_list":{"0":"post-342038","1":"post","2":"type-post","3":"status-publish","4":"format-standard","5":"has-post-thumbnail","7":"category-cine","8":"tag-cine","9":"tag-cine-espanol","10":"tag-entertainment","11":"tag-entretenimiento","12":"tag-es","13":"tag-espana","14":"tag-estrenos-de-cine","15":"tag-film","16":"tag-juanma-bajo-ulloa","17":"tag-movies","18":"tag-planseo","19":"tag-spain"},"share_on_mastodon":{"url":"https:\/\/pubeurope.com\/@es\/115899032098551741","error":""},"_links":{"self":[{"href":"https:\/\/www.europesays.com\/es\/wp-json\/wp\/v2\/posts\/342038","targetHints":{"allow":["GET"]}}],"collection":[{"href":"https:\/\/www.europesays.com\/es\/wp-json\/wp\/v2\/posts"}],"about":[{"href":"https:\/\/www.europesays.com\/es\/wp-json\/wp\/v2\/types\/post"}],"author":[{"embeddable":true,"href":"https:\/\/www.europesays.com\/es\/wp-json\/wp\/v2\/users\/2"}],"replies":[{"embeddable":true,"href":"https:\/\/www.europesays.com\/es\/wp-json\/wp\/v2\/comments?post=342038"}],"version-history":[{"count":0,"href":"https:\/\/www.europesays.com\/es\/wp-json\/wp\/v2\/posts\/342038\/revisions"}],"wp:featuredmedia":[{"embeddable":true,"href":"https:\/\/www.europesays.com\/es\/wp-json\/wp\/v2\/media\/342039"}],"wp:attachment":[{"href":"https:\/\/www.europesays.com\/es\/wp-json\/wp\/v2\/media?parent=342038"}],"wp:term":[{"taxonomy":"category","embeddable":true,"href":"https:\/\/www.europesays.com\/es\/wp-json\/wp\/v2\/categories?post=342038"},{"taxonomy":"post_tag","embeddable":true,"href":"https:\/\/www.europesays.com\/es\/wp-json\/wp\/v2\/tags?post=342038"}],"curies":[{"name":"wp","href":"https:\/\/api.w.org\/{rel}","templated":true}]}}