{"id":342051,"date":"2026-01-15T12:13:13","date_gmt":"2026-01-15T12:13:13","guid":{"rendered":"https:\/\/www.europesays.com\/es\/342051\/"},"modified":"2026-01-15T12:13:13","modified_gmt":"2026-01-15T12:13:13","slug":"santa-cruz-ya-tiene-cancion-oficial-del-carnaval-2026-interpretada-por-los-4","status":"publish","type":"post","link":"https:\/\/www.europesays.com\/es\/342051\/","title":{"rendered":"Santa Cruz ya tiene canci\u00f3n oficial del Carnaval 2026, interpretada por Los 4"},"content":{"rendered":"<p>El archiconocido grupo cubano estar\u00e1 en el Carnaval de Calle y en la Gala de la de Elecci\u00f3n de la Reina, donde actuar\u00e1 junto a las agrupaciones musicales.<\/p>\n<p>El Ayuntamiento de Santa Cruz de Tenerife, a trav\u00e9s de Fiestas de Santa Cruz, ha dado a conocer la canci\u00f3n oficial del Carnaval 2026, una versi\u00f3n actualizada de la reconocida canci\u00f3n \u201cBaila en la calle\u201d, que incorpora el estilo alegre y bailable de sus int\u00e9rpretes, el archiconocido grupo cubano Los 4, convirti\u00e9ndolo en el himno perfecto de esta edici\u00f3n, dedicada a los Ritmos latinos.<\/p>\n<p>Los 4, adem\u00e1s de ser los protagonistas de la canci\u00f3n oficial, estar\u00e1n presente en dos momentos clave del Carnaval: el Carnaval de Calle, en el que actuar\u00e1n haciendo bailar a miles de personas al son de su m\u00fasica, y la Gala de la Reina Adulta, donde realizar\u00e1n una actuaci\u00f3n junto a las agrupaciones musicales en lo que se prev\u00e9 ser\u00e1 uno de los momentos cumbre de la noche.<\/p>\n<p>Para el alcalde de la ciudad, Jos\u00e9 Manuel Berm\u00fadez, \u201ces todo un privilegio que nuestro carnaval cuente con una canci\u00f3n interpretada por Los 4 en su edici\u00f3n dedicada a los ritmos latinos\u201d, a lo que a\u00f1ade que \u201ces una de esas melod\u00edas que nunca pasan de moda y que ya forman parte del ADN de nuestra fiesta\u201d. <\/p>\n<p>Por su parte, el concejal de Fiestas, Javier Caraballero, apunta a que \u201ccontar con un grupo internacional como Los 4 en el Carnaval de Calle y en la Gala de la Reina Adulta es todo un honor\u201d, ya que \u201csumado al talento local con el que contamos cada a\u00f1o y el resto de las sorpresas que tenemos preparadas, har\u00e1 que esta edici\u00f3n de la fiesta sea memorable\u201d.<\/p>\n<p>Con esta apuesta, Santa Cruz refuerza el car\u00e1cter internacional de su carnaval y consolida su posici\u00f3n como uno de los carnavales m\u00e1s importantes del mundo.<\/p>\n<p>Para escuchar la canci\u00f3n al completo, pincha aqu\u00ed <a href=\"https:\/\/youtu.be\/111uQ1-gZM8?si=CAKvo7EsiFPDQNJq\" target=\"_blank\" rel=\"nofollow noopener\">https:\/\/youtu.be\/111uQ1-gZM8?si=CAKvo7EsiFPDQNJq<\/a>.<\/p>\n","protected":false},"excerpt":{"rendered":"El archiconocido grupo cubano estar\u00e1 en el Carnaval de Calle y en la Gala de la de Elecci\u00f3n&hellip;\n","protected":false},"author":2,"featured_media":342052,"comment_status":"","ping_status":"","sticky":false,"template":"","format":"standard","meta":{"footnotes":""},"categories":[8],"tags":[17,18,25,24,13,14,11,19,20,9,10,15,16,23,12,21,22],"class_list":{"0":"post-342051","1":"post","2":"type-post","3":"status-publish","4":"format-standard","5":"has-post-thumbnail","7":"category-espana","8":"tag-breaking-news","9":"tag-breakingnews","10":"tag-es","11":"tag-espana","12":"tag-featured-news","13":"tag-featurednews","14":"tag-headlines","15":"tag-latest-news","16":"tag-latestnews","17":"tag-news","18":"tag-noticias","19":"tag-noticias-destacadas","20":"tag-noticiasdestacadas","21":"tag-spain","22":"tag-titulares","23":"tag-ultimas-noticias","24":"tag-ultimasnoticias"},"share_on_mastodon":{"url":"https:\/\/pubeurope.com\/@es\/115899059769700885","error":""},"_links":{"self":[{"href":"https:\/\/www.europesays.com\/es\/wp-json\/wp\/v2\/posts\/342051","targetHints":{"allow":["GET"]}}],"collection":[{"href":"https:\/\/www.europesays.com\/es\/wp-json\/wp\/v2\/posts"}],"about":[{"href":"https:\/\/www.europesays.com\/es\/wp-json\/wp\/v2\/types\/post"}],"author":[{"embeddable":true,"href":"https:\/\/www.europesays.com\/es\/wp-json\/wp\/v2\/users\/2"}],"replies":[{"embeddable":true,"href":"https:\/\/www.europesays.com\/es\/wp-json\/wp\/v2\/comments?post=342051"}],"version-history":[{"count":0,"href":"https:\/\/www.europesays.com\/es\/wp-json\/wp\/v2\/posts\/342051\/revisions"}],"wp:featuredmedia":[{"embeddable":true,"href":"https:\/\/www.europesays.com\/es\/wp-json\/wp\/v2\/media\/342052"}],"wp:attachment":[{"href":"https:\/\/www.europesays.com\/es\/wp-json\/wp\/v2\/media?parent=342051"}],"wp:term":[{"taxonomy":"category","embeddable":true,"href":"https:\/\/www.europesays.com\/es\/wp-json\/wp\/v2\/categories?post=342051"},{"taxonomy":"post_tag","embeddable":true,"href":"https:\/\/www.europesays.com\/es\/wp-json\/wp\/v2\/tags?post=342051"}],"curies":[{"name":"wp","href":"https:\/\/api.w.org\/{rel}","templated":true}]}}