{"id":342061,"date":"2026-01-15T12:23:11","date_gmt":"2026-01-15T12:23:11","guid":{"rendered":"https:\/\/www.europesays.com\/es\/342061\/"},"modified":"2026-01-15T12:23:11","modified_gmt":"2026-01-15T12:23:11","slug":"matias-almeyda-unico-altavoz-actualmente-en-el-sevilla-paga-el-silencio-del-club","status":"publish","type":"post","link":"https:\/\/www.europesays.com\/es\/342061\/","title":{"rendered":"Mat\u00edas Almeyda, \u00fanico altavoz actualmente en el Sevilla, paga el silencio del club"},"content":{"rendered":"<p>El t\u00e9cnico sevillista padece una contraproducente sobreexposici\u00f3n p\u00fablica al responder a preguntas que corresponden a otros estamentos del club que no asumen sus responsabilidades con el argentino como escudo <\/p>\n<p class=\"parrafo\">El \u00c1rea Chica no existe margen para no tomarse un respiro por la tama\u00f1a importancia de permanecer concentrados, pero <strong>la responsabilidad se reparte para que no exista concentraci\u00f3n de responsabilidades <\/strong>que agotan y supone un desgaste.<\/p>\n<p class=\"parrafo\">Una m\u00e1xima que no cumple en la particular \u00c1rea Chica del Sevilla, porque, a d\u00eda de hoy, <strong>el \u00fanico que pr\u00e1cticamente da la cara y se expone continuamente es Mat\u00edas Almeyda<\/strong>, que se ve obligado a responder a todas las preguntas por la ausencia de m\u00e1s interlocutores. <\/p>\n<p>Mat\u00edas Almeyda, altavoz del club ante el silencio de Cord\u00f3n<\/p>\n<p class=\"parrafo\">Es cierto que, por su condici\u00f3n de entrenador, se enfrenta al imperativo de ofrecer ruedas de prensa antes de todos los partidos y despu\u00e9s, pero tambi\u00e9n que <strong>esta sobreexposici\u00f3n ante los medios no se amortigua con la participaci\u00f3n p\u00fablica de otros representantes del club<\/strong>, especialmente de la alta c\u00fapula. Por ende, el t\u00e9cnico argentino <strong>ejerce de escudo de la zona noble y pr\u00e1cticamente como \u00fanico altavoz del Sevilla.<\/strong><\/p>\n<p><a class=\"elementos-rel-t2\" href=\"https:\/\/www.estadiodeportivo.com\/futbol\/sevilla-fc\/cruda-realidad-nervion-sevilla-almeyda-hace-bueno-pimienta-20260113-526454.html\" title=\"La cruda realidad de Nervi\u00f3n: el Sevilla de Almeyda hace bueno al de Pimienta\" rel=\"nofollow noopener\" target=\"_blank\"><\/p>\n<p class=\"titular titulo-4\">La cruda realidad de Nervi\u00f3n: el Sevilla de Almeyda hace bueno al de Pimienta<\/p>\n<p><img decoding=\"async\" src=\"https:\/\/www.europesays.com\/es\/wp-content\/uploads\/2026\/01\/fda0412f-4a42-47d1-bec7-3dfd6258c546_320x180.jpeg\" alt=\"La cruda realidad de Nervi\u00f3n: el Sevilla de Almeyda hace bueno al de Pimienta\"\/><\/a><a class=\"elementos-rel-t2\" href=\"https:\/\/www.estadiodeportivo.com\/futbol\/sevilla-fc\/almeyda-protesta-por-los-horarios-impuestos-sevilla-por-laliga-admite-movimientos-para-enero-buscaran-mejor-solucion-20260111-526258.html\" title=\"Almeyda protesta por los horarios impuestos al Sevilla por LaLiga y admite movimientos para enero: &quot;Buscar\u00e1n la mejor soluci\u00f3n&quot; \" rel=\"nofollow noopener\" target=\"_blank\"><\/p>\n<p class=\"titular titulo-4\">Almeyda protesta por los horarios impuestos al Sevilla por LaLiga y admite movimientos para enero: \u00abBuscar\u00e1n la mejor soluci\u00f3n\u00bb <\/p>\n<p><img decoding=\"async\" src=\"https:\/\/www.europesays.com\/es\/wp-content\/uploads\/2026\/01\/14bc7aac-5b2c-4de9-9645-8254163ca94a_320x180.jpeg\" alt=\"Almeyda protesta por los horarios impuestos al Sevilla por LaLiga y admite movimientos para enero: &quot;Buscar\u00e1n la mejor soluci\u00f3n&quot; \"\/><\/a><\/p>\n<p class=\"parrafo\"><strong>Esta exigencia provoca con el tiempo que el discurso del t\u00e9cnico puede llegar a chirriar, <\/strong>que resulte repetitivo o incluso que incluya pullas al asumir la integridad de la responsabilidad, mientras que los dem\u00e1s permanecen callados en un segundo plano.<\/p>\n<p class=\"parrafo\">Recientemente, en un acto privado, <strong>se le pregunt\u00f3 a Del Nido Carrasco sobre las escasas apariciones p\u00fablica de Antonio Cord\u00f3n<\/strong>, que, desde las \u00faltimas presentaciones, <strong>no ha vuelto a valorar ante los medios en general la situaci\u00f3n del Sevilla <\/strong>o el trabajo que se viene realizando para revertir la situaci\u00f3n. <\/p>\n<p class=\"parrafo\"><strong>Su alto cargo en la entidad conlleva una representaci\u00f3n que no se est\u00e1 produciendo hasta ahora<\/strong>, lo que se reconoce con la boca peque\u00f1a en la directiva sin aparentemente reaccionar para que se reparta de manera m\u00e1s ecu\u00e1nime dicha responsabilidad. Entre otras cosas, porque el Consejo de Administraci\u00f3n tampoco se expone apenas, m\u00e1s all\u00e1 de la rueda de prensa que convoc\u00f3 en septiembre el m\u00e1ximo mandatario y su obligada presencia en la Junta General de Accionistas.<\/p>\n<p>Almeyda necesita que cada estamento responda a las preguntas que le correspondan<\/p>\n<p class=\"parrafo\"><strong>Almeyda atiende todos los temas de actualidad del Sevilla m\u00e1s all\u00e1 de su parcela<\/strong>, la meramente deportiva, y tanta atenci\u00f3n termina siempre por desgastar la imagen por mucho que el &#8216;Pelado&#8217; haya dado lecciones de franqueza y clase en sus continuas apariciones p\u00fablicas, con deslices propio del excesivo protagonismo.<\/p>\n<p><a class=\"elementos-rel-t2\" href=\"https:\/\/www.estadiodeportivo.com\/futbol\/sevilla-fc\/desafio-borrar-palabra-descenso-alegato-favor-almeyda-guardiola-pensaria-venir-este-sevilla-matias-esta-aca-20260108-525961.html\" title=\"El desaf\u00edo de borrar la palabra &quot;descenso&quot; y el alegato en favor de Almeyda: &quot;Guardiola se pensar\u00eda venir a este Sevilla; Mat\u00edas est\u00e1 ac\u00e1&quot; \" rel=\"nofollow noopener\" target=\"_blank\"><\/p>\n<p class=\"titular titulo-4\">El desaf\u00edo de borrar la palabra \u00abdescenso\u00bb y el alegato en favor de Almeyda: \u00abGuardiola se pensar\u00eda venir a este Sevilla; Mat\u00edas est\u00e1 ac\u00e1\u00bb <\/p>\n<p><img decoding=\"async\" src=\"https:\/\/www.europesays.com\/es\/wp-content\/uploads\/2026\/01\/a8e2fa37-c0d0-4fed-82d8-d7d23aa6e052_320x180.jpeg\" alt=\"El desaf\u00edo de borrar la palabra &quot;descenso&quot; y el alegato en favor de Almeyda: &quot;Guardiola se pensar\u00eda venir a este Sevilla; Mat\u00edas est\u00e1 ac\u00e1&quot; \"\/><\/a><a class=\"elementos-rel-t2\" href=\"https:\/\/www.estadiodeportivo.com\/futbol\/celta\/giraldez-echa-cable-almeyda-tiene-recursos-sobra-banquillo-hay-que-tener-paciencia-con-los-proyectos-20260113-526430.html\" title=\"Gir\u00e1ldez echa un cable a Almeyda: &quot;Tiene recursos de sobra en el banquillo; hay que tener paciencia con los proyectos&quot;\" rel=\"nofollow noopener\" target=\"_blank\"><\/p>\n<p class=\"titular titulo-4\">Gir\u00e1ldez echa un cable a Almeyda: \u00abTiene recursos de sobra en el banquillo; hay que tener paciencia con los proyectos\u00bb<\/p>\n<p><img decoding=\"async\" src=\"https:\/\/www.europesays.com\/es\/wp-content\/uploads\/2026\/01\/30478fb3-ab62-47b8-9b05-f6aa29d96104_320x180.jpeg\" alt=\"Gir\u00e1ldez echa un cable a Almeyda: &quot;Tiene recursos de sobra en el banquillo; hay que tener paciencia con los proyectos&quot;\"\/><\/a><\/p>\n<p class=\"parrafo\">Almeyda necesita un respiro, no con menos intervenciones, pues la mayor\u00eda entran dentro del guion, sino con <strong>un mayor reparto de tareas en el que cada estamento responda a las preguntas que correspondan para que no recaigan la totalidad en la figura de un t\u00e9cnico <\/strong>que bastante trabajo tiene ya con extraer el m\u00e1ximo rendimiento a la plantilla que el club ha puesto a su disposici\u00f3n.<\/p>\n","protected":false},"excerpt":{"rendered":"El t\u00e9cnico sevillista padece una contraproducente sobreexposici\u00f3n p\u00fablica al responder a preguntas que corresponden a otros estamentos del&hellip;\n","protected":false},"author":2,"featured_media":342062,"comment_status":"","ping_status":"","sticky":false,"template":"","format":"standard","meta":{"footnotes":""},"categories":[268],"tags":[5974,51990,168,25,24,284,280,282,2991,2993,281,23,167],"class_list":{"0":"post-342061","1":"post","2":"type-post","3":"status-publish","4":"format-standard","5":"has-post-thumbnail","7":"category-futbol","8":"tag-antonio-cordon","9":"tag-del-nido-carrasco","10":"tag-deportes","11":"tag-es","12":"tag-espana","13":"tag-estadio-deportivo","14":"tag-football","15":"tag-futbol","16":"tag-matias-almeyda","17":"tag-sevilla-futbol-club","18":"tag-soccer","19":"tag-spain","20":"tag-sports"},"share_on_mastodon":{"url":"https:\/\/pubeurope.com\/@es\/115899099157227837","error":""},"_links":{"self":[{"href":"https:\/\/www.europesays.com\/es\/wp-json\/wp\/v2\/posts\/342061","targetHints":{"allow":["GET"]}}],"collection":[{"href":"https:\/\/www.europesays.com\/es\/wp-json\/wp\/v2\/posts"}],"about":[{"href":"https:\/\/www.europesays.com\/es\/wp-json\/wp\/v2\/types\/post"}],"author":[{"embeddable":true,"href":"https:\/\/www.europesays.com\/es\/wp-json\/wp\/v2\/users\/2"}],"replies":[{"embeddable":true,"href":"https:\/\/www.europesays.com\/es\/wp-json\/wp\/v2\/comments?post=342061"}],"version-history":[{"count":0,"href":"https:\/\/www.europesays.com\/es\/wp-json\/wp\/v2\/posts\/342061\/revisions"}],"wp:featuredmedia":[{"embeddable":true,"href":"https:\/\/www.europesays.com\/es\/wp-json\/wp\/v2\/media\/342062"}],"wp:attachment":[{"href":"https:\/\/www.europesays.com\/es\/wp-json\/wp\/v2\/media?parent=342061"}],"wp:term":[{"taxonomy":"category","embeddable":true,"href":"https:\/\/www.europesays.com\/es\/wp-json\/wp\/v2\/categories?post=342061"},{"taxonomy":"post_tag","embeddable":true,"href":"https:\/\/www.europesays.com\/es\/wp-json\/wp\/v2\/tags?post=342061"}],"curies":[{"name":"wp","href":"https:\/\/api.w.org\/{rel}","templated":true}]}}