{"id":342063,"date":"2026-01-15T12:24:13","date_gmt":"2026-01-15T12:24:13","guid":{"rendered":"https:\/\/www.europesays.com\/es\/342063\/"},"modified":"2026-01-15T12:24:13","modified_gmt":"2026-01-15T12:24:13","slug":"matt-damon-de-estreno-con-las-5-mujeres-de-su-vida-y-la-confesion-sobre-el-crush-de-su-esposa-por-ben-affleck","status":"publish","type":"post","link":"https:\/\/www.europesays.com\/es\/342063\/","title":{"rendered":"Matt Damon, de estreno con las 5 mujeres de su vida y la confesi\u00f3n sobre el \u2018crush\u2019 de su esposa por Ben Affleck"},"content":{"rendered":"<p id=\"eTRtwnfb0B\" data-wc=\"161\"><strong>Matt Damon<\/strong> vivi\u00f3 una noche muy especial rodeado de <strong>su esposa, Luciana Barroso\u00a0<\/strong>y de <a class=\"hm-link ho-link\" href=\"https:\/\/www.hola.com\/actualidad\/20230328228985\/matt-damon-hijas-mujer-estreno\/\" data-mrf-recirculation=\"article-body-link\" rel=\"nofollow noopener\" target=\"_blank\">sus cuatro hijas<\/a>: \u00a0Alexia, hija del primer matrimonio de <strong>Luciana Barroso<\/strong>, <strong>Isabella<\/strong>, <strong>Gia\u00a0<\/strong>y <strong>Stella<\/strong> . El actor asisti\u00f3 a la premiere de The Rip, la pel\u00edcula que ha protagonizado<strong>\u00a0con su mejor amigo, Ben Affleck<\/strong>, con el que pos\u00f3 orgulloso en Nueva York. Mientras los dos oscarizados int\u00e9rpretes, que hace casi tres d\u00e9cadas triunfaron con El indomable Will Hunting, se dejaban fotografiar en la alfombra roja, <strong>Damon fue objeto del troleo de su hija Gia,<\/strong> que no dejaba de preguntarle por qu\u00e9 posaba encorvado ante las c\u00e1maras. Y es que no por ser una estrella de Hollywood est\u00e1 exento de las bromas y gracias de sus hijas, la mayor\u00eda de ellas adolescentes &#8211; <strong>Alexia,\u00a0<\/strong>de 25 a\u00f1os, es hija del primer matrimonio de Luciana y a la que adopt\u00f3 el actor legalmente, <strong>Isabella<\/strong>, de 19 a\u00f1os,<strong>\u00a0Gia,<\/strong> de 17 a\u00f1os, y <strong>Stella<\/strong>, de 15 a\u00f1os-.\u00a0<\/p>\n<p> <img src=\"https:\/\/www.europesays.com\/es\/wp-content\/uploads\/2026\/01\/78cbfdd1d007-matt-damon-getty.jpg\"   width=\"1024\" height=\"682\" loading=\"lazy\" decoding=\"async\" alt=\"Matt Damon se va de estreno con su esposa, Luciana Barroso, y sus 4 hijas: Isabella, Gia, y Stella (en la foto falta su hija Alexia) \" fetchpriority=\"auto\" class=\"image ho-image\"\/>\u00a9 Getty ImagesMatt Damon se va de estreno con su esposa, Luciana Barroso, y sus 4 hijas: Isabella, Gia, y Stella (en la foto falta su hija Alexia) <\/p>\n<p id=\"eKkWJu_qELmK\" data-wc=\"129\">Durante el estreno, <strong>Ben Affleck\u00a0<\/strong>volvi\u00f3 a tener palabras de agradecimiento hacia su amigo, que estuvo <a class=\"hm-link ho-link\" href=\"https:\/\/www.hola.com\/actualidad\/20260113877616\/matt-damon-ayudo-a-ben-affleck-a-superar-2-divorcios-y-el-alcoholismo\/\" data-mrf-recirculation=\"article-body-link\" rel=\"nofollow noopener\" target=\"_blank\">a su lado durante los momentos m\u00e1s duros de su vida<\/a>, como su divorcio y su lucha contra el alcohol. El actor de Batman se sincer\u00f3 sobre otra de las grandes cualidades de su amigo, que es la de ser padre. \u00abSigo aprendiendo cosas sobre Matt que sab\u00eda y las olvido. Sinceramente, recuerdo constantemente<strong>\u00a0lo gran padre que es y lo fabuloso que es como actor<\/strong>\u00ab, revel\u00f3 en US Weeky. \u00a0Tambi\u00e9n destac\u00f3 lo afortunado que se siente de haber podido hacer carrera junto a su buen amigo.\u00bb Tienes mucha suerte si puedes dedicarte a esto. Y tienes una suerte excepcional si puedes hacerlo con gente que quieres y a la que quieres\u00bb, confes\u00f3.\u00a0<\/p>\n<p> <img src=\"https:\/\/www.europesays.com\/es\/wp-content\/uploads\/2026\/01\/e2974ac8a2cf-matt-damon-getty3.jpg\"   width=\"1024\" height=\"767\" loading=\"lazy\" decoding=\"async\" alt=\"Matt Damon con 3 de sus hijas: Alexia Barroso, la hija de su esposa Luciana a la que adopt\u00f3 legalmente, y sus otras hijas Isabella y Luciana\" fetchpriority=\"auto\" class=\"image ho-image\"\/>\u00a9 Getty ImagesMatt Damon con su esposa y 2 de sus hijas: Alexia Barroso, la hija de su esposa Luciana a la que adopt\u00f3 legalmente, e Isabella <\/p>\n<p id=\"e0dLiOqLdA5R\" data-wc=\"85\"><strong>La \u00faltima pel\u00edcula de Affleck y Damon es\u00a0<\/strong><strong>The Rip,<\/strong>\u00a0 un thriller policial de Netflix sobre un equipo de polic\u00edas de Miami cuya lealtad se fractura tras descubrir millones de d\u00f3lares en efectivo, haciendo que duden en qui\u00e9n confiar mientras fuerzas externas se enteran del hallazgo, enfrent\u00e1ndose a la corrupci\u00f3n y la traici\u00f3n. La trama explora la desconfianza y las consecuencias de la codicia, con un mensaje sobre la integridad y la bondad que busca recordarle al p\u00fablico que hay gente buena en el mundo. \u00a0<\/p>\n<p>Luciana se fij\u00f3 primero en Ben Affleck<\/p>\n<p id=\"exbuGOOVsj-M\" data-wc=\"128\">Los grandes amigos reaparecieron despu\u00e9s de<strong>\u00a0la curiosa confesi\u00f3n que hizo Matt Damon sobre su esposa\u00a0<\/strong>en el programa\u00a0Howard Stern Show.<strong>\u00a0El actor revel\u00f3 que su mujer Luciana<\/strong>, de 49 a\u00f1os, <strong>se sinti\u00f3 atra\u00edda en un primer momento por Ben Affleck<\/strong>. \u00abEra el m\u00e1s guapo\u00bb de los dos, antes de que se cruzaran. \u00abConoc\u00ed a su mejor amiga del colegio y me cont\u00f3 que las dos hab\u00edan ido juntas a ver Good Will Hunting\u00bb, record\u00f3 Damon, de 55 a\u00f1os, el pasado lunes en el programa Howard Stern Show, hablando de la pel\u00edcula estrenada en 1997. Su mejor amiga pens\u00f3 que yo era el guapo, y ella pens\u00f3 eso de Ben. \u00ab<strong>Entonces me lo confes\u00f3&#8230; y le pregunt\u00e9: &#8216;\u00bfTe equivocaste de persona?<\/strong>&#8216;. Me lo dijo hace 23 a\u00f1os\u00bb.\u00a0<\/p>\n<p> <img src=\"https:\/\/www.europesays.com\/es\/wp-content\/uploads\/2026\/01\/4fd449c1b8d9-matt-damon-getty4.jpg\"   width=\"682\" height=\"1024\" loading=\"lazy\" decoding=\"async\" alt=\"Luciana Barroso y Matt Damon llevan casados 20 a\u00f1os y se conocieron hace 23\" fetchpriority=\"auto\" class=\"image ho-image\"\/>\u00a9 Getty ImagesLuciana Barroso y Matt Damon llevan casados 20 a\u00f1os y se conocieron hace 23<\/p>\n<p id=\"etfFKqovQ-9Q\" data-wc=\"88\">Al hablar de la an\u00e9cdota, Affleck reaccion\u00f3 con humor. \u00ab<strong>Es una gran productora y una muy buena amiga\u00bb<\/strong>, aclar\u00f3 la estrella de Hollywood sobre Luciana, que tambi\u00e9n trabaj\u00f3 como productora en la pel\u00edcula &#8216;The Rip&#8217;. \u00abY s\u00ed, lo s\u00e9&#8230; pero yo nunca sent\u00ed eso por ella\u00bb, a\u00f1adi\u00f3 entre risas. \u00ab<strong>Creo que algo que hice en la vida real que la debe haber defraudado<\/strong>. Ya saben, en persona, uno es diferente\u00bb, brome\u00f3. \u00a0Damon coincidi\u00f3 con su amigo y a\u00f1adi\u00f3: \u00abFinalmente, ella lo conoci\u00f3 y todo eso que sent\u00eda desapareci\u00f3\u00bb.\u00a0<\/p>\n<p id=\"eZOLqTwx_toE\" data-wc=\"71\"><strong>Matt y Luciana se conocieron por primera vez en un bar de Miami en 2003,\u00a0<\/strong>mientras el actor filmaba Stuck On You y ella trabajaba como camarera. No tardaron en darse cuenta de que estaban hechos el uno para el otro, y se casaron tres a\u00f1os despu\u00e9s. \u00a0Matt adopt\u00f3 a la hija de su esposa Alexia y luego dieron la bienvenida a sus tres hijas en com\u00fan, Isabella, Gia y Stella.<\/p>\n<p> <img src=\"https:\/\/www.europesays.com\/es\/wp-content\/uploads\/2026\/01\/e7dca83770f6-matt-damon-getty2.jpg\"   width=\"682\" height=\"1024\" loading=\"lazy\" decoding=\"async\" alt=\"Ben Affleck y Matt Damon estrenan 'The Rip' en Nueva York\" fetchpriority=\"auto\" class=\"image ho-image\"\/>\u00a9 Getty ImagesBen Affleck y Matt Damon estrenan &#8216;The Rip&#8217; en Nueva York<\/p>\n<p id=\"e3LGeGqVt988\" data-wc=\"65\">\u00abUno debe estar con la persona que ama el mayor tiempo posible. Luciana es mi otra mitad. Tenemos un acuerdo: nunca estoy fuera de casa m\u00e1s de dos semanas. <strong>Soy un tipo afortunado. Vivo rodeado de bellas mujeres:\u00a0<\/strong>mi esposa y mis cuatro hijas. <strong>No puedo disponer mucho tiempo del ba\u00f1o, pero ese es solo un mal menor\u00bb<\/strong>, \u00a0confes\u00f3 con su caracter\u00edstico sentido del humor.\u00a0<\/p>\n","protected":false},"excerpt":{"rendered":"Matt Damon vivi\u00f3 una noche muy especial rodeado de su esposa, Luciana Barroso\u00a0y de sus cuatro hijas: \u00a0Alexia,&hellip;\n","protected":false},"author":2,"featured_media":342064,"comment_status":"","ping_status":"","sticky":false,"template":"","format":"standard","meta":{"footnotes":""},"categories":[174],"tags":[517,3710,255,146,147,25,24,256,5258,23],"class_list":{"0":"post-342063","1":"post","2":"type-post","3":"status-publish","4":"format-standard","5":"has-post-thumbnail","7":"category-famosos","8":"tag-actualidad","9":"tag-ben-affleck","10":"tag-celebrities","11":"tag-entertainment","12":"tag-entretenimiento","13":"tag-es","14":"tag-espana","15":"tag-famosos","16":"tag-matt-damon","17":"tag-spain"},"share_on_mastodon":{"url":"https:\/\/pubeurope.com\/@es\/115899103033684358","error":""},"_links":{"self":[{"href":"https:\/\/www.europesays.com\/es\/wp-json\/wp\/v2\/posts\/342063","targetHints":{"allow":["GET"]}}],"collection":[{"href":"https:\/\/www.europesays.com\/es\/wp-json\/wp\/v2\/posts"}],"about":[{"href":"https:\/\/www.europesays.com\/es\/wp-json\/wp\/v2\/types\/post"}],"author":[{"embeddable":true,"href":"https:\/\/www.europesays.com\/es\/wp-json\/wp\/v2\/users\/2"}],"replies":[{"embeddable":true,"href":"https:\/\/www.europesays.com\/es\/wp-json\/wp\/v2\/comments?post=342063"}],"version-history":[{"count":0,"href":"https:\/\/www.europesays.com\/es\/wp-json\/wp\/v2\/posts\/342063\/revisions"}],"wp:featuredmedia":[{"embeddable":true,"href":"https:\/\/www.europesays.com\/es\/wp-json\/wp\/v2\/media\/342064"}],"wp:attachment":[{"href":"https:\/\/www.europesays.com\/es\/wp-json\/wp\/v2\/media?parent=342063"}],"wp:term":[{"taxonomy":"category","embeddable":true,"href":"https:\/\/www.europesays.com\/es\/wp-json\/wp\/v2\/categories?post=342063"},{"taxonomy":"post_tag","embeddable":true,"href":"https:\/\/www.europesays.com\/es\/wp-json\/wp\/v2\/tags?post=342063"}],"curies":[{"name":"wp","href":"https:\/\/api.w.org\/{rel}","templated":true}]}}