{"id":342067,"date":"2026-01-15T12:27:07","date_gmt":"2026-01-15T12:27:07","guid":{"rendered":"https:\/\/www.europesays.com\/es\/342067\/"},"modified":"2026-01-15T12:27:07","modified_gmt":"2026-01-15T12:27:07","slug":"la-isla-de-las-tentaciones-aun-no-ha-terminado-y-la-revuelta-lo-sabe-telecinco-prolonga-su-exito-con-tres-debates-mas-el-pais","status":"publish","type":"post","link":"https:\/\/www.europesays.com\/es\/342067\/","title":{"rendered":"\u2018La isla de las tentaciones\u2019 a\u00fan no ha terminado y \u2018La revuelta\u2019 lo sabe: Telecinco prolonga su \u00e9xito con tres debates m\u00e1s &#8211; EL PA\u00cdS"},"content":{"rendered":"<ol>\n<li><a href=\"https:\/\/news.google.com\/rss\/articles\/CBMi9gFBVV95cUxQRDFhYWg5SERjQW1UcWV5OUdZYlhjanZQYkdFdnViTElzOTI3Tm9UUXN6V1QzWmtncVppNW9yM0s3VUdmVUJBWEw2QWUyc1JzWGVYd0JnMHBuYXdyRy03VVNaTnJ2VHVKd2JKZnloRXJHdjFtMW1lcWJtUDJKcDd5b1M0cS0ybnd2bVNQN2tRYklfdF94SFl6dUJ5Y29Zdjh4MHIzU2wyMXpDM2J0ejhIY0dsNExacVRaNWRNZUZ6T21yQktDUVFhX29lNVk0OXNQY1hKZmw1aGpTZXloSUdCS2FOb2lmOE5kWEp2SDZraml3YnJPN3c?oc=5\" target=\"_blank\" rel=\"nofollow noopener\">\u2018La isla de las tentaciones\u2019 a\u00fan no ha terminado y \u2018La revuelta\u2019 lo sabe: Telecinco prolonga su \u00e9xito con tres debates m\u00e1s<\/a>&nbsp;&nbsp;EL PA\u00cdS<\/li>\n<li><a href=\"https:\/\/news.google.com\/rss\/articles\/CBMiiwFBVV95cUxNVkpsdTdxSjJMd0FFNmhxUTlIZEttWDE3dTFUNS1zcm45a19yMm1XTUV5cVBSRkYzQWVMS3YtUE95eVhCRFVaWUVGR2x3NU5PZVl5VmRNcmNlSVlxeXg0aE9iYmdkTjdLWm1YTktDaFhyS25zNjBVc1BDVFg0U1F6LVA3NklmLVYxR2o40gGLAUFVX3lxTE9QTzVvZHdINVJKWm5ONEViZU9LdzQyelNxcEUyRmhOVGZ3SVNrS0hkQzg3OTdGeW1YMGwxaDRZM3VQMjVDdldDTDRxUXhzZC0zWWNlOFNHZldpM092ZjdWN2djTkpVQnY3NFdLTFU3Z19VXzk1dnIxYzZfbXVYY0xzYjhtYXRwVlpqaDA?oc=5\" target=\"_blank\" rel=\"nofollow noopener\">La verdad sale a la luz en el final m\u00e1s desquiciado de La isla de las tentaciones<\/a>&nbsp;&nbsp;El Mundo<\/li>\n<li><a href=\"https:\/\/news.google.com\/rss\/articles\/CBMi2AFBVV95cUxPUlRFMFNKYlMtd2p3TzFQMHkxTVRwTVdjLThlcmQyQUh2TjJQUnVSdS1YNy1vVk1jZ21VUXRwYUVZeDM3VWkwZDB4OTUtLWdvR1NCdU1oMnVGeEp3Vm1lcGdBQ1FEenpXV3BlWFZSNkRSRTJ6M2NKYkxULTRIclJZWkhGaFd3Q0I0LVYtN0RuY2JIV1A3U2FMY2NtcXRTUVV4ZmtmZkdmZ293MnBSM2FlTVRoenJtQ1hCblFaVnBIcXREa2NFMGZ1cjlET0RSSVFqaDRpa1UxUFM?oc=5\" target=\"_blank\" rel=\"nofollow noopener\">Telecinco alarga una semana m\u00e1s &#8216;La isla de las tentaciones 9&#8217; con una estrategia in\u00e9dita para su &#8216;Debate&#8217; final<\/a>&nbsp;&nbsp;elDiario.es<\/li>\n<li><a href=\"https:\/\/news.google.com\/rss\/articles\/CBMi1AFBVV95cUxNTmJVZU15QXRKUldfX0s3NkVpNWt2UFh0c1FQbk9MenUyQWhoZUdKOVRpVUNFZkk2ck1JcW1vZ3BPUHhteGtIU193akoyOFdrNzU1QktoX3ZLVi1JSVloNTdRaWxpRVpVbkU2bDFvay1vajNBa3hTa1ZpblJKSzBTaHlQdmprelB1ekhjMDdrNFR4Y1ZuUlRQNk9GeXE0andfc3ZXUm01LTF1YTVySE1EZ201T1BSUDRlX3pmejVESk5KYXRkOTlCSDM1bnlBUDZZdkZ0aw?oc=5\" target=\"_blank\" rel=\"nofollow noopener\">Dos bombazos, una infidelidad y muchos enfrentamientos en &#8216;El debate final de las tentaciones&#8217;<\/a>&nbsp;&nbsp;Telecinco<\/li>\n<li><a href=\"https:\/\/news.google.com\/rss\/articles\/CBMi7gFBVV95cUxNMUUwUUpqNHdiRmRUeWdFNmoyRXBYRFlMOHhmNmQyNXVMdVhvSTdOMXhGejFpdzBmbk9TS1djczdpYkh5TlNfV1ZpYTR6V1ZOcDljM1hMMGVNSXpQX1VZNGZzRFZ6emtCamVPLThmZUxIYVcxYS1kS2tVWG8zaDZNbHZ6aS05RDc2Zzc4Ti05Uzgtb2lScklVZGZyRDRFT056VWo3dVdJU2ZhVUw0cFBBSlVTLUJKZDRHN1lYeUtycExaUV9wX0F6Zks1NG50anRwZU1SMTQ3dmxXY2dmQlItSGFOTUhDQi05NlNjVkRn0gGCAkFVX3lxTE1KTFRMb2pwakZ6TXBxcFVZWWUxU01Kb2ZZMlFEQktIVXhjU3B6emJOM2hrdHRCNEFtM1pTb0pXNW9zVHVhYU5fa29zU2ota2FWWFdjTWplTHlXRk9FUUx2SzY2ZDZmazNKdTdjc1QtSTcza0ZGZ0ZtNWIzRk5jMnRDZTVfelRza1ZPVmJKT182OE8yMWlKTzdfLWE5b0xjRlFmcS1RanIycm9GZ1BLZ2dZc1dTY3FFa2paeWt6ZWFBdGhQbE5zYy1GeG5mQXRLREpVdVhYUjlQZTREcXRGX3RjdUVjeE1SYXFYZ3dyMzBqTGFTb3E5a2Y5VVUyak1Icm9zUQ?oc=5\" target=\"_blank\" rel=\"nofollow noopener\">&#8216;La isla de las tentaciones 9&#8217; puso fin a dos de sus mayores culebrones cuatro meses despu\u00e9s<\/a>&nbsp;&nbsp;La Raz\u00f3n<\/li>\n<\/ol>\n","protected":false},"excerpt":{"rendered":"\u2018La isla de las tentaciones\u2019 a\u00fan no ha terminado y \u2018La revuelta\u2019 lo sabe: Telecinco prolonga su \u00e9xito&hellip;\n","protected":false},"author":2,"featured_media":338026,"comment_status":"","ping_status":"","sticky":false,"template":"","format":"standard","meta":{"footnotes":""},"categories":[171],"tags":[146,147,25,24,23,214],"class_list":{"0":"post-342067","1":"post","2":"type-post","3":"status-publish","4":"format-standard","5":"has-post-thumbnail","7":"category-tv","8":"tag-entertainment","9":"tag-entretenimiento","10":"tag-es","11":"tag-espana","12":"tag-spain","13":"tag-tv"},"share_on_mastodon":{"url":"https:\/\/pubeurope.com\/@es\/115899114658802532","error":""},"_links":{"self":[{"href":"https:\/\/www.europesays.com\/es\/wp-json\/wp\/v2\/posts\/342067","targetHints":{"allow":["GET"]}}],"collection":[{"href":"https:\/\/www.europesays.com\/es\/wp-json\/wp\/v2\/posts"}],"about":[{"href":"https:\/\/www.europesays.com\/es\/wp-json\/wp\/v2\/types\/post"}],"author":[{"embeddable":true,"href":"https:\/\/www.europesays.com\/es\/wp-json\/wp\/v2\/users\/2"}],"replies":[{"embeddable":true,"href":"https:\/\/www.europesays.com\/es\/wp-json\/wp\/v2\/comments?post=342067"}],"version-history":[{"count":0,"href":"https:\/\/www.europesays.com\/es\/wp-json\/wp\/v2\/posts\/342067\/revisions"}],"wp:featuredmedia":[{"embeddable":true,"href":"https:\/\/www.europesays.com\/es\/wp-json\/wp\/v2\/media\/338026"}],"wp:attachment":[{"href":"https:\/\/www.europesays.com\/es\/wp-json\/wp\/v2\/media?parent=342067"}],"wp:term":[{"taxonomy":"category","embeddable":true,"href":"https:\/\/www.europesays.com\/es\/wp-json\/wp\/v2\/categories?post=342067"},{"taxonomy":"post_tag","embeddable":true,"href":"https:\/\/www.europesays.com\/es\/wp-json\/wp\/v2\/tags?post=342067"}],"curies":[{"name":"wp","href":"https:\/\/api.w.org\/{rel}","templated":true}]}}