{"id":342068,"date":"2026-01-15T12:28:08","date_gmt":"2026-01-15T12:28:08","guid":{"rendered":"https:\/\/www.europesays.com\/es\/342068\/"},"modified":"2026-01-15T12:28:08","modified_gmt":"2026-01-15T12:28:08","slug":"las-criticas-en-redes-no-cesan-tras-los-ultimos-clips-de-la-oreja-de-van-gogh-y-amaia-montero-sale-al-paso","status":"publish","type":"post","link":"https:\/\/www.europesays.com\/es\/342068\/","title":{"rendered":"Las cr\u00edticas en redes no cesan tras los \u00faltimos clips de La Oreja de Van Gogh y Amaia Montero sale al paso"},"content":{"rendered":"<p>\u00abNo tengo miedo al fuego eterno\u00bb. Con una frase extra\u00edda de su propia canci\u00f3n, Amaia Montero ha lanzado lo que a todas luces parece ser <strong>una contundente declaraci\u00f3n de intenciones<\/strong>. Su mensaje en <b>Instagram<\/b> llega en un momento crucial: justo cuando las dudas sobre su estado de forma arrecian y a las puertas de una gira por Espa\u00f1a que marcar\u00e1 su regreso definitivo a los escenarios con La Oreja de Van Gogh.<\/p>\n<p>De hecho, esta sutil pero firme respuesta tiene un origen muy concreto. El caldo de cultivo ha sido un v\u00eddeo de un ensayo publicado por el propio grupo en el que interpretaban el ic\u00f3nico \u00abMu\u00f1eca de trapo\u00bb. Lo que pretend\u00eda ser un aperitivo para los fans antes de los conciertos se convirti\u00f3 r\u00e1pidamente en <strong>un encendido debate en redes<\/strong> sobre la calidad vocal de la artista donostiarra.<\/p>\n<p>Asimismo, este episodio no es un hecho aislado. Se suma a la pol\u00e9mica que ya rode\u00f3 al grupo en Nochevieja, cuando la presentaci\u00f3n de un nuevo tema y el atuendo de la cantante provocaron una avalancha de comentarios. Desde que se anunci\u00f3 su reincorporaci\u00f3n el pasado octubre en sustituci\u00f3n de Leire Mart\u00ednez \u2014considerada por muchos <strong>una vuelta muy esperada<\/strong>\u2014, cada paso de la artista es analizado con lupa.<\/p>\n<p>La prueba de fuego sobre los escenarios<\/p>\n<p>En esta ocasi\u00f3n, las cr\u00edticas se han centrado exclusivamente en el aspecto musical. La conversaci\u00f3n que inund\u00f3 las plataformas digitales giraba en torno a <strong>la capacidad de la cantante<\/strong> para afrontar las exigencias de una gira en directo. Cientos de usuarios cuestionaron su afinaci\u00f3n y la potencia de su voz en el v\u00eddeo, sembrando la incertidumbre a pocas semanas del inicio del tour.<\/p>\n<p>Por todo ello, el pistoletazo de salida de la gira, fijado para el pr\u00f3ximo 9 de mayo en Bilbao, adquiere ahora una nueva dimensi\u00f3n. Ya no se trata solo de un concierto, sino de una verdadera prueba de fuego. Ser\u00e1 sobre las tablas donde la banda, y especialmente su recuperada vocalista, tendr\u00e1n <strong>la oportunidad de disipar las dudas<\/strong> y demostrar que la magia de su formaci\u00f3n original sigue intacta.<\/p>\n","protected":false},"excerpt":{"rendered":"\u00abNo tengo miedo al fuego eterno\u00bb. Con una frase extra\u00edda de su propia canci\u00f3n, Amaia Montero ha lanzado&hellip;\n","protected":false},"author":2,"featured_media":342069,"comment_status":"","ping_status":"","sticky":false,"template":"","format":"standard","meta":{"footnotes":""},"categories":[170],"tags":[146,147,25,24,184,185,23],"class_list":{"0":"post-342068","1":"post","2":"type-post","3":"status-publish","4":"format-standard","5":"has-post-thumbnail","7":"category-musica","8":"tag-entertainment","9":"tag-entretenimiento","10":"tag-es","11":"tag-espana","12":"tag-music","13":"tag-musica","14":"tag-spain"},"share_on_mastodon":{"url":"https:\/\/pubeurope.com\/@es\/115899118717246750","error":""},"_links":{"self":[{"href":"https:\/\/www.europesays.com\/es\/wp-json\/wp\/v2\/posts\/342068","targetHints":{"allow":["GET"]}}],"collection":[{"href":"https:\/\/www.europesays.com\/es\/wp-json\/wp\/v2\/posts"}],"about":[{"href":"https:\/\/www.europesays.com\/es\/wp-json\/wp\/v2\/types\/post"}],"author":[{"embeddable":true,"href":"https:\/\/www.europesays.com\/es\/wp-json\/wp\/v2\/users\/2"}],"replies":[{"embeddable":true,"href":"https:\/\/www.europesays.com\/es\/wp-json\/wp\/v2\/comments?post=342068"}],"version-history":[{"count":0,"href":"https:\/\/www.europesays.com\/es\/wp-json\/wp\/v2\/posts\/342068\/revisions"}],"wp:featuredmedia":[{"embeddable":true,"href":"https:\/\/www.europesays.com\/es\/wp-json\/wp\/v2\/media\/342069"}],"wp:attachment":[{"href":"https:\/\/www.europesays.com\/es\/wp-json\/wp\/v2\/media?parent=342068"}],"wp:term":[{"taxonomy":"category","embeddable":true,"href":"https:\/\/www.europesays.com\/es\/wp-json\/wp\/v2\/categories?post=342068"},{"taxonomy":"post_tag","embeddable":true,"href":"https:\/\/www.europesays.com\/es\/wp-json\/wp\/v2\/tags?post=342068"}],"curies":[{"name":"wp","href":"https:\/\/api.w.org\/{rel}","templated":true}]}}