{"id":342070,"date":"2026-01-15T12:29:10","date_gmt":"2026-01-15T12:29:10","guid":{"rendered":"https:\/\/www.europesays.com\/es\/342070\/"},"modified":"2026-01-15T12:29:10","modified_gmt":"2026-01-15T12:29:10","slug":"marvel-anuncia-el-equipo-creativo-de-spider-man-superman-1","status":"publish","type":"post","link":"https:\/\/www.europesays.com\/es\/342070\/","title":{"rendered":"Marvel anuncia el equipo creativo de Spider-Man\/Superman #1"},"content":{"rendered":"<p>        <a href=\"https:\/\/www.milcomics.com\/\" target=\"_blank\" onclick=\"gtag(&#039;event&#039;, &#039;Banner-MilComics&#039;, { &#039;event_category&#039;: &#039;Banner-MilComics&#039;, &#039;event_action&#039;:&#039;Banner-MilComics&#039;,&#039;event_label&#039;:&#039;Banner-MilComics&#039; });\" rel=\"nofollow noopener\"><img decoding=\"async\" src=\"https:\/\/www.europesays.com\/es\/wp-content\/uploads\/2025\/09\/banner-milcomics-header.jpg\"\/><\/a><\/p>\n<p>Ayer, <strong>Marvel Comics<\/strong> anunci\u00f3 el nuevo especial autoconclusivo entre <strong>Marvel<\/strong> y <strong>DC<\/strong> que se lanzar\u00e1 en abril bajo el t\u00edtulo Spider-Man\/Superman.<\/p>\n<p>Tras el enorme \u00e9xito de Deadpool\/Batman #1 del a\u00f1o pasado y celebrando el 50 aniversario de Superman vs. The Amazing Spider-Man \u2014el primer crossover entre ambas compa\u00f1\u00edas\u2014, <strong>Marvel<\/strong> y <strong>DC<\/strong> volver\u00e1n a reunirse este abril. Al igual que el crossover del a\u00f1o pasado, los fans podr\u00e1n disfrutar de una doble dosis de historias hist\u00f3ricas, ya que <strong>DC<\/strong> publicar\u00e1 en marzo un especial independiente titulado Superman\/Spider-Man.<\/p>\n<p>En cuanto a la historia principal, en la que Spiderman y Superman unen fuerzas, estar\u00e1 escrita por <strong>Brad Meltzer<\/strong> y dibujada por <strong>Pepe Larraz<\/strong>. Luego, tendremos diversas historias extra a cargo de un elenco monumental de talentos de la industria, todas ellas coprotagonizadas por personajes de <strong>Marvel<\/strong> y <strong>DC<\/strong>, incluyendo algunas sorpresas de las que los lectores estar\u00e1n hablando durante los pr\u00f3ximos cincuenta a\u00f1os.<\/p>\n<p>Podremos esperar las siguientes historias:<\/p>\n<p>\u2013 <strong>Brad Meltzer<\/strong> y <strong>Pepe Larraz<\/strong> enfrentan a Spiderman y Superman contra Lex Luthor y Norman Osborn.<\/p>\n<p>\u2013 <strong>Dan Slott<\/strong> y <strong>Marcos Martin<\/strong> nos trasladan a los sombr\u00edos a\u00f1os 30 con Spiderman Noir y el Superman de la Edad de Oro.<\/p>\n<p>\u2013 <strong>Geoff Johns<\/strong> y <strong>Gary Frank<\/strong> enfrentan a las familias de Superman y Spiderman.<\/p>\n<p>\t\t\t\t<a href=\"https:\/\/www.zonanegativa.com\/marvel-anuncia-el-equipo-creativo-de-spider-man-superman-1\/spider-man-superman-1-pichelli\/\" rel=\"nofollow noopener\" target=\"_blank\"><img fetchpriority=\"high\" decoding=\"async\" width=\"300\" height=\"226\" src=\"https:\/\/www.europesays.com\/es\/wp-content\/uploads\/2026\/01\/Spider-Man-Superman-1-Pichelli-300x226.jpg\" class=\"attachment-medium size-medium\" alt=\"Spider-Man Superman 1 Pichelli\"  \/><\/a><\/p>\n<p>\t\t\t\t<a href=\"https:\/\/www.zonanegativa.com\/marvel-anuncia-el-equipo-creativo-de-spider-man-superman-1\/spider-man-superman-capullo\/\" rel=\"nofollow noopener\" target=\"_blank\"><img loading=\"lazy\" decoding=\"async\" width=\"300\" height=\"226\" src=\"https:\/\/www.europesays.com\/es\/wp-content\/uploads\/2026\/01\/Spider-Man-Superman-Capullo-300x226.jpg\" class=\"attachment-medium size-medium\" alt=\"\"  \/><\/a><\/p>\n<p>\u2013 <strong>Jason Aaron<\/strong> y <strong>Russell Dauterman<\/strong> llevan una horda de simbiontes a Metr\u00f3polis con Jane Foster como la Poderosa Thor, Wonder Woman y m\u00e1s.<\/p>\n<p>\u2013 <strong>Louise Simonson<\/strong> y <strong>Todd Nauck<\/strong> forjan la historia del enfrentamiento de John Henry Irons con El Duende.<\/p>\n<p>\u2013 <strong>Joe Kelly<\/strong> y <strong>Humberto Ramos<\/strong> presentan un crossover universitario entre Gwen Stacy y Lana Lang.<\/p>\n<p>\u2013 <strong>Brian Michael Bendis<\/strong> y <strong>Sara Pichelli<\/strong> re\u00fanen a Spiderman (Miles Morales) y Superman.<\/p>\n<p>Marvel\/DC: Spider-Man\/Superman #1 estar\u00e1 a la venta el 15 de abril de 2026.<\/p>\n<p>Puedes ver la portada principal, las alternativas y m\u00e1s informaci\u00f3n <a href=\"https:\/\/www.marvel.com\/articles\/comics\/spider-man-superman-marvel-dc-new-crossover-variant-covers-april-2026\" rel=\"noopener nofollow\" target=\"_blank\">aqu\u00ed<\/a>.<\/p>\n<p><img loading=\"lazy\" decoding=\"async\" src=\"https:\/\/www.europesays.com\/es\/wp-content\/uploads\/2026\/01\/Spider-Man-Superman-Kaare-Andrews.jpg\" alt=\"Spider-Man Superman Kaare Andrews\" width=\"1068\" height=\"690\" class=\"aligncenter size-full wp-image-272919\"  \/><\/p>\n<p>ESC\u00daCHANOS EN NUESTRO PODCAST&#13;<br \/>\n&#13;<\/p>\n","protected":false},"excerpt":{"rendered":"Ayer, Marvel Comics anunci\u00f3 el nuevo especial autoconclusivo entre Marvel y DC que se lanzar\u00e1 en abril bajo&hellip;\n","protected":false},"author":2,"featured_media":342071,"comment_status":"","ping_status":"","sticky":false,"template":"","format":"standard","meta":{"footnotes":""},"categories":[169],"tags":[177,146,147,25,24,176,175,23],"class_list":{"0":"post-342070","1":"post","2":"type-post","3":"status-publish","4":"format-standard","5":"has-post-thumbnail","7":"category-cine","8":"tag-cine","9":"tag-entertainment","10":"tag-entretenimiento","11":"tag-es","12":"tag-espana","13":"tag-film","14":"tag-movies","15":"tag-spain"},"share_on_mastodon":{"url":"https:\/\/pubeurope.com\/@es\/115899124280616625","error":""},"_links":{"self":[{"href":"https:\/\/www.europesays.com\/es\/wp-json\/wp\/v2\/posts\/342070","targetHints":{"allow":["GET"]}}],"collection":[{"href":"https:\/\/www.europesays.com\/es\/wp-json\/wp\/v2\/posts"}],"about":[{"href":"https:\/\/www.europesays.com\/es\/wp-json\/wp\/v2\/types\/post"}],"author":[{"embeddable":true,"href":"https:\/\/www.europesays.com\/es\/wp-json\/wp\/v2\/users\/2"}],"replies":[{"embeddable":true,"href":"https:\/\/www.europesays.com\/es\/wp-json\/wp\/v2\/comments?post=342070"}],"version-history":[{"count":0,"href":"https:\/\/www.europesays.com\/es\/wp-json\/wp\/v2\/posts\/342070\/revisions"}],"wp:featuredmedia":[{"embeddable":true,"href":"https:\/\/www.europesays.com\/es\/wp-json\/wp\/v2\/media\/342071"}],"wp:attachment":[{"href":"https:\/\/www.europesays.com\/es\/wp-json\/wp\/v2\/media?parent=342070"}],"wp:term":[{"taxonomy":"category","embeddable":true,"href":"https:\/\/www.europesays.com\/es\/wp-json\/wp\/v2\/categories?post=342070"},{"taxonomy":"post_tag","embeddable":true,"href":"https:\/\/www.europesays.com\/es\/wp-json\/wp\/v2\/tags?post=342070"}],"curies":[{"name":"wp","href":"https:\/\/api.w.org\/{rel}","templated":true}]}}