{"id":342084,"date":"2026-01-15T12:36:10","date_gmt":"2026-01-15T12:36:10","guid":{"rendered":"https:\/\/www.europesays.com\/es\/342084\/"},"modified":"2026-01-15T12:36:10","modified_gmt":"2026-01-15T12:36:10","slug":"el-foro-del-mayor-avala-el-refuerzo-presupuestario-municipal-para-ampliar-actividades-dirigidas-a-las-personas-mayores","status":"publish","type":"post","link":"https:\/\/www.europesays.com\/es\/342084\/","title":{"rendered":"El Foro del Mayor avala el refuerzo presupuestario municipal para ampliar actividades dirigidas a las personas mayores"},"content":{"rendered":"<dl class=\"article-info\">\n<dt class=\"article-info-term\"\/>\n<dd class=\"parent-category-name\">\n\t\t\t\t\t\t\t\t\t\t\t\t\t\t\t\t<a href=\"https:\/\/www.ciudadreal.es\/noticias\/zona-de-prensa.html\" rel=\"nofollow noopener\" target=\"_blank\">Noticias<\/a>\t\t\t\t\t\t\t\t\t\t\t\t\t\t&gt;<br \/>\n\t\t\t\t\t\t\t\t\t\t\t\t\t\t\t\t<a href=\"https:\/\/www.ciudadreal.es\/noticias\/servicios-sociales-mayor-y-familia.html\" rel=\"nofollow noopener\" target=\"_blank\">Servicios sociales<\/a>\t\t\t\t\t\t\t\t\t\t\t\t\t\t\t\t<\/dd>\n<dd class=\"published\">\n\t\t\t\t\t Publicado: 15 Enero 2026\t\t\t\t<\/dd>\n<\/dl>\n<p>\t\t\t<a class=\"modal thumbnail\" href=\"https:\/\/www.europesays.com\/es\/wp-content\/uploads\/2026\/01\/El-Foro-del-Mayor-respalda-la-subida-presupuestaria-para-ampliar-la-oferta-de-actividades_11zon.jpg\"><img decoding=\"async\" src=\"https:\/\/www.europesays.com\/es\/wp-content\/uploads\/2026\/01\/El-Foro-del-Mayor-respalda-la-subida-presupuestaria-para-ampliar-la-oferta-de-actividades_11zon.jpg\" alt=\"\"\/><\/a><\/p>\n<p>El Ayuntamiento incrementar\u00e1 la partida econ\u00f3mica en los pr\u00f3ximos presupuestos para impulsar programas, combatir la soledad no deseada y desarrollar nuevas l\u00edneas de conciliaci\u00f3n para cuidadores, con una programaci\u00f3n creciente hasta mayo.<\/p>\n<p>El sal\u00f3n de plenos del Ayuntamiento de Ciudad Real ha acogido la celebraci\u00f3n del Foro del Mayor, un encuentro en el que la concejal de Servicios Sociales, Aurora Galisteo, ha puesto en valor el aumento econ\u00f3mico y de actividades previsto en el presupuesto municipal para este \u00e1mbito.<\/p>\n<p>Durante la sesi\u00f3n, Galisteo explic\u00f3 que \u201cestamos hoy en este primer Foro del Mayor del a\u00f1o 2026, en el que vamos a abordar diversos puntos\u201d, entre ellos el balance de la programaci\u00f3n extraordinaria de Navidad, en la que \u201chan participado m\u00e1s de 3.000 personas\u201d, as\u00ed como el adelanto del calendario del pr\u00f3ximo carnaval y de las actividades no permanentes que se desplegar\u00e1n hasta el mes de mayo.<\/p>\n<p>La concejal de Servicios Sociales, Familia y Mayor subray\u00f3 que el foro sirve tambi\u00e9n para escuchar aportaciones y hacer part\u00edcipes a las personas mayores de la decisi\u00f3n del alcalde y del equipo de gobierno de incrementar la dotaci\u00f3n destinada a este colectivo. \u201cUna partida que se va a incrementar en los pr\u00f3ximos presupuestos con el objetivo de seguir impulsando acciones en un marco que nos preocupa y nos ocupa mucho, como es el de la soledad no deseada\u201d, se\u00f1al\u00f3.<\/p>\n<p>En este contexto, se destac\u00f3 el trabajo conjunto con instituciones y entidades para atender a quienes viven en situaci\u00f3n de aislamiento. Galisteo cit\u00f3 iniciativas activas \u201ccon instituciones y con entidades, como por ejemplo con Asociaci\u00f3n Lantana, para ir dando respuesta a esas personas mayores de nuestra ciudad que viven aisladas y desde la que el ayuntamiento tenemos que ser capaces de conectar con ellos y de atender sus necesidades\u201d.<\/p>\n<p><strong>Nuevo programa orientado a \u2018Cuidar al Cuidador\u2019<\/strong><\/p>\n<p>La concejal\u00eda avanz\u00f3, adem\u00e1s, el desarrollo de un nuevo programa de conciliaci\u00f3n orientado a \u201ccuidar al cuidador\u201d, pensado para facilitar apoyos a quienes atienden a personas mayores dependientes, junto al mantenimiento del crecimiento de la oferta de actividades.<\/p>\n<p>El tejido social del Foro del Mayor contin\u00faa expandi\u00e9ndose con la reciente incorporaci\u00f3n de la Asociaci\u00f3n Lantana, que se suma a la llegada de la Asociaci\u00f3n de Familiares de Enfermos de Alzheimer (AFA CR) a finales de 2025. Este crecimiento consolida un espacio de participaci\u00f3n ciudadana cuyo dinamismo ha sido clave para avalar el refuerzo de las partidas presupuestarias y la ampliaci\u00f3n del cat\u00e1logo de pol\u00edticas p\u00fablicas destinadas a los mayores en Ciudad Real.<\/p>\n","protected":false},"excerpt":{"rendered":"Noticias &gt; Servicios sociales Publicado: 15 Enero 2026 El Ayuntamiento incrementar\u00e1 la partida econ\u00f3mica en los pr\u00f3ximos presupuestos&hellip;\n","protected":false},"author":2,"featured_media":342085,"comment_status":"","ping_status":"","sticky":false,"template":"","format":"standard","meta":{"footnotes":""},"categories":[8],"tags":[4071,1250,17,18,777,1940,5509,25,24,13,14,11,19,20,9,10,15,16,5510,23,12,5067,4664,21,22],"class_list":{"0":"post-342084","1":"post","2":"type-post","3":"status-publish","4":"format-standard","5":"has-post-thumbnail","7":"category-espana","8":"tag-agenda","9":"tag-ayuntamiento","10":"tag-breaking-news","11":"tag-breakingnews","12":"tag-ciudad","13":"tag-ciudad-real","14":"tag-empleo","15":"tag-es","16":"tag-espana","17":"tag-featured-news","18":"tag-featurednews","19":"tag-headlines","20":"tag-latest-news","21":"tag-latestnews","22":"tag-news","23":"tag-noticias","24":"tag-noticias-destacadas","25":"tag-noticiasdestacadas","26":"tag-promocion-economica","27":"tag-spain","28":"tag-titulares","29":"tag-tramites","30":"tag-turismo","31":"tag-ultimas-noticias","32":"tag-ultimasnoticias"},"share_on_mastodon":{"url":"https:\/\/pubeurope.com\/@es\/115899150098576509","error":""},"_links":{"self":[{"href":"https:\/\/www.europesays.com\/es\/wp-json\/wp\/v2\/posts\/342084","targetHints":{"allow":["GET"]}}],"collection":[{"href":"https:\/\/www.europesays.com\/es\/wp-json\/wp\/v2\/posts"}],"about":[{"href":"https:\/\/www.europesays.com\/es\/wp-json\/wp\/v2\/types\/post"}],"author":[{"embeddable":true,"href":"https:\/\/www.europesays.com\/es\/wp-json\/wp\/v2\/users\/2"}],"replies":[{"embeddable":true,"href":"https:\/\/www.europesays.com\/es\/wp-json\/wp\/v2\/comments?post=342084"}],"version-history":[{"count":0,"href":"https:\/\/www.europesays.com\/es\/wp-json\/wp\/v2\/posts\/342084\/revisions"}],"wp:featuredmedia":[{"embeddable":true,"href":"https:\/\/www.europesays.com\/es\/wp-json\/wp\/v2\/media\/342085"}],"wp:attachment":[{"href":"https:\/\/www.europesays.com\/es\/wp-json\/wp\/v2\/media?parent=342084"}],"wp:term":[{"taxonomy":"category","embeddable":true,"href":"https:\/\/www.europesays.com\/es\/wp-json\/wp\/v2\/categories?post=342084"},{"taxonomy":"post_tag","embeddable":true,"href":"https:\/\/www.europesays.com\/es\/wp-json\/wp\/v2\/tags?post=342084"}],"curies":[{"name":"wp","href":"https:\/\/api.w.org\/{rel}","templated":true}]}}