{"id":342100,"date":"2026-01-15T12:48:08","date_gmt":"2026-01-15T12:48:08","guid":{"rendered":"https:\/\/www.europesays.com\/es\/342100\/"},"modified":"2026-01-15T12:48:08","modified_gmt":"2026-01-15T12:48:08","slug":"cristian-betelu-y-karla-goni-jefes-de-gabinete-de-javier-remirez-y-juan-luis-garcia","status":"publish","type":"post","link":"https:\/\/www.europesays.com\/es\/342100\/","title":{"rendered":"Cristian Betelu y Karla Go\u00f1i, jefes de gabinete de Javier Rem\u00edrez y Juan Luis Garc\u00eda"},"content":{"rendered":"<p>\n        <a href=\"https:\/\/www.noticiasdenavarra.com\/politica\/2026\/01\/13\/cristian-betelu-sera-jefe-gabinete-10569881.html\" title=\"Cristian Betelu Pastor\" class=\"link copy\" rel=\"nofollow noopener\" target=\"_blank\">Cristian Betelu Pastor<\/a> y <strong>Karla Go\u00f1i Suberbiola<\/strong> han sido nombrados por Orden Foral como nuevos jefes de gabinete de los departamentos de Presidencia e Igualdad y Universidad, Innovaci\u00f3n y Transformaci\u00f3n Digital, respectivamente.\u00a0\n<\/p>\n<p class=\"article-body__text \">\n        En concreto, Cristian Betelu ha sido nombrado nuevo jefe de gabinete del vicepresidente primero, portavoz del Gobierno de Navarra y consejero de Presidencia e igualdad, <strong>Javier Rem\u00edrez Apeztegu\u00eda<\/strong>, mientras que Karla Go\u00f1i ser\u00e1 la nueva jefa de gabinete del consejero de Universidad, Innovaci\u00f3n y Transformaci\u00f3n Digital, <strong>Juan Luis Garc\u00eda<\/strong>.\u00a0\n<\/p>\n<p>  Trayectoria de Cristian Betelu<\/p>\n<p class=\"article-body__text \">\n        Nacido en Pamplona \/ Iru\u00f1a en 1989, Cristian Betelu es licenciado en Periodismo por la <strong>Universidad de Navarra<\/strong> y ha completado su formaci\u00f3n con diversos cursos en \u00e1reas como protocolo y gesti\u00f3n de eventos, \u2018community management\u2019 y marketing digital, a trav\u00e9s de <strong>Fundaci\u00f3n UNED<\/strong>.\n<\/p>\n<p class=\"article-body__text \">\n        Ha trabajado en varios medios de comunicaci\u00f3n de Navarra, entre ellos DIARIO DE NOTICIAS, incluyendo trabajos como reportero en el \u00e1mbito audiovisual, editor y gestor de contenidos en plataformas digitales, as\u00ed como labores en prensa escrita. Adem\u00e1s, ha colaborado en tareas de comunicaci\u00f3n interna y externa para Fundaci\u00f3n Atena y ha trabajado para Aspace Navarra. Desde 2024, ha encabezado el gabinete del Departamento de Universidad, Innovaci\u00f3n y Transformaci\u00f3n Digital del Gobierno de Navarra, donde se incorpor\u00f3 en 2022.\n<\/p>\n<p>  Trayectoria de Karla Go\u00f1i<\/p>\n<p class=\"article-body__text \">\n        Por su parte, <strong>Karla Go\u00f1i Suberbiola<\/strong> ha sido nombrada nueva jefa del Gabinete del Departamento de Universidad, Innovaci\u00f3n y Transformaci\u00f3n Digital.\u00a0\n<\/p>\n<p class=\"article-body__text \">\n        Nacida en Pamplona en 1991, es licenciada en Administraci\u00f3n y Direcci\u00f3n de Empresas por la <strong>Universidad P\u00fablica de Navarra <\/strong>y cuenta con formaci\u00f3n y experiencia profesional de car\u00e1cter internacional, desarrollada en B\u00e9lgica, Reino Unido y Australia. Ha completado su formaci\u00f3n en \u00e1reas como marketing, comunicaci\u00f3n digital, imagen, patrocinio y creaci\u00f3n multimedia.\n<\/p>\n<p class=\"article-body__text \">\n        Ha desarrollado su carrera profesional en el \u00e1mbito del marketing y la comunicaci\u00f3n. Asimismo, ha ejercido como docente de Digital Marketing Strategies en <strong>ESIC<\/strong>. Durante los \u00faltimos a\u00f1os ha desempe\u00f1ado el cargo de directora de Marketing y Comunicaci\u00f3n del Centro Navarro de Aprendizaje Integral (CNAI), sociedad p\u00fablica adscrita al Departamento de Educaci\u00f3n del Gobierno de Navarra.<\/p>\n","protected":false},"excerpt":{"rendered":"Cristian Betelu Pastor y Karla Go\u00f1i Suberbiola han sido nombrados por Orden Foral como nuevos jefes de gabinete&hellip;\n","protected":false},"author":2,"featured_media":342101,"comment_status":"","ping_status":"","sticky":false,"template":"","format":"standard","meta":{"footnotes":""},"categories":[173],"tags":[229,233,231,230,77829,8675,232,234,146,147,25,24,21878,35947,58970,23],"class_list":{"0":"post-342100","1":"post","2":"type-post","3":"status-publish","4":"format-standard","5":"has-post-thumbnail","7":"category-arte-y-diseno","8":"tag-arte","9":"tag-arte-y-diseno","10":"tag-arts","11":"tag-arts-and-design","12":"tag-betelu","13":"tag-cristian","14":"tag-design","15":"tag-diseno","16":"tag-entertainment","17":"tag-entretenimiento","18":"tag-es","19":"tag-espana","20":"tag-goni","21":"tag-jefes","22":"tag-karla","23":"tag-spain"},"share_on_mastodon":{"url":"https:\/\/pubeurope.com\/@es\/115899197217428359","error":""},"_links":{"self":[{"href":"https:\/\/www.europesays.com\/es\/wp-json\/wp\/v2\/posts\/342100","targetHints":{"allow":["GET"]}}],"collection":[{"href":"https:\/\/www.europesays.com\/es\/wp-json\/wp\/v2\/posts"}],"about":[{"href":"https:\/\/www.europesays.com\/es\/wp-json\/wp\/v2\/types\/post"}],"author":[{"embeddable":true,"href":"https:\/\/www.europesays.com\/es\/wp-json\/wp\/v2\/users\/2"}],"replies":[{"embeddable":true,"href":"https:\/\/www.europesays.com\/es\/wp-json\/wp\/v2\/comments?post=342100"}],"version-history":[{"count":0,"href":"https:\/\/www.europesays.com\/es\/wp-json\/wp\/v2\/posts\/342100\/revisions"}],"wp:featuredmedia":[{"embeddable":true,"href":"https:\/\/www.europesays.com\/es\/wp-json\/wp\/v2\/media\/342101"}],"wp:attachment":[{"href":"https:\/\/www.europesays.com\/es\/wp-json\/wp\/v2\/media?parent=342100"}],"wp:term":[{"taxonomy":"category","embeddable":true,"href":"https:\/\/www.europesays.com\/es\/wp-json\/wp\/v2\/categories?post=342100"},{"taxonomy":"post_tag","embeddable":true,"href":"https:\/\/www.europesays.com\/es\/wp-json\/wp\/v2\/tags?post=342100"}],"curies":[{"name":"wp","href":"https:\/\/api.w.org\/{rel}","templated":true}]}}