{"id":342119,"date":"2026-01-15T12:59:26","date_gmt":"2026-01-15T12:59:26","guid":{"rendered":"https:\/\/www.europesays.com\/es\/342119\/"},"modified":"2026-01-15T12:59:26","modified_gmt":"2026-01-15T12:59:26","slug":"la-diputacion-destina-200-000-euros-a-reforzar-la-atencion-educativa-a-menores-con-discapacidad-en-zonas-rurales","status":"publish","type":"post","link":"https:\/\/www.europesays.com\/es\/342119\/","title":{"rendered":"La Diputaci\u00f3n destina 200.000 euros a reforzar la atenci\u00f3n educativa a menores con discapacidad en zonas rurales"},"content":{"rendered":"<p align=\"justify\">El presidente de la Diputaci\u00f3n de Sevilla, Javier Fern\u00e1ndez, ha firmado en Brenes un convenio con Jorge Barrera, alcalde del municipio y presidente de la fundaci\u00f3n TAS (Trabajo, asistencia y superaci\u00f3n de barreras para personas con discapacidades) para dar continuidad al proyecto \u2018Apoyo pedag\u00f3gico para ni\u00f1os, ni\u00f1as y j\u00f3venes con discapacidad de las zonas rurales de la provincia de Sevilla\u2019, que se desarrolla en una docena de municipios.<\/p>\n<p align=\"justify\">La Diputaci\u00f3n colabora desde 2009 con esta iniciativa, que tiene como objetivo favorecer el desarrollo acad\u00e9mico, social y emocional de menores y j\u00f3venes con discapacidad mediante la implantaci\u00f3n de estrategias inclusivas y personalizadas que potencien sus habilidades, refuercen su autonom\u00eda y acompa\u00f1en su proceso educativo.<\/p>\n<p align=\"justify\">\u201cPara la Diputaci\u00f3n, este convenio es una apuesta estrat\u00e9gica por la cohesi\u00f3n social y la igualdad real\u201d, ha se\u00f1alado Fern\u00e1ndez, recordando la importancia de trabajar con quienes m\u00e1s conocen las necesidades del colectivo en cada territorio. \u201cLa Fundaci\u00f3n TAS no solo presta servicios, sino que crea comunidad, coordina recursos y demuestra que la inclusi\u00f3n es posible incluso donde antes parec\u00eda dif\u00edcil. Eso le da un valor a\u00f1adido extraordinario a este acuerdo\u201d, ha insistido.<\/p>\n<p align=\"justify\">\u201cSu modelo, que reconoce el papel de las familias y promueve la inclusi\u00f3n desde cada comunidad, es exportable y replicable. Por eso esta colaboraci\u00f3n tiene un impacto tan importante: es una inversi\u00f3n en talento, dignidad y desarrollo rural, no un gasto social\u201d.<\/p>\n<p>Los municipios en los que se actuar\u00e1 son Alcal\u00e1 del R\u00edo, Alcolea del R\u00edo, La Algaba, Aznalc\u00f3llar, Brenes, Burguillos, Cantillana, Castilblanco de los Arroyos, Gerena, Lora del R\u00edo, Tocina y Villaverde del R\u00edo. El presupuesto del programa asciende a 247.296 euros, de los que la Diputaci\u00f3n, a trav\u00e9s del \u00c1rea de Cohesi\u00f3n Social e Igualdad, aporta 200.000\u00a0y\u00a0el resto lo asume la Fundaci\u00f3n TAS.<\/p>\n<p>El presidente ha recordado que en el \u00faltimo a\u00f1o y medio la Diputaci\u00f3n ha apostado por colaborar de forma m\u00e1s estrecha y aumentar el apoyo al tejido asociativo y al tercer sector, como aliados para la dinamizaci\u00f3n, la plena inclusi\u00f3n y la igualdad de oportunidades.<\/p>\n<p>\u201cEn 2025 destinamos casi 3 millones de euros a colectivos culturales y sociales, otros 825.000 euros a entidades del tercer sector y m\u00e1s de 600.000 euros en ayudas directas al deporte. Para 2026, incrementamos todas esas partidas, porque\u00a0trabajar con entidades sociales nos permite llegar donde m\u00e1s se necesita y hacerlo con eficacia y cercan\u00eda\u201d.<\/p>\n<p>Por su parte, Jorge Barrera ha agradecido tras la firma \u201cel compromiso\u201d de la Diputaci\u00f3n y del presidente con la Fundaci\u00f3n TAS, de la que ha destacado que tras casi 25 a\u00f1os de trayectoria se ha convertido \u201cen un referente a nivel provincial y auton\u00f3mico\u201d por su trabajo a favor de la igualdad de oportunidades y con una atenci\u00f3n cercana y de calidad a las personas con discapacidad. Tambi\u00e9n ha instado a los ayuntamientos a seguir dando un apoyo \u201cfirme y contundente\u201d a la entidad.<\/p>\n<p align=\"justify\">INTERVENCIONES ADAPTADAS CON UNA VISI\u00d3N MULTIDISCIPLINAR<\/p>\n<p align=\"justify\">El programa con la Fundaci\u00f3n TAS contempla el dise\u00f1o y puesta en marcha de intervenciones pedag\u00f3gicas\u00a0adaptadas, el uso de\u00a0recursos did\u00e1cticos accesibles\u00a0y la realizaci\u00f3n de actividades espec\u00edficas que respondan a las necesidades individuales.<\/p>\n<p align=\"justify\">Incluye acciones de formaci\u00f3n para docentes, personas cuidadoras y familias, orientadas a promover la participaci\u00f3n activa y la continuidad del aprendizaje. Junto a ello, desarrolla\u00a0din\u00e1micas grupales, actividades recreativas y proyectos colaborativos con la comunidad,\u00a0con el objetivo de fomentar\u00a0la integraci\u00f3n social y la autoestima de estos ni\u00f1os y ni\u00f1as.<\/p>\n<p align=\"justify\">LA FUNDACI\u00d3N TAS<\/p>\n<p align=\"justify\">La Fundaci\u00f3n TAS es una entidad sin \u00e1nimo de lucro, de \u00e1mbito auton\u00f3mico, constituida 2002 con el objetivo de trabajar y aportar nuevos recursos para las personas con discapacidad en las zonas rurales y ofreciendo adem\u00e1s otros servicios de atenci\u00f3n a los diferentes colectivos en riesgo de exclusi\u00f3n social.\u00a0<\/p>\n<p align=\"left\">Su trayectoria se inicia en el a\u00f1o 1997, cuando fue pionera en la puesta en marcha de un programa de intervenci\u00f3n multisectorial, coordinado con los distintos recursos existentes (salud, educaci\u00f3n) y orientado a fomentar la participaci\u00f3n social mediante un enfoque interdisciplinar. <\/p>\n<p style=\"margin-bottom: 0cm; line-height: 100%;\" align=\"left\">La misi\u00f3n de la Fundaci\u00f3n TAS se centra en favorecer una vida plena, participativa e inclusiva para la personas con diversas capacidades o trastornos del desarrollo y sus familias en el entorno rural, a trav\u00e9s de una atenci\u00f3n individualizada, inclusiva y adaptada a las necesidades de cada etapa vital, con la implicaci\u00f3n solidaria de voluntariado y otros agentes sociales de la comunidad.<\/p>\n","protected":false},"excerpt":{"rendered":"El presidente de la Diputaci\u00f3n de Sevilla, Javier Fern\u00e1ndez, ha firmado en Brenes un convenio con Jorge Barrera,&hellip;\n","protected":false},"author":2,"featured_media":342120,"comment_status":"","ping_status":"","sticky":false,"template":"","format":"standard","meta":{"footnotes":""},"categories":[8],"tags":[17,18,25,24,13,14,11,19,20,9,10,15,16,23,12,21,22],"class_list":{"0":"post-342119","1":"post","2":"type-post","3":"status-publish","4":"format-standard","5":"has-post-thumbnail","7":"category-espana","8":"tag-breaking-news","9":"tag-breakingnews","10":"tag-es","11":"tag-espana","12":"tag-featured-news","13":"tag-featurednews","14":"tag-headlines","15":"tag-latest-news","16":"tag-latestnews","17":"tag-news","18":"tag-noticias","19":"tag-noticias-destacadas","20":"tag-noticiasdestacadas","21":"tag-spain","22":"tag-titulares","23":"tag-ultimas-noticias","24":"tag-ultimasnoticias"},"share_on_mastodon":{"url":"https:\/\/pubeurope.com\/@es\/115899240554851213","error":""},"_links":{"self":[{"href":"https:\/\/www.europesays.com\/es\/wp-json\/wp\/v2\/posts\/342119","targetHints":{"allow":["GET"]}}],"collection":[{"href":"https:\/\/www.europesays.com\/es\/wp-json\/wp\/v2\/posts"}],"about":[{"href":"https:\/\/www.europesays.com\/es\/wp-json\/wp\/v2\/types\/post"}],"author":[{"embeddable":true,"href":"https:\/\/www.europesays.com\/es\/wp-json\/wp\/v2\/users\/2"}],"replies":[{"embeddable":true,"href":"https:\/\/www.europesays.com\/es\/wp-json\/wp\/v2\/comments?post=342119"}],"version-history":[{"count":0,"href":"https:\/\/www.europesays.com\/es\/wp-json\/wp\/v2\/posts\/342119\/revisions"}],"wp:featuredmedia":[{"embeddable":true,"href":"https:\/\/www.europesays.com\/es\/wp-json\/wp\/v2\/media\/342120"}],"wp:attachment":[{"href":"https:\/\/www.europesays.com\/es\/wp-json\/wp\/v2\/media?parent=342119"}],"wp:term":[{"taxonomy":"category","embeddable":true,"href":"https:\/\/www.europesays.com\/es\/wp-json\/wp\/v2\/categories?post=342119"},{"taxonomy":"post_tag","embeddable":true,"href":"https:\/\/www.europesays.com\/es\/wp-json\/wp\/v2\/tags?post=342119"}],"curies":[{"name":"wp","href":"https:\/\/api.w.org\/{rel}","templated":true}]}}