{"id":342142,"date":"2026-01-15T13:17:10","date_gmt":"2026-01-15T13:17:10","guid":{"rendered":"https:\/\/www.europesays.com\/es\/342142\/"},"modified":"2026-01-15T13:17:10","modified_gmt":"2026-01-15T13:17:10","slug":"la-actividad-de-gripe-mantiene-la-intensidad-baja-tras-superar-el-pico-navideno-segun-el-ultimo-informe-sivira","status":"publish","type":"post","link":"https:\/\/www.europesays.com\/es\/342142\/","title":{"rendered":"La actividad de gripe mantiene la intensidad baja tras superar el pico navide\u00f1o, seg\u00fan el \u00faltimo informe SiVIRA"},"content":{"rendered":"<p>            <a href=\"https:\/\/gacetamedica.com\/wp-content\/uploads\/2026\/01\/GettyImages-1145974038-e1768478452566.jpg\" data-caption=\"\" rel=\"nofollow noopener\" target=\"_blank\"><img loading=\"lazy\" decoding=\"async\" width=\"696\" height=\"464\" class=\"entry-thumb td-modal-image\" src=\"https:\/\/www.europesays.com\/es\/wp-content\/uploads\/2026\/01\/GettyImages-1145974038-696x464.jpg\"   alt=\"gripe\" title=\"\"\/><\/a><\/p>\n<p>La vigilancia de infecciones respiratorias agudas (IRA) en Espa\u00f1a indica que <strong>la actividad de la gripe se mantiene en niveles bajos<\/strong>, aunque contin\u00faa presente en la poblaci\u00f3n tras los picos registrados a finales de diciembre, seg\u00fan los \u00faltimos datos del Sistema de Vigilancia de Infecci\u00f3n Respiratoria Aguda (SiVIRA) correspondientes a <strong>la semana 02\/2026 (5-11 de enero).<\/strong><\/p>\n<p>La tasa nacional de s\u00edndrome gripal en Atenci\u00f3n Primaria se situ\u00f3 en 75,3 casos por 100.000 habitantes, <a href=\"https:\/\/gacetamedica.com\/investigacion\/descenso-gripe-madrid-casos-bajan-incidencia\/\" data-type=\"link\" data-id=\"https:\/\/gacetamedica.com\/investigacion\/descenso-gripe-madrid-casos-bajan-incidencia\/\" target=\"_blank\" rel=\"noreferrer noopener nofollow\">ligeramente inferior<\/a> a la semana anterior (83,9 casos\/100.000h), lo que confirma una <strong>intensidad epid\u00e9mica baja desde finales de 2025.<\/strong> La incidencia estimada de gripe\u2014calculada combinando el n\u00famero de consultas por IRA y la positividad en pruebas diagn\u00f3sticas\u2014 fue de 174,7 casos por 100.000 habitantes, descendiendo respecto a los 193,2 casos\/100.000 h de la semana previa.<\/p>\n<p><img fetchpriority=\"high\" decoding=\"async\" width=\"927\" height=\"492\" src=\"https:\/\/www.europesays.com\/es\/wp-content\/uploads\/2026\/01\/1768483029_928_image-9.png\" alt=\"\" class=\"wp-image-226994\"  \/><strong>Fuente: Informe SiVIRA<\/strong><\/p>\n<p>De acuerdo con <a href=\"https:\/\/docsivira.isciii.es\/Informe_semanal_SiVIRA_202602.html\" data-type=\"link\" data-id=\"https:\/\/docsivira.isciii.es\/Informe_semanal_SiVIRA_202602.html\" target=\"_blank\" rel=\"noreferrer noopener nofollow\">el informe<\/a>, el porcentaje de positividad de gripe en las pruebas realizadas tambi\u00e9n mostr\u00f3 un descenso, <strong>del 34,9% al 28,8%<\/strong>, reflejando una circulaci\u00f3n viral menor, aunque todav\u00eda significativa. <\/p>\n<p>Entre los <strong>casos hospitalizados por infecci\u00f3n respiratoria aguda grave (IRAG), la tasa de hospitalizaci\u00f3n atribuible a gripe<\/strong> se situ\u00f3 en 8,1 casos por 100.000 habitantes, frente a 11,2 casos la semana pasada. De estos pacientes, el 20,7% desarroll\u00f3 neumon\u00eda, el 4,7% requiri\u00f3 ingreso en UCI y el 4,5% falleci\u00f3, cifras que mantienen la gravedad cl\u00ednica observada durante la temporada.<\/p>\n<p><strong>Situaci\u00f3n del VRS y la COVID-19<\/strong><\/p>\n<p>Aunque la gripe domina la vigilancia estacional, otras infecciones respiratorias contin\u00faan circulando. La <strong>incidencia estimada de COVID-19 se situ\u00f3 en 7,3 casos por 100.000 habitantes<\/strong>, con una positividad del 1,2%, mientras que en hospitalizaciones se mantuvo baja, con 0,2 casos\/100.000 h. Los casos graves de COVID-19 hospitalizados presentan un 24,1% de neumon\u00eda, un 4,7% de ingreso en UCI y un 10,1% de letalidad desde el inicio de temporada.<\/p>\n<p><img loading=\"lazy\" decoding=\"async\" width=\"872\" height=\"488\" src=\"https:\/\/www.europesays.com\/es\/wp-content\/uploads\/2026\/01\/image-10.png\" alt=\"\" class=\"wp-image-226996\" style=\"width:872px;height:auto\"  \/><strong>Fuente: Informe SiVIRA<\/strong><\/p>\n<p>En el caso del <strong>virus respiratorio sincitial (VRS) muestra un ligero aumento <\/strong>respecto a semanas previas. La incidencia estimada en Atenci\u00f3n Primaria fue de 86,2 casos por 100.000 habitantes y la positividad en pruebas ascendi\u00f3 al 14,2%. Entre hospitalizados por IRAG, la tasa fue de 3,5 casos\/100.000 h, con un 11,4% de neumon\u00edas, 9,2% de ingresos en UCI y 1,4% de letalidad.<\/p>\n<p><strong>Atenci\u00f3n Primaria y tendencias generales<\/strong><\/p>\n<p>En Atenci\u00f3n Primaria, <strong>la tasa global de IRA se mantuvo en 606,7 casos por 100.000 habitantes<\/strong>, apenas por encima de la semana previa (553,6 casos\/100.000 h), mientras que las bronquitis y bronquiolitis en menores de cinco a\u00f1os alcanzaron 280,4 casos\/100.000 h. Por su parte, el s\u00edndrome de COVID-19 registr\u00f3 una incidencia de 2,3 casos\/100.000 h.<\/p>\n<p>La temporada 2025-2026 sigue mostrando un <strong>predominio de la gripe<\/strong> entre las infecciones respiratorias agudas, con intensidad baja en la mayor parte del pa\u00eds, mientras que la COVID-19 y el VRS se mantienen en circulaci\u00f3n menor pero estable. <\/p>\n<p>Las autoridades sanitarias instan a la poblaci\u00f3n a mantener medidas preventivas y a acudir a los servicios de salud ante la aparici\u00f3n de s\u00edntomas respiratorios.<\/p>\n<p><strong>Tambi\u00e9n te puede interesar\u2026<\/strong><\/p>\n","protected":false},"excerpt":{"rendered":"La vigilancia de infecciones respiratorias agudas (IRA) en Espa\u00f1a indica que la actividad de la gripe se mantiene&hellip;\n","protected":false},"author":2,"featured_media":342143,"comment_status":"","ping_status":"","sticky":false,"template":"","format":"standard","meta":{"footnotes":""},"categories":[92],"tags":[25,24,165,166,23],"class_list":{"0":"post-342142","1":"post","2":"type-post","3":"status-publish","4":"format-standard","5":"has-post-thumbnail","7":"category-salud","8":"tag-es","9":"tag-espana","10":"tag-health","11":"tag-salud","12":"tag-spain"},"share_on_mastodon":{"url":"https:\/\/pubeurope.com\/@es\/115899311402577728","error":""},"_links":{"self":[{"href":"https:\/\/www.europesays.com\/es\/wp-json\/wp\/v2\/posts\/342142","targetHints":{"allow":["GET"]}}],"collection":[{"href":"https:\/\/www.europesays.com\/es\/wp-json\/wp\/v2\/posts"}],"about":[{"href":"https:\/\/www.europesays.com\/es\/wp-json\/wp\/v2\/types\/post"}],"author":[{"embeddable":true,"href":"https:\/\/www.europesays.com\/es\/wp-json\/wp\/v2\/users\/2"}],"replies":[{"embeddable":true,"href":"https:\/\/www.europesays.com\/es\/wp-json\/wp\/v2\/comments?post=342142"}],"version-history":[{"count":0,"href":"https:\/\/www.europesays.com\/es\/wp-json\/wp\/v2\/posts\/342142\/revisions"}],"wp:featuredmedia":[{"embeddable":true,"href":"https:\/\/www.europesays.com\/es\/wp-json\/wp\/v2\/media\/342143"}],"wp:attachment":[{"href":"https:\/\/www.europesays.com\/es\/wp-json\/wp\/v2\/media?parent=342142"}],"wp:term":[{"taxonomy":"category","embeddable":true,"href":"https:\/\/www.europesays.com\/es\/wp-json\/wp\/v2\/categories?post=342142"},{"taxonomy":"post_tag","embeddable":true,"href":"https:\/\/www.europesays.com\/es\/wp-json\/wp\/v2\/tags?post=342142"}],"curies":[{"name":"wp","href":"https:\/\/api.w.org\/{rel}","templated":true}]}}