{"id":342150,"date":"2026-01-15T13:21:15","date_gmt":"2026-01-15T13:21:15","guid":{"rendered":"https:\/\/www.europesays.com\/es\/342150\/"},"modified":"2026-01-15T13:21:15","modified_gmt":"2026-01-15T13:21:15","slug":"bilbao-destino-urbano-internacional-de-referencia-con-turismo-sostenible-y-equilibrado","status":"publish","type":"post","link":"https:\/\/www.europesays.com\/es\/342150\/","title":{"rendered":"Bilbao destino urbano internacional de referencia con turismo sostenible y equilibrado"},"content":{"rendered":"<p>Bilbao se ha\u00a0<strong>consolidado este 2025 como destino urbano internacional de referencia\u00a0<\/strong>entre las ciudades atl\u00e1nticas y del norte de la Pen\u00ednsula en el sector del turismo gracias, sobre todo, a\u00a0<strong>la estrategia de promoci\u00f3n en nuevos mercados europeos<\/strong>\u00a0y\u00a0<strong>las nuevas conexiones a\u00e9reas internacionales<\/strong>.<\/p>\n<p>El progreso general obtenido de los datos recopilados entre el 1 de enero y el 30 de noviembre de 2025 refleja un turismo en crecimiento, tanto en lo referente a la entrada de personas viajeras como en el n\u00famero de pernoctaciones en la Villa:\u00a0<strong>1.301.554 turistas<\/strong>\u00a0han visitado Bilbao entre enero y noviembre de 2025, sumando un total de\u00a0<strong>2.543.364 pernoctaciones<\/strong>\u00a0en la Villa, un 13,1% y un 11,1% m\u00e1s que en el mismo periodo de 2024, respectivamente.<\/p>\n<p><strong>ENTRADAS DE PERSONAS VIAJERAS Y PROCEDENCIAS<\/strong><\/p>\n<ul>\n<li><strong>Crecen un 14% las personas viajeras internacionales y aumentan un 12,1% las procedentes del estado espa\u00f1ol.<\/strong><\/li>\n<li><strong>El total de personas turistas internacionales supera por segundo a\u00f1o consecutivo a las de procedencia estatal.<\/strong><\/li>\n<\/ul>\n<p>El\u00a0<strong>52,7%<\/strong>\u00a0de personas viajeras alojadas en establecimientos de la Villa entre enero y noviembre de 2025 ha sido\u00a0<strong>de origen extranjero<\/strong>, con un crecimiento del 14% respecto al mismo periodo del a\u00f1o pasado. Mientras, el turismo estatal supone el 47,3% de personas visitantes y su crecimiento respecto al anterior a\u00f1o es algo menor, concretamente, del 12,1%.<\/p>\n<p>Son cifras que van de la mano de la estrategia de ciudad; m\u00e1s turistas internacionales supone un crecimiento m\u00e1s equilibrado y sostenible para Bilbao, ya que\u00a0<strong>aumenta la estancia media<\/strong>\u00a0en el destino,\u00a0<strong>crece el nivel de gasto<\/strong>\u00a0que el turista realiza durante su estancia y contribuye a la\u00a0<strong>desestacionalizaci\u00f3n<\/strong>, es decir, se consigue que la presencia en la ciudad sea menos intensa, m\u00e1s equilibrada, en los meses vacacionales del calendario.<\/p>\n<p>Respecto a las\u00a0<strong>procedencias internacionales<\/strong>,\u00a0<strong>Francia<\/strong>\u00a0ocupa el primer lugar;\u00a0<strong>Reino Unido<\/strong>\u00a0presenta un crecimiento importante y obtiene el segundo lugar en el ranking, debido sobre todo a eventos internacionales deportivos como la Final de la UEFA Europa League celebrada en San Mam\u00e9s. Tambi\u00e9n se aprecia un crecimiento progresivo del mercado de\u00a0<strong>Estados Unidos<\/strong>, por encima del mercado alem\u00e1n, gracias a la nueva conexi\u00f3n a\u00e9rea con New York, inaugurada precisamente en 2025.<\/p>\n<p>En lo que se refiere a turistas estatales,\u00a0<strong>Madrid y Catalunya\u00a0<\/strong>son las principales comunidades aut\u00f3nomas emisoras para Bilbao; tambi\u00e9n crece progresivamente\u00a0<strong>Andaluc\u00eda<\/strong>, por una mejora en las conexiones a\u00e9reas con las principales capitales andaluzas, Sevilla y M\u00e1laga.<\/p>\n<p><strong>MEJORA DEL GRADO DE OCUPACI\u00d3N<\/strong><strong>: UN TURISMO M\u00c1S RENTABLE PARA LA CIUDAD, EL EMPLEO Y SUS EMPRESAS<\/strong><\/p>\n<p><strong>El crecimiento de la actividad tur\u00edstica en el a\u00f1o 2025 se traduce tambi\u00e9n en una mejora de la actividad econ\u00f3mica de las empresas tur\u00edsticas del sector alojativo.\u00a0<\/strong>El grado de ocupaci\u00f3n sigue al alza: los\u00a0<strong>hoteles en Bilbao han alcanzado un 63,4% de ocupaci\u00f3n media<\/strong>\u00a0entre enero y noviembre de 2025, lo que supone un aumento de 1,4 puntos porcentuales respecto al mismo periodo de 2024. En el caso de los\u00a0<strong>apartamentos, la ocupaci\u00f3n media se ha situado en el 44,4%<\/strong>\u00a0tambi\u00e9n con un crecimiento de 1,4 puntos respecto al 2024.<\/p>\n<p>Adem\u00e1s, la\u00a0<strong>rentabilidad media por habitaci\u00f3n<\/strong>\u00a0disponible en los hoteles de Bilbao se ha situado en 93,8 euros, un 3,8% superior al a\u00f1o anterior.<\/p>\n<p>Esta tendencia de crecimiento sostenido durante el 2025 no solo fortalece la proyecci\u00f3n de Bilbao como destino tur\u00edstico, sino que tambi\u00e9n genera un\u00a0<strong>impacto positivo en la econom\u00eda y el empleo local<\/strong>. Seg\u00fan el \u00faltimo dato publicado en el DIRAE,\u00a0<strong>el empleo en el sector del alojamiento en Bilbao ha experimentado un crecimiento del<\/strong>\u00a0<strong>7,7%<\/strong>\u00a0respecto al a\u00f1o anterior, alcanzando un total de\u00a0<strong>1.871 empleos<\/strong>, la cifra m\u00e1s alta registrada hasta la fecha.<\/p>\n<p>Por otro lado, Bilbao ha concentrado en 2025 el\u00a0<strong>70% de las personas visitantes alojadas en establecimientos de Bizkaia<\/strong>. La Villa se posiciona as\u00ed como un referente internacional del eje atl\u00e1ntico, \u00fanico por su\u00a0<strong>identidad propia, diversidad y su capacidad de transformaci\u00f3n<\/strong>.<\/p>\n<p><strong>LAS APUESTAS ESTRAT\u00c9GICAS PARA 2026<\/strong><\/p>\n<p><strong>Las l\u00edneas de trabajo para 2026 tienen como objetivo garantizar que Bilbao est\u00e9 presente entre las principales ciudades conectadas por v\u00eda a\u00e9rea con la Villa.\u00a0<\/strong>Se cierra el a\u00f1o 2025 como una ciudad\u00a0<strong>altamente conectada con Europa y el mundo<\/strong>:\u00a0<strong>25 compa\u00f1\u00edas a\u00e9reas<\/strong>\u00a0conectan en la actualidad Bilbao con\u00a0<strong>54 ciudades\u00a0<\/strong>de\u00a0<strong>24 pa\u00edses<\/strong>, ofreciendo la oportunidad de abrirse a nuevos mercados, y convirtiendo as\u00ed Bilbao en un destino urbano internacional muy atractivo y accesible. En este sentido,\u00a0<strong>el aeropuerto de<\/strong>\u00a0<strong>Bilbao\u00a0<\/strong>ha cerrado el a\u00f1o 2025 con un\u00a0<strong>ascenso del 4,2%<\/strong>\u00a0respecto al a\u00f1o anterior, alcanzando las\u00a0<strong>7.062.681 personas pasajeras<\/strong>, que en cifras absolutas se concreta en 285.036 pasajeros m\u00e1s que en 2024, y se convierte en el mejor dato anual desde el inicio de la serie.<\/p>\n<p>Las principales\u00a0<strong>ferias del sector<\/strong>\u00a0en mercados como\u00a0<strong>Portugal, Alemania, Austria, Francia o Noruega\u00a0<\/strong>ser\u00e1n objeto del trabajo en el \u00e1rea de marketing y promoci\u00f3n de la ciudad; junto a los\u00a0<strong>eventos<\/strong>\u00a0que se celebrar\u00e1n de la mano de Turespa\u00f1a, como el referente al mercado norteamericano y canadiense o el referente al mercado turco, as\u00ed como los eventos celebrados de la mano de Basquetour (Agencia Vasca de Turismo).<\/p>\n<p>En el \u00e1mbito de la\u00a0<strong>gesti\u00f3n equilibrada de la actividad tur\u00edstica<\/strong>\u00a0de la ciudad, se seguir\u00e1 trabajando en la\u00a0<strong>calidad de los servicios de atenci\u00f3n en las oficinas de informaci\u00f3n<\/strong>\u00a0y en el sistema de\u00a0<strong>Destino Tur\u00edstico Inteligente<\/strong>, que posiciona a Bilbao como lugar de referencia que realiza una correcta gesti\u00f3n del destino para la ciudadan\u00eda y para las personas visitantes: se trabajar\u00e1 en la renovaci\u00f3n de los certificados de calidad y atenci\u00f3n, as\u00ed como en las buenas pr\u00e1cticas en la atenci\u00f3n de gu\u00edas y la movilidad dentro de la ciudad.<\/p>\n<ul>\n<li><strong>Tercera edici\u00f3n del evento \u2018Match Bilbao-Bizkaia\u2019<\/strong><\/li>\n<\/ul>\n<p>Ser\u00e1n las\u00a0<strong>ciudades del este de Europa y las Rep\u00fablicas B\u00e1lticas<\/strong>\u00a0los principales mercados seleccionados para celebrar la tercera edici\u00f3n del evento de\u00a0<strong>promoci\u00f3n tur\u00edstica inversa<\/strong>\u00a0\u2018Match Bilbao-Bizkaia\u2019, que se celebrar\u00e1\u00a0<strong>en Bilbao en octubre<\/strong>, invitando a un encuentro conjunto y a una visita de conocimiento del destino a empresas tur\u00edsticas de esos mercados y a empresas de nuestra ciudad.<\/p>\n<p><strong>REDES SOCIALES:<\/strong><\/p>\n","protected":false},"excerpt":{"rendered":"Bilbao se ha\u00a0consolidado este 2025 como destino urbano internacional de referencia\u00a0entre las ciudades atl\u00e1nticas y del norte de&hellip;\n","protected":false},"author":2,"featured_media":92319,"comment_status":"","ping_status":"","sticky":false,"template":"","format":"standard","meta":{"footnotes":""},"categories":[42],"tags":[17,18,13,14,11,61,62,63,64,19,20,9,10,15,16,12,21,22,65,66,67],"class_list":{"0":"post-342150","1":"post","2":"type-post","3":"status-publish","4":"format-standard","5":"has-post-thumbnail","7":"category-internacional","8":"tag-breaking-news","9":"tag-breakingnews","10":"tag-featured-news","11":"tag-featurednews","12":"tag-headlines","13":"tag-internacional","14":"tag-international","15":"tag-international-news","16":"tag-internationalnews","17":"tag-latest-news","18":"tag-latestnews","19":"tag-news","20":"tag-noticias","21":"tag-noticias-destacadas","22":"tag-noticiasdestacadas","23":"tag-titulares","24":"tag-ultimas-noticias","25":"tag-ultimasnoticias","26":"tag-world","27":"tag-world-news","28":"tag-worldnews"},"share_on_mastodon":{"url":"https:\/\/pubeurope.com\/@es\/115899327007117553","error":""},"_links":{"self":[{"href":"https:\/\/www.europesays.com\/es\/wp-json\/wp\/v2\/posts\/342150","targetHints":{"allow":["GET"]}}],"collection":[{"href":"https:\/\/www.europesays.com\/es\/wp-json\/wp\/v2\/posts"}],"about":[{"href":"https:\/\/www.europesays.com\/es\/wp-json\/wp\/v2\/types\/post"}],"author":[{"embeddable":true,"href":"https:\/\/www.europesays.com\/es\/wp-json\/wp\/v2\/users\/2"}],"replies":[{"embeddable":true,"href":"https:\/\/www.europesays.com\/es\/wp-json\/wp\/v2\/comments?post=342150"}],"version-history":[{"count":0,"href":"https:\/\/www.europesays.com\/es\/wp-json\/wp\/v2\/posts\/342150\/revisions"}],"wp:featuredmedia":[{"embeddable":true,"href":"https:\/\/www.europesays.com\/es\/wp-json\/wp\/v2\/media\/92319"}],"wp:attachment":[{"href":"https:\/\/www.europesays.com\/es\/wp-json\/wp\/v2\/media?parent=342150"}],"wp:term":[{"taxonomy":"category","embeddable":true,"href":"https:\/\/www.europesays.com\/es\/wp-json\/wp\/v2\/categories?post=342150"},{"taxonomy":"post_tag","embeddable":true,"href":"https:\/\/www.europesays.com\/es\/wp-json\/wp\/v2\/tags?post=342150"}],"curies":[{"name":"wp","href":"https:\/\/api.w.org\/{rel}","templated":true}]}}