{"id":342151,"date":"2026-01-15T13:22:08","date_gmt":"2026-01-15T13:22:08","guid":{"rendered":"https:\/\/www.europesays.com\/es\/342151\/"},"modified":"2026-01-15T13:22:08","modified_gmt":"2026-01-15T13:22:08","slug":"licitacion-edificio-45-viviendas-ayuntamiento-de-elche","status":"publish","type":"post","link":"https:\/\/www.europesays.com\/es\/342151\/","title":{"rendered":"Licitaci\u00f3n edificio 45 viviendas &#8211; Ayuntamiento de Elche"},"content":{"rendered":"<p>En este sentido, el alcalde ha asegurado que \u201cAyuntamiento y Generalitat no pueden financiar solos las siguientes fases de construcci\u00f3n del barrio, del que quedan 2\/3 partes, necesitamos al Gobierno de Espa\u00f1a para continuar con esta actuaci\u00f3n en San Ant\u00f3n y que se haga cargo\u201d.<\/p>\n<p>Este edificio de <strong>45 viviendas, de entre 45 y 60 metros cuadrados,<\/strong> dispondr\u00e1 adem\u00e1s de dos s\u00f3tanos con 44 plazas de aparcamiento y un local comercial y el plazo de ejecuci\u00f3n es de 24 meses. En este sentido, ha recordado que los primeros que adquirir\u00e1n viviendas ser\u00e1n los vecinos del bloque 8, que fueron realojados el pasado mes de abril.<\/p>\n<p>Por otro lado, el vicealcalde y concejal de Estrategia Municipal, Francisco Soler, ha anunciado que la Junta de Gobierno Local de este jueves tambi\u00e9n ha aprobado el encargo a Pimesa de la redacci\u00f3n del <strong>proyecto de derribo del bloque n\u00famero 8 del barrio de San Ant\u00f3n que tuvo que ser desalojado el pasado mes de abril por riesgo de derrumbe.<\/strong><\/p>\n","protected":false},"excerpt":{"rendered":"En este sentido, el alcalde ha asegurado que \u201cAyuntamiento y Generalitat no pueden financiar solos las siguientes fases&hellip;\n","protected":false},"author":2,"featured_media":342152,"comment_status":"","ping_status":"","sticky":false,"template":"","format":"standard","meta":{"footnotes":""},"categories":[8],"tags":[17,18,25,24,13,14,11,19,20,9,10,15,16,23,12,21,22],"class_list":{"0":"post-342151","1":"post","2":"type-post","3":"status-publish","4":"format-standard","5":"has-post-thumbnail","7":"category-espana","8":"tag-breaking-news","9":"tag-breakingnews","10":"tag-es","11":"tag-espana","12":"tag-featured-news","13":"tag-featurednews","14":"tag-headlines","15":"tag-latest-news","16":"tag-latestnews","17":"tag-news","18":"tag-noticias","19":"tag-noticias-destacadas","20":"tag-noticiasdestacadas","21":"tag-spain","22":"tag-titulares","23":"tag-ultimas-noticias","24":"tag-ultimasnoticias"},"share_on_mastodon":{"url":"https:\/\/pubeurope.com\/@es\/115899330985112959","error":""},"_links":{"self":[{"href":"https:\/\/www.europesays.com\/es\/wp-json\/wp\/v2\/posts\/342151","targetHints":{"allow":["GET"]}}],"collection":[{"href":"https:\/\/www.europesays.com\/es\/wp-json\/wp\/v2\/posts"}],"about":[{"href":"https:\/\/www.europesays.com\/es\/wp-json\/wp\/v2\/types\/post"}],"author":[{"embeddable":true,"href":"https:\/\/www.europesays.com\/es\/wp-json\/wp\/v2\/users\/2"}],"replies":[{"embeddable":true,"href":"https:\/\/www.europesays.com\/es\/wp-json\/wp\/v2\/comments?post=342151"}],"version-history":[{"count":0,"href":"https:\/\/www.europesays.com\/es\/wp-json\/wp\/v2\/posts\/342151\/revisions"}],"wp:featuredmedia":[{"embeddable":true,"href":"https:\/\/www.europesays.com\/es\/wp-json\/wp\/v2\/media\/342152"}],"wp:attachment":[{"href":"https:\/\/www.europesays.com\/es\/wp-json\/wp\/v2\/media?parent=342151"}],"wp:term":[{"taxonomy":"category","embeddable":true,"href":"https:\/\/www.europesays.com\/es\/wp-json\/wp\/v2\/categories?post=342151"},{"taxonomy":"post_tag","embeddable":true,"href":"https:\/\/www.europesays.com\/es\/wp-json\/wp\/v2\/tags?post=342151"}],"curies":[{"name":"wp","href":"https:\/\/api.w.org\/{rel}","templated":true}]}}