{"id":342305,"date":"2026-01-15T15:13:10","date_gmt":"2026-01-15T15:13:10","guid":{"rendered":"https:\/\/www.europesays.com\/es\/342305\/"},"modified":"2026-01-15T15:13:10","modified_gmt":"2026-01-15T15:13:10","slug":"mes-de-concientizacion-sobre-el-cancer-cervical-ya-te-vacunaste-contra-el-vph-satsaid","status":"publish","type":"post","link":"https:\/\/www.europesays.com\/es\/342305\/","title":{"rendered":"MES DE CONCIENTIZACI\u00d3N SOBRE EL C\u00c1NCER CERVICAL: \u00bfYA TE VACUNASTE CONTRA EL VPH? &#8211; SATSAID"},"content":{"rendered":"<ol>\n<li><a href=\"https:\/\/news.google.com\/rss\/articles\/CBMirwFBVV95cUxOWFQ4dkg1enl4a0lXS0F2OTlFcXZFMDE1clBJYmpxQ2JpeFBXaUZDTVFUNFhOUEx5R2dVSVlxVjBHQlRhZi12cE9VbXY0RnQyVU5wclhsZl9tOFQtY2FDcjg5X2dtVW1hd2drTUdFelNaSXNaZ2h2ZDM0cGlpWlBwcERBUVRkbHhBT04yeHJ5OTd6a0xXcVkwT3pRWkNoYVZnZDFRNnJVRE80ZFJqbkhJ?oc=5\" target=\"_blank\" rel=\"nofollow noopener\">MES DE CONCIENTIZACI\u00d3N SOBRE EL C\u00c1NCER CERVICAL: \u00bfYA TE VACUNASTE CONTRA EL VPH?<\/a>&nbsp;&nbsp;SATSAID<\/li>\n<li><a href=\"https:\/\/news.google.com\/rss\/articles\/CBMiuAFBVV95cUxORGdTbGdNNkZwb0M0aDR0azZRbjcwZmRsSkJxajhwbzRSNVBXQVExMmd1RU1DQy1keDFVVGJfVWxNem1ITXp5cTRaZ0xad1RZY0RKbGV3ZlhBMExYMEFMX3p0RGtyeFIyVVlXS1FBSElSblZMb1l2VGhpdFBXN29ILTFvQy1PQkZOaE1fcmtWLUR2eHJSSDl1NVhqWkdXbnFxM2wzN01LRlpvbkl1U09HdVpMLTJOTWoz?oc=5\" target=\"_blank\" rel=\"nofollow noopener\">Vacunaci\u00f3n frente al VPH: actualizaci\u00f3n de la estrategia de una dosis<\/a>&nbsp;&nbsp;Comit\u00e9 Asesor de Vacunas de la AEP<\/li>\n<li><a href=\"https:\/\/news.google.com\/rss\/articles\/CBMinwFBVV95cUxNU213N1REUDdPXzZ1N2tobXNwRUpENG1wbDloZmVsU3kxZFJMd1FTcnBBWjY1WWF4SS1HdDNrSThGRUtKUTl5S3AtamJoN3J4Rk1FY2FGRHRtSUt6YzlwVzd6ZkExVVFYYUJLTmJNQUVTR2w4ZEg3enp0ZVVfVnhiQlNmWUwyNnBRSnk5TjVweWRfVzVmWmI1YjhPZjdiUGM?oc=5\" target=\"_blank\" rel=\"nofollow noopener\">HPV: el virus com\u00fan que redefine la prevenci\u00f3n del c\u00e1ncer<\/a>&nbsp;&nbsp;Reporte Asia<\/li>\n<li><a href=\"https:\/\/news.google.com\/rss\/articles\/CBMizAFBVV95cUxNdFpkOWlrLUpCbTRQZzJweklELUN2Mm9kMG1ObEg4MXRMckxMOVBHbU5FNnF3RUp6b3R2NVJwVlVMeFBFcEdyWllpTWdhOUt1dUNrWjV1S3JLRnUxYm5JbmhmUlJ0UUs2N3JuVVluaC1NR2xCeXhyV3Y0MmpHbUtFazBLU3hMcjByMDlhcTE0Nmo0WDctUXVqaGRYeGJ4WFdGeVJ2clJpX3Z3RS1TZUotOGNBV2xHMGVvTDh5OHM4ZzF2MVpIZThRRXJMdVE?oc=5\" target=\"_blank\" rel=\"nofollow noopener\">Un estudio demuestra que la vacunaci\u00f3n contra el VPH previene el c\u00e1ncer de cuello uterino<\/a>&nbsp;&nbsp;diariodesalud.com.do<\/li>\n<\/ol>\n","protected":false},"excerpt":{"rendered":"MES DE CONCIENTIZACI\u00d3N SOBRE EL C\u00c1NCER CERVICAL: \u00bfYA TE VACUNASTE CONTRA EL VPH?&nbsp;&nbsp;SATSAID Vacunaci\u00f3n frente al VPH: actualizaci\u00f3n&hellip;\n","protected":false},"author":2,"featured_media":342306,"comment_status":"","ping_status":"","sticky":false,"template":"","format":"standard","meta":{"footnotes":""},"categories":[92],"tags":[25,24,165,166,23],"class_list":{"0":"post-342305","1":"post","2":"type-post","3":"status-publish","4":"format-standard","5":"has-post-thumbnail","7":"category-salud","8":"tag-es","9":"tag-espana","10":"tag-health","11":"tag-salud","12":"tag-spain"},"share_on_mastodon":{"url":"https:\/\/pubeurope.com\/@es\/115899767462645028","error":""},"_links":{"self":[{"href":"https:\/\/www.europesays.com\/es\/wp-json\/wp\/v2\/posts\/342305","targetHints":{"allow":["GET"]}}],"collection":[{"href":"https:\/\/www.europesays.com\/es\/wp-json\/wp\/v2\/posts"}],"about":[{"href":"https:\/\/www.europesays.com\/es\/wp-json\/wp\/v2\/types\/post"}],"author":[{"embeddable":true,"href":"https:\/\/www.europesays.com\/es\/wp-json\/wp\/v2\/users\/2"}],"replies":[{"embeddable":true,"href":"https:\/\/www.europesays.com\/es\/wp-json\/wp\/v2\/comments?post=342305"}],"version-history":[{"count":0,"href":"https:\/\/www.europesays.com\/es\/wp-json\/wp\/v2\/posts\/342305\/revisions"}],"wp:featuredmedia":[{"embeddable":true,"href":"https:\/\/www.europesays.com\/es\/wp-json\/wp\/v2\/media\/342306"}],"wp:attachment":[{"href":"https:\/\/www.europesays.com\/es\/wp-json\/wp\/v2\/media?parent=342305"}],"wp:term":[{"taxonomy":"category","embeddable":true,"href":"https:\/\/www.europesays.com\/es\/wp-json\/wp\/v2\/categories?post=342305"},{"taxonomy":"post_tag","embeddable":true,"href":"https:\/\/www.europesays.com\/es\/wp-json\/wp\/v2\/tags?post=342305"}],"curies":[{"name":"wp","href":"https:\/\/api.w.org\/{rel}","templated":true}]}}