{"id":342324,"date":"2026-01-15T15:28:08","date_gmt":"2026-01-15T15:28:08","guid":{"rendered":"https:\/\/www.europesays.com\/es\/342324\/"},"modified":"2026-01-15T15:28:08","modified_gmt":"2026-01-15T15:28:08","slug":"la-posicion-del-sevilla-con-almeyda-tras-el-pesimo-arranque-de-2026-confianza-plazos-y-objetivo-menor","status":"publish","type":"post","link":"https:\/\/www.europesays.com\/es\/342324\/","title":{"rendered":"La posici\u00f3n del Sevilla con Almeyda tras el p\u00e9simo arranque de 2026: confianza, plazos y objetivo menor"},"content":{"rendered":"<p>El varapalo sufrido en el comienzo de 2026 no ha alterado la hoja de ruta de la directiva con el t\u00e9cnico en funci\u00f3n de la altura del list\u00f3n con el que se valora su trabajo, ajustado a la situaci\u00f3n del equipo y a un objetivo de supervivencia<\/p>\n<p class=\"parrafo\"><strong>El proyecto de Mat\u00edas Almeyda atraviesa por un momento extremadamente delicado <\/strong>tras truncarse de un plumazo las esperanzas depositadas en el mes de enero por los dos partidos consecutivos en casa. <\/p>\n<p class=\"parrafo\">Y es que tanto el t\u00e9cnico como la planta noble esperaban coger aire en el arranque del a\u00f1o en los enfrentamientos como local contra Levante y Celta, pero el efecto ha sido el contrario, con <strong>dos derrotas dolorosas<\/strong>, sobre todo la primera, y la sensaci\u00f3n de que el equipo ha perdido la fe en s\u00ed mismo dentro de sus ya conocidas limitaciones futbol\u00edsticas. As\u00ed, <strong>ha despedido la primera vuelta en el decimocuarto puesto, con solo tres puntos de margen sobre el descenso.<\/strong><\/p>\n<p class=\"parrafo\">Situaci\u00f3n que empieza a ser preocupante, pero que, por ahora, <strong>no pone en riesgo la continuidad de Mat\u00edas Almeyda<\/strong>. Ya, a principios de diciembre, justo despu\u00e9s de la derrota en el derbi contra el Betis en el S\u00e1nchez-Pizju\u00e1n, ESTADIO Deportivo desvel\u00f3 que <strong>la confianza en el t\u00e9cnico argentino continuaba intacta<\/strong>, lo que <strong>no ha cambiado desde entonces <\/strong>a pesar de haber sumado solo siete puntos de los \u00faltimos 33 posibles con hasta ocho derrotas.<\/p>\n<p>La directiva mantiene la confianza en Almeyda con un objetivo de perfil bajo<\/p>\n<p class=\"parrafo\">De este modo, <strong>la planta noble no se plantea bajo ning\u00fan concepto a d\u00eda el despido de bonaerense<\/strong>, pues <strong>creen firmemente en una mejor\u00eda en los resultados <\/strong>que lo aleje lo suficiente del peligro <strong>y permita mantener al t\u00e9cnico como m\u00ednimo hasta final de temporada<\/strong>. Semanas atr\u00e1s, en un encuentro privado, Del Nido Carrasco asegur\u00f3 que lo que realmente le gustar\u00eda es que cumpla \u00edntegramente su contrato de tres temporadas por la satisfacci\u00f3n que existe con su trabajo pese a los marcadores, conscientes de los recursos que han puesto a su disposici\u00f3n.<\/p>\n<p><a class=\"elementos-rel-t2\" href=\"https:\/\/www.estadiodeportivo.com\/futbol\/sevilla-fc\/postura-del-sevilla-con-almeyda-tras-perder-derbi-con-betis-20251203-522450.html\" title=\"La postura del Sevilla con Almeyda tras perder el derbi con el Betis \" rel=\"nofollow noopener\" target=\"_blank\"><\/p>\n<p class=\"titular titulo-4\">La postura del Sevilla con Almeyda tras perder el derbi con el Betis <\/p>\n<p><img decoding=\"async\" src=\"https:\/\/www.europesays.com\/es\/wp-content\/uploads\/2026\/01\/de144710-c42a-4446-b83e-d4cc4efc54d5_320x180.jpeg\" alt=\"La postura del Sevilla con Almeyda tras perder el derbi con el Betis \"\/><\/a><a class=\"elementos-rel-t2\" href=\"https:\/\/www.estadiodeportivo.com\/futbol\/sevilla-fc\/matias-almeyda-unico-altavoz-actualmente-sevilla-paga-silencio-del-club-20260115-526585.html\" title=\"Mat\u00edas Almeyda, \u00fanico altavoz actualmente en el Sevilla, paga el silencio del club \" rel=\"nofollow noopener\" target=\"_blank\"><\/p>\n<p class=\"titular titulo-4\">Mat\u00edas Almeyda, \u00fanico altavoz actualmente en el Sevilla, paga el silencio del club <\/p>\n<p><img decoding=\"async\" src=\"https:\/\/www.europesays.com\/es\/wp-content\/uploads\/2026\/01\/c72ae292-433a-4e36-964e-9a61190bf26f_320x180.jpeg\" alt=\"Mat\u00edas Almeyda, \u00fanico altavoz actualmente en el Sevilla, paga el silencio del club \"\/><\/a><\/p>\n<p class=\"parrafo\">As\u00ed las cosas, <strong>la directiva nervionense admite que el objetivo a d\u00eda de hoy del Sevilla 25\/26 es salvar la categor\u00eda<\/strong>, y con dicha vara de medir se est\u00e1 valorando la labor de Almeyda. Por ende, hasta el momento, el entrenador contin\u00faa en la l\u00ednea marcada por las circunstancias y se cree ciegamente en que se ganar\u00e1n los partidos necesarios para no pasar apuros de aqu\u00ed a final de curso.<\/p>\n<p>El cr\u00e9dito de Almeyda, no obstante, no resulta infinito <\/p>\n<p class=\"parrafo\"> Obviamente, si esta reacci\u00f3n no llega y la din\u00e1mica de derrota no cesa y hunde al equipo en la zona peligrosa, <strong>a los dirigentes no le quedar\u00e1 otra que tomar una decisi\u00f3n dr\u00e1stica<\/strong>, pero ahora mismo se considera como una opci\u00f3n desesperada. Y es que, al margen de que gusta la filosof\u00eda y la entrega del &#8216;Pelado&#8217;, <strong>el despido supondr\u00eda un desembolso imprevisto <\/strong>para las maltrechas arcas y encontrar a un sustituto no ser\u00eda nada sencillo.<\/p>\n","protected":false},"excerpt":{"rendered":"El varapalo sufrido en el comienzo de 2026 no ha alterado la hoja de ruta de la directiva&hellip;\n","protected":false},"author":2,"featured_media":342325,"comment_status":"","ping_status":"","sticky":false,"template":"","format":"standard","meta":{"footnotes":""},"categories":[268],"tags":[168,25,24,284,280,282,2991,2993,281,23,167],"class_list":{"0":"post-342324","1":"post","2":"type-post","3":"status-publish","4":"format-standard","5":"has-post-thumbnail","7":"category-futbol","8":"tag-deportes","9":"tag-es","10":"tag-espana","11":"tag-estadio-deportivo","12":"tag-football","13":"tag-futbol","14":"tag-matias-almeyda","15":"tag-sevilla-futbol-club","16":"tag-soccer","17":"tag-spain","18":"tag-sports"},"share_on_mastodon":{"url":"https:\/\/pubeurope.com\/@es\/115899826513882869","error":""},"_links":{"self":[{"href":"https:\/\/www.europesays.com\/es\/wp-json\/wp\/v2\/posts\/342324","targetHints":{"allow":["GET"]}}],"collection":[{"href":"https:\/\/www.europesays.com\/es\/wp-json\/wp\/v2\/posts"}],"about":[{"href":"https:\/\/www.europesays.com\/es\/wp-json\/wp\/v2\/types\/post"}],"author":[{"embeddable":true,"href":"https:\/\/www.europesays.com\/es\/wp-json\/wp\/v2\/users\/2"}],"replies":[{"embeddable":true,"href":"https:\/\/www.europesays.com\/es\/wp-json\/wp\/v2\/comments?post=342324"}],"version-history":[{"count":0,"href":"https:\/\/www.europesays.com\/es\/wp-json\/wp\/v2\/posts\/342324\/revisions"}],"wp:featuredmedia":[{"embeddable":true,"href":"https:\/\/www.europesays.com\/es\/wp-json\/wp\/v2\/media\/342325"}],"wp:attachment":[{"href":"https:\/\/www.europesays.com\/es\/wp-json\/wp\/v2\/media?parent=342324"}],"wp:term":[{"taxonomy":"category","embeddable":true,"href":"https:\/\/www.europesays.com\/es\/wp-json\/wp\/v2\/categories?post=342324"},{"taxonomy":"post_tag","embeddable":true,"href":"https:\/\/www.europesays.com\/es\/wp-json\/wp\/v2\/tags?post=342324"}],"curies":[{"name":"wp","href":"https:\/\/api.w.org\/{rel}","templated":true}]}}