{"id":342336,"date":"2026-01-15T15:35:10","date_gmt":"2026-01-15T15:35:10","guid":{"rendered":"https:\/\/www.europesays.com\/es\/342336\/"},"modified":"2026-01-15T15:35:10","modified_gmt":"2026-01-15T15:35:10","slug":"nani-roma-reacciona-pero-al-attiyah-tiene-el-dakar-en-su-mano-carlos-sainz-se-queda-sin-victoria","status":"publish","type":"post","link":"https:\/\/www.europesays.com\/es\/342336\/","title":{"rendered":"Nani Roma reacciona pero Al-Attiyah tiene el Dakar en su mano; Carlos Sainz se queda sin victoria"},"content":{"rendered":"<p data-journey-content=\"true\" data-node-id=\"3\" class=\"css-6wxqfj emevuu60\">El Dakar de 2026 est\u00e1 llegando a su recta final. La especial de hoy era clave para los espa\u00f1oles, que ven\u00edan de perder toda su ventaja en la especial de ayer. Carlos Sainz se llev\u00f3 la peor parte, ya que se perdi\u00f3 entre puntos kilom\u00e9tricos 155 y 196 y recibi\u00f3 una sanci\u00f3n de 15 minutos. <strong data-node-id=\"3.1\">Nani Roma<\/strong> sab\u00eda que ten\u00eda que sacar su mejor versi\u00f3n en la etapa 11 si quer\u00eda mantener vivas sus opciones, algo que ha conseguido.<\/p>\n<p data-journey-content=\"true\" data-node-id=\"6\" class=\"css-6wxqfj emevuu60\">Los pilotos se enfrentaban a una especial de 346 kil\u00f3metros con 536 kil\u00f3metros de enlace. Respecto a la velocidad, se trata de uno de los d\u00edas m\u00e1s r\u00e1pidos, con m\u00e1s del 80% de la etapa en tierra. La propia organizaci\u00f3n advirti\u00f3 que tendr\u00edan que estar muy pendientes de los caminos que se pudieran abrir. Finalmente, Mattias Ekstr\u00f6m se ha llevado la victoria con un triplete de Ford incluido.<\/p>\n<p>\u00bfNani Roma lo puede conseguir?<\/p>\n<p data-journey-content=\"true\" data-node-id=\"9\" class=\"css-6wxqfj emevuu60\">Nunca digas nunca en el Dakar, ya que todo puede cambiar de un \u2018waypoint\u2019 a otro. El de Folgueroles mete presi\u00f3n a Nasser Al-Attiyah desde la segunda posici\u00f3n de la general. El piloto ha conseguido meterle 4 minutos y 17 segundos al catar\u00ed, pero el de Dacia todav\u00eda cuenta con ocho minutos y 40 segundos de ventaja.<\/p>\n<p data-journey-content=\"true\" data-node-id=\"13\" class=\"css-6wxqfj emevuu60\">Exprimir al m\u00e1ximo cada kil\u00f3metro de la especial era clave para Nani Roma. En unas declaraciones que recoge \u2018Marca\u2019, se\u00f1ala que los resultados podr\u00edan haber sido incluso mejores si no hubiera perdido tiempo en el tr\u00e1fico: \u201cLa etapa ha ido bien. Hemos intentado estar muy concentrados aunque<strong data-node-id=\"13.1\"> ha costado pasar a algunos coches en el polvo<\/strong>. Pero cuando hemos pasado hemos intentado ser consistentes\u201d.<\/p>\n<p data-journey-content=\"true\" data-node-id=\"16\" class=\"css-6wxqfj emevuu60\">Pese a que todo puede pasar a falta de dos etapas m\u00e1s, pero parece que la pelea por el Dakar ya es cosa de dos. Henk Lategan sigue con la suerte d\u00e1ndole la espalda en 2026, por lo que el catal\u00e1n pierde de vista a su m\u00e1ximo rival por la segunda plaza, algo que tambi\u00e9n explica: \u201cHemos visto a Lategan parado y lo siento por \u00e9l. Son cosas que me han pasado a m\u00ed y son parte del juego\u201d. El sudafricano a\u00fan tiene una m\u00ednima opci\u00f3n, pero su Toyota no ha parado de darle dolores de cabeza.<\/p>\n<blockquote data-theme-key=\"pullquote\" class=\"css-1eiql25 e1pe3zr91\">\n<blockquote class=\"css-fetnbk e1pe3zr90\"><p>Carlos Sainz se lleva un top 3 agridulce<\/p><\/blockquote>\n<\/blockquote>\n<p data-journey-content=\"true\" data-node-id=\"19\" class=\"css-6wxqfj emevuu60\">\u2018El Matador\u2019 ven\u00eda de sufrir un d\u00eda cr\u00edtico ayer, pero esperaba poder llevarse su primera victoria de etapa, que este a\u00f1o se le ha resistido. Pese a salir desde una buena posici\u00f3n, el madrile\u00f1o ha tenido que enfrentarse a sus compa\u00f1eros, que part\u00edan desde una salida a\u00fan m\u00e1s ventajosa. Finalmente, ha terminado tercero, justo por detr\u00e1s de Romain Dumas y Mattias Ekstr\u00f6m, a 2\u201926 del sueco. <\/p>\n<p data-journey-content=\"true\" data-node-id=\"22\" class=\"css-6wxqfj emevuu60\">Sainz ten\u00eda una oportunidad para llevarse la especial, pero tendr\u00e1 al menos hoy tendr\u00e1 que conformarse con el podio. El madrile\u00f1o indica que tuvo problemas para seguir el ritmo de los otros Ford Raptor T1+: \u201cMattias me ha cogido en las piedras. Iba como un loco, me apart\u00e9 y me puse a su ritmo y luego <strong data-node-id=\"22.1\">he ido en su polvo todo el rato<\/strong>. S\u00f3lo ha habido piedras y polvo\u201d.<\/p>\n<p>Dos etapas para so\u00f1ar<\/p>\n<p data-journey-content=\"true\" data-node-id=\"25\" class=\"css-6wxqfj emevuu60\">Nani Roma sabe que a\u00fan le quedan dos balas para poder llevarse el Touareg a casa. El camino no es nada f\u00e1cil, ya que el catal\u00e1n no tiene margen de error si quiere llegar al \u00faltimo d\u00eda con opciones. La primera final se disputar\u00e1 ma\u00f1ana, en la etapa 12, que tendr\u00e1 un total de<strong data-node-id=\"25.1\"> 310 kil\u00f3metros cronometrados<\/strong>, con un tramo que recorrer\u00e1 Al Henakiyah y Yanbu. Nasser Al-Attiyah tiene el Dakar casi en el bolsillo, por lo que seguramente priorizar\u00e1 no cometer ning\u00fan error.<\/p>\n<p><img src=\"https:\/\/www.europesays.com\/es\/wp-content\/uploads\/2026\/01\/1768491310_803_d3baca1e-d34f-44ac-842c-f2c50fb6b579_1737539442.file.png\" alt=\"Headshot of Alejandro Fern\u00e1ndez Montealegre\" title=\"Headshot of Alejandro Fern\u00e1ndez Montealegre\" width=\"100%\" height=\"100%\" decoding=\"async\" loading=\"lazy\" class=\"css-o0wq4v ev8dhu53\"\/><\/p>\n<p>Amante del mundo del motor en todas sus versiones, desde salir tranquilamente de ruta hasta escuchar a Lobato dej\u00e1ndose las cuerdas vocales en una vuelta importante de F1. Que mi abuelo fuera mec\u00e1nico seguramente influyera en que me llamara la atenci\u00f3n todo este mundo. \u00a0<\/p>\n","protected":false},"excerpt":{"rendered":"El Dakar de 2026 est\u00e1 llegando a su recta final. La especial de hoy era clave para los&hellip;\n","protected":false},"author":2,"featured_media":342337,"comment_status":"","ping_status":"","sticky":false,"template":"","format":"standard","meta":{"footnotes":""},"categories":[93],"tags":[168,253,25,24,23,167],"class_list":{"0":"post-342336","1":"post","2":"type-post","3":"status-publish","4":"format-standard","5":"has-post-thumbnail","7":"category-deportes","8":"tag-deportes","9":"tag-discover","10":"tag-es","11":"tag-espana","12":"tag-spain","13":"tag-sports"},"share_on_mastodon":{"url":"https:\/\/pubeurope.com\/@es\/115899854189091531","error":""},"_links":{"self":[{"href":"https:\/\/www.europesays.com\/es\/wp-json\/wp\/v2\/posts\/342336","targetHints":{"allow":["GET"]}}],"collection":[{"href":"https:\/\/www.europesays.com\/es\/wp-json\/wp\/v2\/posts"}],"about":[{"href":"https:\/\/www.europesays.com\/es\/wp-json\/wp\/v2\/types\/post"}],"author":[{"embeddable":true,"href":"https:\/\/www.europesays.com\/es\/wp-json\/wp\/v2\/users\/2"}],"replies":[{"embeddable":true,"href":"https:\/\/www.europesays.com\/es\/wp-json\/wp\/v2\/comments?post=342336"}],"version-history":[{"count":0,"href":"https:\/\/www.europesays.com\/es\/wp-json\/wp\/v2\/posts\/342336\/revisions"}],"wp:featuredmedia":[{"embeddable":true,"href":"https:\/\/www.europesays.com\/es\/wp-json\/wp\/v2\/media\/342337"}],"wp:attachment":[{"href":"https:\/\/www.europesays.com\/es\/wp-json\/wp\/v2\/media?parent=342336"}],"wp:term":[{"taxonomy":"category","embeddable":true,"href":"https:\/\/www.europesays.com\/es\/wp-json\/wp\/v2\/categories?post=342336"},{"taxonomy":"post_tag","embeddable":true,"href":"https:\/\/www.europesays.com\/es\/wp-json\/wp\/v2\/tags?post=342336"}],"curies":[{"name":"wp","href":"https:\/\/api.w.org\/{rel}","templated":true}]}}