{"id":342338,"date":"2026-01-15T15:36:10","date_gmt":"2026-01-15T15:36:10","guid":{"rendered":"https:\/\/www.europesays.com\/es\/342338\/"},"modified":"2026-01-15T15:36:10","modified_gmt":"2026-01-15T15:36:10","slug":"perdida-de-piezas-dentales-y-nutricion","status":"publish","type":"post","link":"https:\/\/www.europesays.com\/es\/342338\/","title":{"rendered":"P\u00e9rdida de piezas dentales y nutrici\u00f3n"},"content":{"rendered":"<p> El edentulismo, m\u00e1s conocido como p\u00e9rdida dental, puede darse en cualquier etapa de la vida, aunque es m\u00e1s frecuente en las personas mayores. <strong>Y se agudiza conforme avanza la edad.<\/strong> Seg\u00fan datos de la Encuesta de Salud Oral en Espa\u00f1a 2020, m\u00e1s de la mitad de los adultos j\u00f3venes de 35-44 a\u00f1os han perdido al menos un diente, pero <strong>en el grupo de 65-74 a\u00f1os, la media se eleva a 11 y <a href=\"https:\/\/web.consejodentistas.es\/wp-content\/uploads\/2021\/05\/27-05-2021_Mas_del_7_de_la_poblacion_de_entre_65_y_74_anos_es_totalmente_desdentado.pdf\" target=\"_blank\" rel=\"noreferrer noopener nofollow\">el porcentaje de desdentados totales es del 7,3 %<\/a>.<\/strong> <strong>Esta circunstancia afecta a la nutrici\u00f3n<\/strong>, ya que la ausencia de piezas dentales limita la variedad de alimentos que se pueden comer con normalidad.<\/p>\n<p>Perder dientes, m\u00e1s que una cuesti\u00f3n est\u00e9tica<\/p>\n<p>La p\u00e9rdida de dientes es com\u00fan entre las personas mayores. Aunque a menudo se considera solo un problema est\u00e9tico, sus consecuencias van mucho m\u00e1s all\u00e1. <\/p>\n<p>La falta de dientes <strong>dificulta la masticaci\u00f3n, limita la variedad de alimentos que se pueden consumir y disminuye la calidad nutricional de la dieta<\/strong>. Con el tiempo, esto puede afectar a la energ\u00eda diaria, complicar la digesti\u00f3n e impactar en el estado emocional. La p\u00e9rdida de dientes tambi\u00e9n tiene <strong>efectos sociales y emocionales<\/strong>, ya que muchos mayores limitan sus interacciones en comidas o evitan lugares por la incomodidad al hablar o sonre\u00edr, lo que puede llevar al aislamiento y afectar la salud psicol\u00f3gica.<\/p>\n<p>\u00abCuidar la salud oral en esta etapa no solo previene complicaciones m\u00e9dicas, tambi\u00e9n favorece la autoestima, la participaci\u00f3n social y la calidad de vida de las personas mayores\u00bb, indica Miriam Piqueras, directora m\u00e9dica de Sanitas Mayores.<\/p>\n<p>C\u00f3mo influye la p\u00e9rdida dental en la nutrici\u00f3n<\/p>\n<p>La p\u00e9rdida de piezas dentales tiene repercusiones significativas en la alimentaci\u00f3n cotidiana y nutrici\u00f3n, sobre todo, de las personas mayores. <\/p>\n<p>Su impacto m\u00e1s evidente es la <strong>dificultad para masticar<\/strong> de forma adecuada, lo que <strong>disminuye la eficacia en la digesti\u00f3n y transformaci\u00f3n de los alimentos<\/strong> en nutrientes absorbibles. La falta de dientes <strong>restringe las opciones <\/strong>a aquellos alimentos que son m\u00e1s f\u00e1ciles de masticar y tragar, como pur\u00e9s y alimentos blandos; esto puede limitar la variedad de su dieta y, por ende, su valor nutricional. <\/p>\n<p>Algunas <a href=\"https:\/\/pmc.ncbi.nlm.nih.gov\/articles\/PMC9188061\/\" target=\"_blank\" rel=\"noreferrer noopener nofollow\">investigaciones<\/a> han mostrado que las personas mayores con p\u00e9rdida dental a menudo tienen ingestas m\u00e1s bajas de frutas, verduras y prote\u00ednas. Y la reducci\u00f3n en el consumo de ciertas categor\u00edas de alimentos puede llevar a deficiencias nutricionales. Por ejemplo, la falta de verduras y frutas puede provocar una <strong>ingesta insuficiente de vitaminas y minerales<\/strong>, lo que puede comprometer la salud general.<\/p>\n<p>C\u00f3mo alimentarse bien con edentulismo<\/p>\n<p><img decoding=\"async\" loading=\"lazy\" width=\"1200\" height=\"800\" src=\"https:\/\/www.europesays.com\/es\/wp-content\/uploads\/2026\/01\/pure-fruta-ingredientes.jpg\" alt=\"pur\u00e9 de fruta\" class=\"wp-image-303706\"  \/>Imagen: <a href=\"https:\/\/www.istockphoto.com\/es\" target=\"_blank\" title=\"iStock\" rel=\"nofollow noopener\">iStock<\/a><\/p>\n<p>Los expertos brindan algunas ideas clave:<\/p>\n<p>\ud83d\udd38 Adaptar la dieta sin perder valor nutricional\u00a0<\/p>\n<p>Es posible modificar las texturas sin renunciar a los nutrientes, preparando <strong>cremas, pur\u00e9s, guisos tiernos o pescados suaves<\/strong> que aporten prote\u00ednas, fibra, vitaminas y minerales esenciales. <\/p>\n<p>Hoy en d\u00eda, adem\u00e1s, los avances en <strong>cocina texturizada<\/strong> permiten ofrecer platos con la misma apariencia, aroma y sabor que los alimentos originales, lo que ayuda a mantener no solo la salud nutricional, sino tambi\u00e9n el placer y la experiencia gastron\u00f3mica. Un ejemplo de esto \u00faltimo es el <a href=\"https:\/\/alicia.cat\/wp-content\/uploads\/2023\/04\/Recetario-tradicional-vasco-para-personas-con-disfagia.pdf\" target=\"_blank\" rel=\"noreferrer noopener nofollow\">recetario tradicional vasco para personas con disfagia<\/a> publicado por la Fundaci\u00f3n Alicia.<\/p>\n<p>\ud83d\udd38 Masticar despacio y en peque\u00f1as cantidades\u00a0<\/p>\n<p>Dedicar m\u00e1s tiempo al acto de comer facilita la digesti\u00f3n, mejora la absorci\u00f3n de nutrientes y reduce el riesgo de atragantamiento. Como recuerdan desde Sanitas Mayores, fraccionar los alimentos en trozos peque\u00f1os y <a href=\"https:\/\/www.consumer.es\/alimentacion\/beneficios-comer-despacio.html\" target=\"_blank\" rel=\"noreferrer noopener nofollow\" title=\"https:\/\/www.consumer.es\/alimentacion\/beneficios-comer-despacio.html\">masticar con calma<\/a> permite que la saliva act\u00fae correctamente en la primera fase del proceso digestivo.<\/p>\n<p>\ud83d\udd38 Mantener una adecuada hidrataci\u00f3n<\/p>\n<p>La p\u00e9rdida de piezas dentales y ciertas pr\u00f3tesis pueden alterar la producci\u00f3n de saliva, generando sequedad bucal. Beber suficiente agua a lo largo del d\u00eda facilita la degluci\u00f3n, protege las enc\u00edas y contribuye a prevenir problemas como infecciones o dificultad para tragar.<\/p>\n<p>\ud83d\udd38 Consultar con un especialista en nutrici\u00f3n <\/p>\n<p><strong>Si la persona mayor reduce la cantidad de comida, muestra menos inter\u00e9s por la alimentaci\u00f3n o presenta bajadas de energ\u00eda<\/strong>, conviene buscar apoyo profesional. Una intervenci\u00f3n temprana puede prevenir d\u00e9ficits nutricionales graves, detectar trastornos asociados y ofrecer pautas personalizadas para mantener una dieta equilibrada.<\/p>\n<p>Principales causas de la p\u00e9rdida dental<\/p>\n<p>Las tres principales causas de la p\u00e9rdida dentaria son <strong>la caries, la enfermedad periodontal y las fracturas de dientes.<\/strong> Otros factores, como <a href=\"https:\/\/www.consumer.es\/salud\/diabetes-y-enfermedad-periodontal-por-que-cuidar-de-nuestras-encias.html\" target=\"_blank\" rel=\"noreferrer noopener nofollow\">la diabetes<\/a>, la presi\u00f3n arterial alta o la artritis reumatoide, tambi\u00e9n favorecen el edentulismo.<\/p>\n<p><img decoding=\"async\" loading=\"lazy\" width=\"1200\" height=\"800\" src=\"https:\/\/www.europesays.com\/es\/wp-content\/uploads\/2026\/01\/diente-caries.jpg\" alt=\"caries dental\" class=\"wp-image-587116\"  \/>Imagen: <a href=\"https:\/\/www.pexels.com\/es-es\/@gustavo-fring\/\" target=\"_blank\" title=\"Gustavo Fring\" rel=\"nofollow noopener\">Gustavo Fring<\/a><\/p>\n<p>Asimismo, la ausencia de higiene bucodental, una dieta que contenga alimentos perjudiciales para la dentici\u00f3n o el tabaco y el alcohol, son otros motivos por los que se puede producir la ca\u00edda de dientes a cualquier edad.<\/p>\n<p>C\u00f3mo prevenir la p\u00e9rdida de dientes<\/p>\n<p>El Consejo General de Dentistas ofrece las siguientes<strong> recomendaciones para prevenir la p\u00e9rdida dentaria<\/strong>:<\/p>\n<ul>\n<li><strong>Mantener una buena <\/strong><a href=\"https:\/\/www.consumer.es\/salud\/por-que-importa-hacerse-limpieza-bucal\" target=\"_blank\" rel=\"noreferrer noopener nofollow\"><strong>higiene bucodental<\/strong>,<\/a> cepill\u00e1ndose, al menos, dos veces al d\u00eda con pasta dent\u00edfrica fluorada, sin olvidar la higiene interdental (con cepillo interdental o seda dental), una correcta limpieza de la lengua y renovar el cepillo cada tres meses.<\/li>\n<li><strong>Visitar al dentista<\/strong>, al menos, una vez al a\u00f1o es una buena manera de prevenir la ca\u00edda dentaria. El odont\u00f3logo puede diagnosticar a tiempo una patolog\u00eda que podr\u00eda derivar en la p\u00e9rdida del diente.<\/li>\n<li><strong>Cuidar la dieta. <\/strong>La alimentaci\u00f3n es un punto esencial para prevenir este problema. Para ello, es necesario seguir una dieta saludable, rica en verduras, pescado y frutas, ingerir alimentos con calcio y no tomar az\u00facares.<\/li>\n<li><strong>Evitar golpes.<\/strong> Los traumatismos, sobre todo en la pr\u00e1ctica del deporte, pueden ser causa de p\u00e9rdida de dientes, que se previenen con el uso de protectores bucales.<\/li>\n<li>Tambi\u00e9n es fundamental <strong>evitar malos h\u00e1bitos<\/strong>, como <a href=\"https:\/\/www.consumer.es\/salud\/trucos-para-no-morderse-unas.html\" target=\"_blank\" rel=\"noreferrer noopener nofollow\" title=\"https:\/\/www.consumer.es\/salud\/trucos-para-no-morderse-unas.html\">morderse las u\u00f1as<\/a>, usar los dientes como herramientas, fumar y beber alcohol.<\/li>\n<\/ul>\n","protected":false},"excerpt":{"rendered":"El edentulismo, m\u00e1s conocido como p\u00e9rdida dental, puede darse en cualquier etapa de la vida, aunque es m\u00e1s&hellip;\n","protected":false},"author":2,"featured_media":342339,"comment_status":"","ping_status":"","sticky":false,"template":"","format":"standard","meta":{"footnotes":""},"categories":[92],"tags":[25,24,165,166,23],"class_list":{"0":"post-342338","1":"post","2":"type-post","3":"status-publish","4":"format-standard","5":"has-post-thumbnail","7":"category-salud","8":"tag-es","9":"tag-espana","10":"tag-health","11":"tag-salud","12":"tag-spain"},"share_on_mastodon":{"url":"https:\/\/pubeurope.com\/@es\/115899858057753417","error":""},"_links":{"self":[{"href":"https:\/\/www.europesays.com\/es\/wp-json\/wp\/v2\/posts\/342338","targetHints":{"allow":["GET"]}}],"collection":[{"href":"https:\/\/www.europesays.com\/es\/wp-json\/wp\/v2\/posts"}],"about":[{"href":"https:\/\/www.europesays.com\/es\/wp-json\/wp\/v2\/types\/post"}],"author":[{"embeddable":true,"href":"https:\/\/www.europesays.com\/es\/wp-json\/wp\/v2\/users\/2"}],"replies":[{"embeddable":true,"href":"https:\/\/www.europesays.com\/es\/wp-json\/wp\/v2\/comments?post=342338"}],"version-history":[{"count":0,"href":"https:\/\/www.europesays.com\/es\/wp-json\/wp\/v2\/posts\/342338\/revisions"}],"wp:featuredmedia":[{"embeddable":true,"href":"https:\/\/www.europesays.com\/es\/wp-json\/wp\/v2\/media\/342339"}],"wp:attachment":[{"href":"https:\/\/www.europesays.com\/es\/wp-json\/wp\/v2\/media?parent=342338"}],"wp:term":[{"taxonomy":"category","embeddable":true,"href":"https:\/\/www.europesays.com\/es\/wp-json\/wp\/v2\/categories?post=342338"},{"taxonomy":"post_tag","embeddable":true,"href":"https:\/\/www.europesays.com\/es\/wp-json\/wp\/v2\/tags?post=342338"}],"curies":[{"name":"wp","href":"https:\/\/api.w.org\/{rel}","templated":true}]}}