{"id":342357,"date":"2026-01-15T15:51:10","date_gmt":"2026-01-15T15:51:10","guid":{"rendered":"https:\/\/www.europesays.com\/es\/342357\/"},"modified":"2026-01-15T15:51:10","modified_gmt":"2026-01-15T15:51:10","slug":"ordago-de-la-academia-as-com","status":"publish","type":"post","link":"https:\/\/www.europesays.com\/es\/342357\/","title":{"rendered":"\u00d3rdago de la Academia &#8211; AS.com"},"content":{"rendered":"<p class=\"\">Finalizada la primera vuelta, queda una cosa clara. La Academia va muy en serio. A por el sue\u00f1o del ascenso. Mejor dicho, de los ascensos. En plural. <b>Porque el Atl\u00e9tico Madrile\u00f1o sufri\u00f3 dos pinchazos consecutivos <\/b>que le arrebataron la primera plaza, pero con <a href=\"https:\/\/as.com\/futbol\/mas_futbol\/cubo-y-jano-culminan-la-fiesta-de-arnau-f202601-n\/\" target=\"_self\" rel=\"nofollow noopener\" title=\"https:\/\/as.com\/futbol\/mas_futbol\/cubo-y-jano-culminan-la-fiesta-de-arnau-f202601-n\/\"><b>su goleada al Antequera<\/b><\/a> qued\u00f3 patente que est\u00e1 de vuelta. Y cierra las 19 primeras jornadas en la segunda plaza.<b> A un punto del Sabadell. <\/b>A un punto del ascenso directo a Segunda Divisi\u00f3n. Y ocho puntos por encima del Teruel, primer equipo fuera del playoff. <\/p>\n<p class=\"\">El equipo de Fernando Torres sabe a lo que juega. Tiene un once muy definido y varias de las j\u00f3venes promesas que contin\u00faan desarroll\u00e1ndose. Una de las mejores noticias es <a href=\"https:\/\/as.com\/futbol\/atletico-de-madrid\/cubo-se-gana-a-torres-f202512-n\/\" target=\"_self\" rel=\"nofollow noopener\" title=\"https:\/\/as.com\/futbol\/atletico-de-madrid\/cubo-se-gana-a-torres-f202512-n\/\"><b>ver el ascenso de Miguel Cubo<\/b><\/a>. El delantero de 17 a\u00f1os (generaci\u00f3n 2008) comenz\u00f3 el curso en el Juvenil A, con tres goles en las dos primeras jornadas. Hasta ser reclutado por el eterno Ni\u00f1o. <b>Contra el Antequera consigui\u00f3 su segundo gol en Primera RFEF (m\u00e1s dos en Youth League) <\/b>y suma siete titularidades en los \u00faltimos ocho partidos. Una Youth donde al equipo de le escap\u00f3 el Top-6 en la \u00faltima jornada y se medir\u00e1 al Dinamo de Kiev el 4 de febrero. <\/p>\n<p class=\"\"><b>Esquivel <\/b>ha encajado solo 10 goles en 15 partidos,<b> Bo\u00f1ar y Julio D\u00edaz <\/b>ponen vuelo a los laterales,<b> Dani Mart\u00ednez<\/b> se ha asentado como un central zurdo perfecto tras la lesi\u00f3n de Kostis, <b>Javi Serrano<\/b> manda en el pivote, <b>Iker Luque <\/b>vuela en la derecha y <b>Rayane <\/b>se reencuentra en la mediapunta. Con variantes j\u00f3venes como <b>Jano o Jorge Castillo<\/b> en la sala de m\u00e1quinas. Y hay que hablar de los fichajes que han llegado para subir el nivel y ayudar en esa intenci\u00f3n de ascender. <b>Arnau Ortiz suma ya 10 goles. Referente y estrella rojiblanca<\/b> desde la banda izquierda. <b>Puric <\/b>es uno de los grandes centrales del campeonato, con <b>Barboza <\/b>como alternativa. <b>Bellotti <\/b>ha sumado intensidad, piernas, fuerza y llegada al medio, con la variante de <b>Morcillo<\/b>. <b>Ronaldo N\u00e1jera <\/b>es el \u00faltimo en llegar. Sits todav\u00eda no ha podido rendir en punta. Un equipo dise\u00f1ado para estar arriba y con un gran ambiente en el vestuario. <\/p>\n<p class=\"\">Y si el Madrile\u00f1o aspira a la Segunda Divisi\u00f3n, el Atl\u00e9tico C lo hace a Segunda RFEF. Su triunfo en M\u00f3stoles le aup\u00f3 a la primera plaza del grupo VII. <a href=\"https:\/\/as.com\/futbol\/primera\/jesus-barrios-continua-conquistando-a-simeone-f202511-n\/\" target=\"_self\" rel=\"nofollow noopener\" title=\"https:\/\/as.com\/futbol\/primera\/jesus-barrios-continua-conquistando-a-simeone-f202511-n\/\"><b>Con un Jes\u00fas Barrios en modo apisonadora<\/b><\/a>. 15 goles en liga y cuatro asistencias en 16 apariciones. M\u00e1s tres dianas en Youth League para el extremo de 19 a\u00f1os, muy del gusto de Simeone. Y que cuenta con <b>Javi Alonso <\/b>como gran escudero con 10 tantos. <b>Taufik <\/b>crece en el medio, <b>Sergio Esteban<\/b> en punta, <b>Vinatea <\/b>entre l\u00edneas, <b>Dar\u00edo Frey<\/b> manda en el pivote, <b>Diego P\u00e9rez<\/b> en la retaguardia, <b>\u00c1lvaro Moreno<\/b> bajo palos&#8230; Un equipo que recogi\u00f3 la plaza del <a href=\"https:\/\/as.com\/futbol\/atletico-de-madrid\/el-atletico-c-ya-es-una-realidad-n\/\" target=\"_self\" rel=\"nofollow noopener\" title=\"https:\/\/as.com\/futbol\/atletico-de-madrid\/el-atletico-c-ya-es-una-realidad-n\/\"><b>Club Uni\u00f3n Collado Villalba y desde este curso juega con la nomenclatura de Atl\u00e9tico C<\/b><\/a><b>. <\/b>Con la clara intenci\u00f3n de estar m\u00e1s cerca de la \u00e9lite.<\/p>\n<p class=\"\">Eso ha provocado que los canteranos asciendan antes y el Juvenil A pierda piezas. Pero con la clara pretensi\u00f3n de \u00c1ngel Donato de potenciar a los j\u00f3venes valores. Y a <a href=\"https:\/\/as.com\/futbol\/primera\/ruben-gomez-y-la-increible-generacion-atletica-del-2009-f202510-n\/\" target=\"_self\" rel=\"nofollow noopener\" title=\"https:\/\/as.com\/futbol\/primera\/ruben-gomez-y-la-increible-generacion-atletica-del-2009-f202510-n\/\"><b>una generaci\u00f3n del 2009 que pisa fuerte<\/b><\/a>. Pese a jugar contra rivales tres a\u00f1os mayores. <a href=\"https:\/\/as.com\/futbol\/atletico-de-madrid\/oficial-el-atletico-se-asegura-a-su-promesa-jorge-dominguez-f202512-n\/\" target=\"_self\" rel=\"nofollow noopener\" title=\"https:\/\/as.com\/futbol\/atletico-de-madrid\/oficial-el-atletico-se-asegura-a-su-promesa-jorge-dominguez-f202512-n\/\"><b>Jorge Dom\u00ednguez, Rub\u00e9n G\u00f3mez e Ian Jonatan Menc\u00eda<\/b><\/a> est\u00e1n citados por la Selecci\u00f3n Sub-17. El Atl\u00e9tico es segundo a siete puntos del Real Madrid, pero el objetivo es pulir a sus joyas. <a href=\"https:\/\/as.com\/futbol\/mas_futbol\/el-atletico-ficha-a-hugo-humanes-ex-de-inter-y-real-madrid-f202601-n\/\" target=\"_self\" rel=\"nofollow noopener\" title=\"https:\/\/as.com\/futbol\/mas_futbol\/el-atletico-ficha-a-hugo-humanes-ex-de-inter-y-real-madrid-f202601-n\/\"><b>En el mercado invernal se ha sumado Hugo Humanes al ataque<\/b><\/a>. Tambi\u00e9n con mucho futbolista del 2008 (<b>Adri\u00e1n Mart\u00ednez, Grant, Diego Sancho, Miguel Gil, Javi Tena, Obama&#8230;<\/b>) en una clara apuesta por la juventud y talento. Una Academia fortalecida con la llegada de Mateu Alemany y que sue\u00f1a en grande. <\/p>\n<p>Noticias relacionadas<a href=\"https:\/\/as.com\/futbol\/primera\/cardoso-ve-la-luz-f202601-n\/\" class=\"s_m_w\" title=\"El estadounidense ofrece una buena versi\u00f3n en Riazor y acaba como el m\u00e1ximo pasador del partido.\" data-tb-link=\"\" rel=\"nofollow noopener\" target=\"_blank\"><img decoding=\"async\" src=\"https:\/\/www.europesays.com\/es\/wp-content\/uploads\/2026\/01\/MRAEANAXURFX3MRSEZYJQGWDFM.jpg\" alt=\"Cardoso ve la luz\" class=\"\" height=\"9\" width=\"16\"   loading=\"lazy\" data-tb-thumbnail=\"\"\/><\/a><a href=\"https:\/\/as.com\/futbol\/primera\/operacion-medio-f202601-n\/\" class=\"s_m_w\" title=\"El Atl\u00e9tico necesita reforzarse tras la salida de Gallagher, que se suma a Raspadori, Gal\u00e1n y Carlos Mart\u00edn. Se busca centrocampista que suba el nivel.\" data-tb-link=\"\" rel=\"nofollow noopener\" target=\"_blank\"><img decoding=\"async\" src=\"https:\/\/www.europesays.com\/es\/wp-content\/uploads\/2026\/01\/YCWLJ6PERJEZJIBYU26TLWQVXU.jpg\" alt=\"Operaci\u00f3n medio\" class=\"\" height=\"9\" width=\"16\"   loading=\"lazy\" data-tb-thumbnail=\"\"\/><\/a><\/p>\n<p class=\"\"><b>\u00a1Tus opiniones importan!<\/b> Comenta en los art\u00edculos y suscr\u00edbete gratis a nuestra <a href=\"https:\/\/asfan.as.com\/newsletters\/\" target=\"_blank\" rel=\"nofollow noopener\" title=\"https:\/\/asfan.as.com\/newsletters\/\">newsletter<\/a> y a las alertas informativas en la <a href=\"https:\/\/as.com\/aplicacion-de-as-n\/\" target=\"_blank\" rel=\"nofollow noopener\" title=\"https:\/\/as.com\/aplicacion-de-as-n\/\">App<\/a> o el canal de <a href=\"https:\/\/www.whatsapp.com\/channel\/0029VaAasdA7j6g745nz9M10\" target=\"_blank\" rel=\"nofollow noopener\" title=\"https:\/\/www.whatsapp.com\/channel\/0029VaAasdA7j6g745nz9M10\">WhatsApp<\/a>. <\/p>\n<p class=\"\">\u00bfBuscas licenciar contenido? Haz clic <a href=\"https:\/\/profesional.elpais.com\/soluciones-sindicacion?utm_medium=interno&amp;utm_source=crosslinking&amp;utm_campaign=sindicacion_as_pie_articulos\" target=\"_blank\" rel=\"nofollow noopener\" title=\"https:\/\/profesional.elpais.com\/soluciones-sindicacion?utm_medium=interno&amp;utm_source=crosslinking&amp;utm_campaign=sindicacion_as_pie_articulos\">aqu\u00ed<\/a><\/p>\n","protected":false},"excerpt":{"rendered":"Finalizada la primera vuelta, queda una cosa clara. La Academia va muy en serio. A por el sue\u00f1o&hellip;\n","protected":false},"author":2,"featured_media":342358,"comment_status":"","ping_status":"","sticky":false,"template":"","format":"standard","meta":{"footnotes":""},"categories":[268],"tags":[168,25,24,280,282,281,23,167],"class_list":{"0":"post-342357","1":"post","2":"type-post","3":"status-publish","4":"format-standard","5":"has-post-thumbnail","7":"category-futbol","8":"tag-deportes","9":"tag-es","10":"tag-espana","11":"tag-football","12":"tag-futbol","13":"tag-soccer","14":"tag-spain","15":"tag-sports"},"share_on_mastodon":{"url":"https:\/\/pubeurope.com\/@es\/115899916965864755","error":""},"_links":{"self":[{"href":"https:\/\/www.europesays.com\/es\/wp-json\/wp\/v2\/posts\/342357","targetHints":{"allow":["GET"]}}],"collection":[{"href":"https:\/\/www.europesays.com\/es\/wp-json\/wp\/v2\/posts"}],"about":[{"href":"https:\/\/www.europesays.com\/es\/wp-json\/wp\/v2\/types\/post"}],"author":[{"embeddable":true,"href":"https:\/\/www.europesays.com\/es\/wp-json\/wp\/v2\/users\/2"}],"replies":[{"embeddable":true,"href":"https:\/\/www.europesays.com\/es\/wp-json\/wp\/v2\/comments?post=342357"}],"version-history":[{"count":0,"href":"https:\/\/www.europesays.com\/es\/wp-json\/wp\/v2\/posts\/342357\/revisions"}],"wp:featuredmedia":[{"embeddable":true,"href":"https:\/\/www.europesays.com\/es\/wp-json\/wp\/v2\/media\/342358"}],"wp:attachment":[{"href":"https:\/\/www.europesays.com\/es\/wp-json\/wp\/v2\/media?parent=342357"}],"wp:term":[{"taxonomy":"category","embeddable":true,"href":"https:\/\/www.europesays.com\/es\/wp-json\/wp\/v2\/categories?post=342357"},{"taxonomy":"post_tag","embeddable":true,"href":"https:\/\/www.europesays.com\/es\/wp-json\/wp\/v2\/tags?post=342357"}],"curies":[{"name":"wp","href":"https:\/\/api.w.org\/{rel}","templated":true}]}}