{"id":342376,"date":"2026-01-15T16:02:08","date_gmt":"2026-01-15T16:02:08","guid":{"rendered":"https:\/\/www.europesays.com\/es\/342376\/"},"modified":"2026-01-15T16:02:08","modified_gmt":"2026-01-15T16:02:08","slug":"zara-echa-el-cierre-a-su-historica-tienda-de-juan-florez-de-a-coruna","status":"publish","type":"post","link":"https:\/\/www.europesays.com\/es\/342376\/","title":{"rendered":"Zara echa el cierre a su hist\u00f3rica tienda de Juan Fl\u00f3rez de A Coru\u00f1a"},"content":{"rendered":"<p>Zara dice adi\u00f3s a parte de su historia. La cadena de Inditex ha tomado la decisi\u00f3n de echar el cierre a la primera tienda que puso en marcha hace cincuenta a\u00f1os, ubicada en la calle Juan Fl\u00f3rez de A Coru\u00f1a. En el \u00faltimo a\u00f1o, el establecimiento ha sido convertido en una suerte de museo en el marco de su aniversario.<\/p>\n<p>\u00a0<\/p>\n<p><strong>El pr\u00f3ximo 30 de enero, el establecimiento bajar\u00e1 la persiana tras cinco d\u00e9cadas de actividad.<\/strong> Seg\u00fan informa\u00a0La Voz de Galicia, la compa\u00f1\u00eda ha comunicado su decisi\u00f3n a la plantilla, formada por once empleados, esta ma\u00f1ana.<\/p>\n<p>\u00a0<\/p>\n<p><a href=\"https:\/\/www.modaes.com\/empresas\/cincuenta-anos-con-la-tienda-en-el-centro-como-zara-invento-la-moda\" rel=\"nofollow noopener\" target=\"_blank\">La apertura en la calle Juan Fl\u00f3rez fue el punto de partida del desarrollo de Zara<\/a>. Tras aquella tienda, <strong>en la que Zara ya incorporaba imagen propia,<\/strong> llegar\u00eda el desarrollo en el resto de Espa\u00f1a, para saltar a Europa a finales de los ochenta, comenzando por Oporto (Portugal) y siguiendo por Nueva York (Estados Unidos) y Par\u00eds (Francia).<\/p>\n<p>\u00a0<\/p>\n<p>El local de la calle Juan Fl\u00f3rez cuenta con alrededor de 300 metros cuadrados, lejos de la superficie actual de las tiendas de Zara, en las que se dan cita la oferta de mujer, hombre, ni\u00f1o e, incluso, hogar, en algunos casos. A lo largo de los \u00faltimos a\u00f1os,<strong> Inditex ha reorganizado su parque de tiendas apostando por tiendas de mayor superficie.<\/strong><\/p>\n<p>\u00a0<\/p>\n<p>\u00a0<\/p>\n<p class=\"news_featured_text\">Zara prescinde de un local de 300 metros cuadrados que no encaja con su estrategia actual<\/p>\n<p>\u00a0<\/p>\n<p>\u00a0<\/p>\n<p>Inditex cerr\u00f3 los nueve primeros meses del ejercicio\u00a0<a href=\"https:\/\/www.modaes.com\/empresas\/inditex-ajusta-su-red-de-tiendas-zara-reduce-mientras-bershka-gana-terreno\" rel=\"nofollow noopener\" target=\"_blank\">con 5.527 tiendas en todo el mundo, 132 menos que un a\u00f1o antes<\/a>. El ajuste afect\u00f3 a buena parte de sus cadenas, de Zara a Massimo Dutti, pasando por Oysho y Stradivarius.\u00a0<strong>S\u00f3lo Bershka y Lefties sumaron aperturas netas<\/strong>,\u00a0con cuatro m\u00e1s hasta 859 tiendas y diez inauguraciones hasta 213 establecimientos, respectivamente.<\/p>\n<p>\u00a0<\/p>\n<p><strong>La apuesta de Inditex, especialmente de Zara, no pasa s\u00f3lo por m\u00e1s superficie, sino por tiendas mucho m\u00e1s espectaculares,<\/strong> una visi\u00f3n que se ha acelerado desde que Marta Ortega asumi\u00f3 la presidencia en 2022.<\/p>\n<p>\u00a0<\/p>\n<p><strong>En los \u00faltimos tres a\u00f1os, el grupo ha fortalecido su presencia en ubicaciones\u00a0prime<\/strong>\u00a0y ha puesto el dise\u00f1o, la fotograf\u00eda y la arquitectura en el centro de su identidad visual. Aperturas en arterias comerciales como los Campos El\u00edseos en Par\u00eds, Serrano en Madrid, Corso Vittorio Emanuele en Mil\u00e1n o la reforma de Zara prevista para 2026 en la neoyorquina Quinta Avenida son pasos clave en la hoja de ruta de la compa\u00f1\u00eda.<\/p>\n","protected":false},"excerpt":{"rendered":"Zara dice adi\u00f3s a parte de su historia. La cadena de Inditex ha tomado la decisi\u00f3n de echar&hellip;\n","protected":false},"author":2,"featured_media":342377,"comment_status":"","ping_status":"","sticky":false,"template":"","format":"standard","meta":{"footnotes":""},"categories":[80],"tags":[82,95,94,25,24,23],"class_list":{"0":"post-342376","1":"post","2":"type-post","3":"status-publish","4":"format-standard","5":"has-post-thumbnail","7":"category-economia","8":"tag-business","9":"tag-economia","10":"tag-economy","11":"tag-es","12":"tag-espana","13":"tag-spain"},"share_on_mastodon":{"url":"https:\/\/pubeurope.com\/@es\/115899960412147244","error":""},"_links":{"self":[{"href":"https:\/\/www.europesays.com\/es\/wp-json\/wp\/v2\/posts\/342376","targetHints":{"allow":["GET"]}}],"collection":[{"href":"https:\/\/www.europesays.com\/es\/wp-json\/wp\/v2\/posts"}],"about":[{"href":"https:\/\/www.europesays.com\/es\/wp-json\/wp\/v2\/types\/post"}],"author":[{"embeddable":true,"href":"https:\/\/www.europesays.com\/es\/wp-json\/wp\/v2\/users\/2"}],"replies":[{"embeddable":true,"href":"https:\/\/www.europesays.com\/es\/wp-json\/wp\/v2\/comments?post=342376"}],"version-history":[{"count":0,"href":"https:\/\/www.europesays.com\/es\/wp-json\/wp\/v2\/posts\/342376\/revisions"}],"wp:featuredmedia":[{"embeddable":true,"href":"https:\/\/www.europesays.com\/es\/wp-json\/wp\/v2\/media\/342377"}],"wp:attachment":[{"href":"https:\/\/www.europesays.com\/es\/wp-json\/wp\/v2\/media?parent=342376"}],"wp:term":[{"taxonomy":"category","embeddable":true,"href":"https:\/\/www.europesays.com\/es\/wp-json\/wp\/v2\/categories?post=342376"},{"taxonomy":"post_tag","embeddable":true,"href":"https:\/\/www.europesays.com\/es\/wp-json\/wp\/v2\/tags?post=342376"}],"curies":[{"name":"wp","href":"https:\/\/api.w.org\/{rel}","templated":true}]}}