{"id":342378,"date":"2026-01-15T16:03:09","date_gmt":"2026-01-15T16:03:09","guid":{"rendered":"https:\/\/www.europesays.com\/es\/342378\/"},"modified":"2026-01-15T16:03:09","modified_gmt":"2026-01-15T16:03:09","slug":"ee-uu-incauta-otro-petrolero-relacionado-con-venezuela","status":"publish","type":"post","link":"https:\/\/www.europesays.com\/es\/342378\/","title":{"rendered":"EE. UU. incauta otro petrolero relacionado con Venezuela"},"content":{"rendered":"<p>El <a class=\"internal-link\" href=\"https:\/\/www.dw.com\/es\/comando-sur\/t-48738560\" rel=\"nofollow noopener\" target=\"_blank\">Comando Sur<\/a> de las Fuerzas Armadas de <a class=\"internal-link\" href=\"https:\/\/www.dw.com\/es\/estados-unidos\/t-17411942\" rel=\"nofollow noopener\" target=\"_blank\">Estados Unidos<\/a> confirm\u00f3 la operaci\u00f3n realizada antes del amanecer, indicando que las fuerzas estadounidenses detuvieron al petrolero Ver\u00f3nica \u00absin incidentes\u00bb.<\/p>\n<p>Esa autoridad a\u00f1adi\u00f3 que el Ver\u00f3nica estaba \u00aboperando desafiando la cuarentena establecida por el presidente <a class=\"internal-link\" href=\"https:\/\/www.dw.com\/es\/donald-trump\/t-19445010\" rel=\"nofollow noopener\" target=\"_blank\">Trump<\/a> para los buques sancionados en el <a class=\"internal-link\" href=\"https:\/\/www.dw.com\/es\/caribe\/t-41334528\" rel=\"nofollow noopener\" target=\"_blank\">Caribe<\/a>\u00ab.<\/p>\n<p>\u00ab<a class=\"internal-link\" href=\"https:\/\/www.dw.com\/es\/eeuu-decidir\u00e1-qu\u00e9-petroleras-pueden-operar-en-venezuela\/a-75457766\" rel=\"nofollow noopener\" target=\"_blank\">El \u00fanico petr\u00f3leo que saldr\u00e1 de Venezuela<\/a> ser\u00e1 el que se coordine de <a class=\"internal-link\" href=\"https:\/\/www.dw.com\/es\/trump-firma-decreto-para-proteger-ganancias-por-petr\u00f3leo-de-venezuela\/a-75462551\" rel=\"nofollow noopener\" target=\"_blank\">forma adecuada y legal<\/a>\u00ab, declar\u00f3 el Comando Sur en su comunicado.<\/p>\n<blockquote class=\"tweet embed\" data-id=\"2011798070816612578\"\/>\n<p>Funcionarios\u00a0que hablaron con la agencia Reuters bajo condici\u00f3n de anonimato\u00a0confirmaron que la incautaci\u00f3n tuvo lugar en el Caribe.<\/p>\n<p>Parte de declarada campa\u00f1a de Trump contra el narcotr\u00e1fico y por el petr\u00f3leo de Venezuela<\/p>\n<p>Las incautaciones comenzaron como parte de una declarada campa\u00f1a de Trump contra el narcotr\u00e1fico en el Caribe, que se enfoc\u00f3\u00a0enseguida en\u00a0forzar la salida del poder del presidente venezolano, <a class=\"internal-link\" href=\"https:\/\/www.dw.com\/es\/nicol\u00e1s-maduro\/t-17409336\" rel=\"nofollow noopener\" target=\"_blank\">Nicol\u00e1s Maduro<\/a>\u00a0y culmin\u00f3 con la irrupci\u00f3n de las fuerzas estadounidenses en el pa\u00eds para capturarlo a \u00e9l y a su esposa el 3 de enero.<\/p>\n<p>Desde entonces, Trump ha declarado que <a class=\"internal-link\" href=\"https:\/\/www.dw.com\/es\/trump-estados-unidos-extraer\u00e1-petr\u00f3leo-venezolano-durante-a\u00f1os\/a-75432112\" rel=\"nofollow noopener\" target=\"_blank\">Estados Unidos planea controlar los recursos petroleros de Venezuela indefinidamente<\/a> mientras busca reconstruir la deteriorada industria petrolera del pa\u00eds.<\/p>\n<p>Seg\u00fan las informaciones de Estados Unidos, <a class=\"internal-link\" href=\"https:\/\/www.dw.com\/es\/estados-unidos-intercepta-otro-petrolero-en-el-caribe\/a-75455496\" rel=\"nofollow noopener\" target=\"_blank\">los buques interceptados hasta el momento<\/a> se encontraban bajo sanciones estadounidenses o formaban parte de una \u00abflota fantasma\u00bb de barcos no regulados que ocultan su origen para transportar petr\u00f3leo de los principales productores sancionados: Ir\u00e1n, Rusia o Venezuela.<\/p>\n<p>La semana pasada, Estados Unidos incaut\u00f3 un petrolero con bandera rusa que estaba siendo seguido por un submarino ruso tras m\u00e1s de dos semanas a trav\u00e9s del Atl\u00e1ntico.\u00a0La medida fue condenada por Mosc\u00fa.<\/p>\n<p>Antes de reuni\u00f3n Trump-Machado<\/p>\n<p>Esta \u00faltima incautaci\u00f3n se produjo antes de la reuni\u00f3n prevista para este jueves (15.01.2026) entre Trump y la l\u00edder opositora venezolana <a class=\"internal-link\" href=\"https:\/\/www.dw.com\/es\/machado-mar\u00eda-corina\/t-42526133\" rel=\"nofollow noopener\" target=\"_blank\">Mar\u00eda Corina Machado<\/a>, en su primer encuentro cara a cara desde que Estados Unidos derroc\u00f3 a Maduro, su antiguo rival.<\/p>\n<p>Trump la ha calificado previamente de \u00abluchadora por la libertad\u00bb, pero descart\u00f3 la idea de designarla para dirigir Venezuela tras el derrocamiento de Maduro, alegando que no contaba con suficiente apoyo interno.<\/p>\n<p>Una evaluaci\u00f3n clasificada de la CIA presentada a Trump concluy\u00f3 que los leales a Maduro, incluyendo a Rodr\u00edguez, eran los m\u00e1s indicados para mantener la estabilidad.<\/p>\n<p>rml (afp, reuters, noticia en desarrollo)<\/p>\n","protected":false},"excerpt":{"rendered":"El Comando Sur de las Fuerzas Armadas de Estados Unidos confirm\u00f3 la operaci\u00f3n realizada antes del amanecer, indicando&hellip;\n","protected":false},"author":2,"featured_media":342379,"comment_status":"","ping_status":"","sticky":false,"template":"","format":"standard","meta":{"footnotes":""},"categories":[42],"tags":[17,18,13,14,11,61,62,63,64,19,20,9,10,15,16,12,21,22,65,66,67],"class_list":{"0":"post-342378","1":"post","2":"type-post","3":"status-publish","4":"format-standard","5":"has-post-thumbnail","7":"category-internacional","8":"tag-breaking-news","9":"tag-breakingnews","10":"tag-featured-news","11":"tag-featurednews","12":"tag-headlines","13":"tag-internacional","14":"tag-international","15":"tag-international-news","16":"tag-internationalnews","17":"tag-latest-news","18":"tag-latestnews","19":"tag-news","20":"tag-noticias","21":"tag-noticias-destacadas","22":"tag-noticiasdestacadas","23":"tag-titulares","24":"tag-ultimas-noticias","25":"tag-ultimasnoticias","26":"tag-world","27":"tag-world-news","28":"tag-worldnews"},"share_on_mastodon":{"url":"https:\/\/pubeurope.com\/@es\/115899964094954283","error":""},"_links":{"self":[{"href":"https:\/\/www.europesays.com\/es\/wp-json\/wp\/v2\/posts\/342378","targetHints":{"allow":["GET"]}}],"collection":[{"href":"https:\/\/www.europesays.com\/es\/wp-json\/wp\/v2\/posts"}],"about":[{"href":"https:\/\/www.europesays.com\/es\/wp-json\/wp\/v2\/types\/post"}],"author":[{"embeddable":true,"href":"https:\/\/www.europesays.com\/es\/wp-json\/wp\/v2\/users\/2"}],"replies":[{"embeddable":true,"href":"https:\/\/www.europesays.com\/es\/wp-json\/wp\/v2\/comments?post=342378"}],"version-history":[{"count":0,"href":"https:\/\/www.europesays.com\/es\/wp-json\/wp\/v2\/posts\/342378\/revisions"}],"wp:featuredmedia":[{"embeddable":true,"href":"https:\/\/www.europesays.com\/es\/wp-json\/wp\/v2\/media\/342379"}],"wp:attachment":[{"href":"https:\/\/www.europesays.com\/es\/wp-json\/wp\/v2\/media?parent=342378"}],"wp:term":[{"taxonomy":"category","embeddable":true,"href":"https:\/\/www.europesays.com\/es\/wp-json\/wp\/v2\/categories?post=342378"},{"taxonomy":"post_tag","embeddable":true,"href":"https:\/\/www.europesays.com\/es\/wp-json\/wp\/v2\/tags?post=342378"}],"curies":[{"name":"wp","href":"https:\/\/api.w.org\/{rel}","templated":true}]}}