{"id":342388,"date":"2026-01-15T16:13:10","date_gmt":"2026-01-15T16:13:10","guid":{"rendered":"https:\/\/www.europesays.com\/es\/342388\/"},"modified":"2026-01-15T16:13:10","modified_gmt":"2026-01-15T16:13:10","slug":"nba-y-euroliga-entiendo-que-aun-existe-un-margen-para-juntar-fuerzas","status":"publish","type":"post","link":"https:\/\/www.europesays.com\/es\/342388\/","title":{"rendered":"\u00bfNBA y Euroliga? \u201cEntiendo que a\u00fan existe un margen para juntar fuerzas\u201d"},"content":{"rendered":"<p class=\"\"><b>Sergio Scariolo <\/b>ha atendido a los medios en la previa del <a href=\"https:\/\/as.com\/baloncesto\/euroliga\/el-clasico-se-resetea-f202601-n\/\" target=\"_self\" rel=\"nofollow noopener\" title=\"https:\/\/as.com\/baloncesto\/euroliga\/el-clasico-se-resetea-f202601-n\/\"><b>Real Madrid-Barcelona<\/b><\/a> de la 22\u00aa jornada de la <b>Euroliga<\/b>, que se disputa este viernes en el Movistar Arena (<b>20:45, Movistar Plus+<\/b>). Ser\u00e1 el tercer <b>Cl\u00e1sico <\/b>de la temporada (1-1), con ambos equipos separados por una victoria y con mucho peso en la clasificaci\u00f3n y ante posibles desempates finales. Los blancos vienen de perder en casa en el partido liguero hace semana y media y encaran el duelo, lo hace su afici\u00f3n, con ganas de desquite. La plantilla est\u00e1 al completo, sin bajas. \u201cCreo que <b>vamos bastante bien<\/b>\u201d, asegura el t\u00e9cnico.<\/p>\n<p class=\"\">Al margen del importante encuentro, el entrenador del <b>Madrid <\/b>ha respondido a preguntas sobre el futuro del baloncesto europeo y el rumbo que puede tomar su club en un momento clave en el devenir de la canasta en el <a href=\"https:\/\/as.com\/baloncesto\/euroliga\/lo-que-se-sabe-de-la-nba-en-europa-f202601-n\/\" target=\"_self\" rel=\"nofollow noopener\" title=\"https:\/\/as.com\/baloncesto\/euroliga\/lo-que-se-sabe-de-la-nba-en-europa-f202601-n\/\"><b>Viejo Continente<\/b><\/a>.<\/p>\n<p>Scariolo: \u201cA\u00f1adir opciones es bueno para el baloncesto europeo\u201d<\/p>\n<p class=\"\"><b>La valoraci\u00f3n inicial del partido.<\/b><\/p>\n<p class=\"\">Sobra decir que es un partido dif\u00edcil contra un gran equipo, con grandes jugadores y un gran entrenador. Y con importancia en la clasificaci\u00f3n porque hay poca distancia en la tabla. Si pudi\u00e9ramos adquirir un 2-0 (el Madrid gan\u00f3 en el Palau) ante un rival directo, ser\u00eda extremadamente importante en caso de un probable final igualado con muchos equipos involucrados. En los dos primeros partidos (ante el Barcelona) hemos metido m\u00e1s de cien puntos de media y la previsi\u00f3n es que esto no vuelva a pasar. Se hace evidente la necesidad de defender y, sobre todo, de rebotear. All\u00ed cogimos 14 rebotes m\u00e1s y ganamos, y aqu\u00ed fue al rev\u00e9s y ganaron ellos. Esa ha sido la clave de los dos partidos, no es seguro, pero s\u00ed posible que vuelva a ocurrir.<\/p>\n<p class=\"\"><b>\u00bfEn qu\u00e9 momento llega su equipo a esta jornada 22?<\/b><\/p>\n<p class=\"\">Creo que vamos bastante bien. A nivel f\u00edsico el equipo est\u00e1 bastante bien y an\u00edmicamente, tambi\u00e9n. Estos partidos son un poco isla, empiezan y terminan y tienen un peso per se, al margen del resto, y eso no lo ignoramos; pero creo que el equipo llega bastante bien.<\/p>\n<p class=\"\"><b>\u00bfCu\u00e1nto sirve de referencia el partido de hace semana y media?<\/b><\/p>\n<p class=\"\">Los puntos de referencia son los que hemos nombrado, una anotaci\u00f3n muy alta, que es probable que los equipos, que ya nos conocemos m\u00e1s, la reduzcan, y la fundamental importancia del rebote. Luego siempre hay alguna novedad o sorpresa, alg\u00fan jugador que no hab\u00eda sido decisivo en partidos anteriores y que lo puede ser ahora.<\/p>\n<p class=\"\"><b>\u00bfEs un partido importante para dar un espaldarazo al trabajo realizado?<\/b><\/p>\n<p class=\"\">Sobre todo, por la clasificaci\u00f3n, porque estar\u00eda muy bien lograr un 2-0 ante un rival directo. Somos conscientes de que ser\u00e1 una tarea muy dif\u00edcil y que tendremos que presentar una versi\u00f3n muy s\u00f3lida, concentrada, dura y atenta. Hay una gran acumulaci\u00f3n de muchos equipo en poco espacio en la clasificaci\u00f3n y estos partidos directos son importantes. <\/p>\n<p class=\"\"><b>\u00bfCu\u00e1l es el estado f\u00edsico del Madrid?<\/b><\/p>\n<p class=\"\">Bastante bueno, como dec\u00eda antes. A estas alturas de temporada siempre hay peque\u00f1as cosas, pero creo que la manera en la que hemos llevado los primeros meses nos ha permitido evitar sobrecargas graves y que ahora no haya jugadores especialmente fatigados. La convocatoria, normalmente, la decidimos m\u00e1s tarde en una reuni\u00f3n con el \u00e1rea biom\u00e9dica.<\/p>\n<p class=\"\"><b>\u00bfSiente todav\u00eda algo especial cuando afronta un partido como este?<\/b><\/p>\n<p class=\"\">Lo que hay alrededor, la rivalidad, siempre se percibe y le da un punto m\u00e1s de color o de pique, pero prefiero centrarme en que es un partido ante un equipo muy bueno y extremadamente experto, con gente que ha ganado muchas cosas y con un muy buen entrenador.<\/p>\n<p class=\"\"><b>Lleva cuatro d\u00e9cada en el baloncesto europeo, como entrenador, pero tambi\u00e9n en una peque\u00f1a etapa en los despachos. Y ha estado en clubes, en la Selecci\u00f3n, en la antigua Copa de Europa, en la Euroliga, en las Ventanas de la FIBA\u2026 En un momento crucial para el baloncesto europeo, \u00bfc\u00f3mo ve la situaci\u00f3n? \u00bfCree que este podr\u00eda ser el \u00faltimo Madrid-Bar\u00e7a en la Euroliga?<\/b><\/p>\n<p class=\"\">No he pensado en ello. Lo ideal, y entiendo que es as\u00ed, es que pueda existir un margen todav\u00eda para que se puedan juntar fuerzas y no ponerlas en conflicto. Por mi parte, solo puedo decir que llevo muchos a\u00f1os aqu\u00ed y me divierto, a nivel de competici\u00f3n, en esta Euroliga; pero tambi\u00e9n he pasado tres a\u00f1os fant\u00e1sticos en la NBA, donde he apreciado muchos aspectos de su forma de ver las cosas. Todo lo que sea a\u00f1adir y no restar, a\u00f1adir opciones, incluso, es bueno para el baloncesto europeo.<\/p>\n<p class=\"\"><b>Siempre ha mantenido que la Euroliga es un gran producto, pero que la NBA tambi\u00e9n ser\u00eda recibida con buenos ojos. \u00bfQu\u00e9 consejos le dar\u00eda al club en este momento para que el Madrid siga disputando partidos bonitos el a\u00f1o que viene? <\/b><b>(Aclaraci\u00f3n: existe la opci\u00f3n de que el Madrid no dispute la pr\u00f3xima Euroliga, cuando a\u00fan estar\u00eda sin crear la competici\u00f3n de la NBA).<\/b><\/p>\n<p class=\"\">Este club ha empezado con un plan a medio y largo plazo. Este a\u00f1o estamos todos mentalizados para competir y hacerlo bien, cada vez mejor en esta temporada, pero ya estamos pensando en las siguientes. El plan empieza con un m\u00ednimo de tres a\u00f1os y debe tener en cuenta, efectivamente, el bien para el club en el medio y largo plazo. El mejor aliado de las malas decisiones es el cortoplacismo y el resultadismo. Lo de pensar qu\u00e9 ser\u00eda mejor para el mes de febrero, eso es en la cancha; pero en los despachos me consta que la mirada est\u00e1 puesta en el medio y largo plazo. No creo que tuvi\u00e9ramos que entrar en p\u00e1nico si pasara eso. Es un club que tiene m\u00e1s de 120 a\u00f1os, estaba yo aqu\u00ed el a\u00f1o del Centenario, y tendr\u00e1 muchos m\u00e1s. Lo importante es huir del cortoplacismo, que trae malas decisiones. Me consta que la c\u00fapula del club, la de la secci\u00f3n con la que tengo contacto diario, as\u00ed lo hace.<\/p>\n<p class=\"\"><b>\u00bfCambia para el planteamiento del Cl\u00e1sico la presencia de Brizuela y Vesely que no estuvieron en el encuentro anterior?<\/b><\/p>\n<p class=\"\">Hay que tenerlos en cuenta porque son dos grandes jugadores, decisivos. Obviamente, s\u00ed, pero nuestra identidad debe mantenerse, en todo lo posible, inalterada, aunque para la preparaci\u00f3n t\u00e1ctica se les tiene muy en cuenta.<\/p>\n<p>Noticias relacionadas<a href=\"https:\/\/as.com\/baloncesto\/euroliga\/el-madrid-es-el-mayor-impulso-para-la-creacion-de-nba-europa-f202601-n\/\" class=\"s_m_w\" title=\"El podcast de AS sobre la Euroliga analiza la posible decisi\u00f3n del Real Madrid para decantarse por la NBA en detrimento de la actual competici\u00f3n reina.\" data-tb-link=\"\" rel=\"nofollow noopener\" target=\"_blank\"><img decoding=\"async\" src=\"https:\/\/www.europesays.com\/es\/wp-content\/uploads\/2026\/01\/1768493589_841_GVWOGQZDMNE3JENP2UIJYUIBSU.jpg\" alt=\"\u201cEl Madrid es el mayor impulso para la creaci\u00f3n de NBA Europa\u201d\" class=\"\" height=\"9\" width=\"16\"   loading=\"lazy\" data-tb-thumbnail=\"\"\/><\/a><a href=\"https:\/\/as.com\/baloncesto\/nba\/el-real-madrid-cerca-de-la-nba-f202601-n\/\" class=\"s_m_w\" title=\"En las horas claves del baloncesto continental, el Real Madrid se acerca a la NBA: est\u00e1 a punto de dar el OK a participar en la nueva liga que plantean los americanos.\" data-tb-link=\"\" rel=\"nofollow noopener\" target=\"_blank\"><img decoding=\"async\" src=\"https:\/\/www.europesays.com\/es\/wp-content\/uploads\/2026\/01\/1768493590_735_T2MBDYREIVL2RDGIVUHKY5FH3E.jpg\" alt=\"El Real Madrid, cerca de la NBA\" class=\"\" height=\"9\" width=\"16\"   loading=\"lazy\" data-tb-thumbnail=\"\"\/><\/a><\/p>\n<p class=\"\"><b>\u00a1Tus opiniones importan!<\/b> <\/p>\n<p class=\"\">Comenta en los art\u00edculos y suscr\u00edbete gratis a nuestra <a href=\"https:\/\/asfan.as.com\/newsletters\/\" target=\"_blank\" rel=\"nofollow noopener\" title=\"https:\/\/asfan.as.com\/newsletters\/\">newsletter<\/a> y a las alertas informativas en la <a href=\"https:\/\/as.com\/aplicacion-de-as-n\/\" target=\"_blank\" rel=\"nofollow noopener\" title=\"https:\/\/as.com\/aplicacion-de-as-n\/\">App<\/a> o el canal de <a href=\"https:\/\/www.whatsapp.com\/channel\/0029VaAasdA7j6g745nz9M10\" target=\"_blank\" rel=\"nofollow noopener\" title=\"https:\/\/www.whatsapp.com\/channel\/0029VaAasdA7j6g745nz9M10\">WhatsApp<\/a>. \u00bfBuscas licenciar contenido? Haz clic <a href=\"https:\/\/profesional.elpais.com\/soluciones-sindicacion?utm_medium=interno&amp;utm_source=crosslinking&amp;utm_campaign=sindicacion_as_pie_articulos\" target=\"_blank\" rel=\"nofollow noopener\" title=\"https:\/\/profesional.elpais.com\/soluciones-sindicacion?utm_medium=interno&amp;utm_source=crosslinking&amp;utm_campaign=sindicacion_as_pie_articulos\">aqu\u00ed<\/a><\/p>\n","protected":false},"excerpt":{"rendered":"Sergio Scariolo ha atendido a los medios en la previa del Real Madrid-Barcelona de la 22\u00aa jornada de&hellip;\n","protected":false},"author":2,"featured_media":320288,"comment_status":"","ping_status":"","sticky":false,"template":"","format":"standard","meta":{"footnotes":""},"categories":[269],"tags":[299,298,168,25,24,23,167],"class_list":{"0":"post-342388","1":"post","2":"type-post","3":"status-publish","4":"format-standard","5":"has-post-thumbnail","7":"category-baloncesto","8":"tag-baloncesto","9":"tag-basketball","10":"tag-deportes","11":"tag-es","12":"tag-espana","13":"tag-spain","14":"tag-sports"},"share_on_mastodon":{"url":"https:\/\/pubeurope.com\/@es\/115900003477119047","error":""},"_links":{"self":[{"href":"https:\/\/www.europesays.com\/es\/wp-json\/wp\/v2\/posts\/342388","targetHints":{"allow":["GET"]}}],"collection":[{"href":"https:\/\/www.europesays.com\/es\/wp-json\/wp\/v2\/posts"}],"about":[{"href":"https:\/\/www.europesays.com\/es\/wp-json\/wp\/v2\/types\/post"}],"author":[{"embeddable":true,"href":"https:\/\/www.europesays.com\/es\/wp-json\/wp\/v2\/users\/2"}],"replies":[{"embeddable":true,"href":"https:\/\/www.europesays.com\/es\/wp-json\/wp\/v2\/comments?post=342388"}],"version-history":[{"count":0,"href":"https:\/\/www.europesays.com\/es\/wp-json\/wp\/v2\/posts\/342388\/revisions"}],"wp:featuredmedia":[{"embeddable":true,"href":"https:\/\/www.europesays.com\/es\/wp-json\/wp\/v2\/media\/320288"}],"wp:attachment":[{"href":"https:\/\/www.europesays.com\/es\/wp-json\/wp\/v2\/media?parent=342388"}],"wp:term":[{"taxonomy":"category","embeddable":true,"href":"https:\/\/www.europesays.com\/es\/wp-json\/wp\/v2\/categories?post=342388"},{"taxonomy":"post_tag","embeddable":true,"href":"https:\/\/www.europesays.com\/es\/wp-json\/wp\/v2\/tags?post=342388"}],"curies":[{"name":"wp","href":"https:\/\/api.w.org\/{rel}","templated":true}]}}