{"id":342389,"date":"2026-01-15T16:14:09","date_gmt":"2026-01-15T16:14:09","guid":{"rendered":"https:\/\/www.europesays.com\/es\/342389\/"},"modified":"2026-01-15T16:14:09","modified_gmt":"2026-01-15T16:14:09","slug":"el-error-que-puede-cometer-arbeloa-con-vinicius-y-ya-cometio-xabi-alonso","status":"publish","type":"post","link":"https:\/\/www.europesays.com\/es\/342389\/","title":{"rendered":"El error que puede cometer Arbeloa con Vinicius y ya cometi\u00f3 Xabi Alonso"},"content":{"rendered":"\n<p>eldesmarque.com 15 ENE 2026 &#8211; 12:01h.<\/p>\n<p>  Compartir  <\/p>\n<p class=\"_container_r6ld5_1 _container_1uguc_1 &#10;    color_eta\">La casa blanca echa humo. La <a href=\"https:\/\/www.eldesmarque.com\/futbol\/copa-del-rey\/20260114\/real-madrid-eliminado-albacete-copa-rey-resultado-resumen-cronica_18_018065793.html#utm_source=cuerpo&amp;utm_medium=articulo\" rel=\"nofollow noopener\" target=\"_blank\">eliminaci\u00f3n del Real Madrid en la Copa del Rey<\/a> a manos del Albacete el d\u00eda del estreno de <strong>\u00c1lvaro Arbeloa<\/strong> solo ha servido para echar m\u00e1s le\u00f1a al fuego si cabe. La situaci\u00f3n en el club es muy <strong>tensa <\/strong>y, m\u00e1s all\u00e1s del banquillo, los focos apuntan a multitud de jugadores y a su rendimiento particular. Uno de los principales <strong>se\u00f1alados <\/strong>desde hace tiempo es<strong> Vinicius Junior<\/strong>, quien sin embargo se llev\u00f3 los <a href=\"https:\/\/www.eldesmarque.com\/futbol\/copa-del-rey\/20260114\/alvaro-arbeloa-albacete-real-madrid-fracaso-jugadores-convocatoria_18_018066172.html#utm_source=cuerpo&amp;utm_medium=articulo\" rel=\"nofollow noopener\" target=\"_blank\">elogios de su nuevo entrenador<\/a> en rueda de prensa.<\/p>\n<p class=\"_container_r6ld5_1 _container_1uguc_1 &#10;    color_eta\">El brasile\u00f1o acumula un a\u00f1o de <strong>reproches <\/strong>y de <strong>cr\u00edticas <\/strong>por su actitud, su rendimiento y su relaci\u00f3n con el cuerpo t\u00e9cnico. Precisamente eso fue uno de los <a href=\"https:\/\/www.eldesmarque.com\/futbol\/copa-del-rey\/20260115\/real-madrid-comparacion-discurso-arbeloa-albacete-xabi-alonso-atletico_18_018066483.html#utm_source=cuerpo&amp;utm_medium=articulo\" rel=\"nofollow noopener\" target=\"_blank\">grandes detonantes del despido de Xabi Alonso<\/a>. El epicentro de toda esta historia tuvo su inicio en el \u00faltimo <strong>Cl\u00e1sico<\/strong>. Vinicius fue sustituido a pocos minutos del final y se march\u00f3 enfadado con Xabi y con una actitud muy reprobable. El m\u00edster no alz\u00f3 la voz para condenar su forma de actuar y genero much\u00edsimo revuelo a su alrededor.<\/p>\n<p>PUEDE INTERESARTE<\/p>\n<p class=\"_container_r6ld5_1 _container_1uguc_1 &#10;    color_eta\">Este pasado mi\u00e9rcoles, en tierras manchegas, las declaraciones de \u00c1lvaro Arbeloa sobre el futbolista carioca   recordaron a lo sucedido aquel d\u00eda. Es cierto que Vinicius fue de los <strong>mejores <\/strong>de su equipo en Albacete, pero partiendo de un rendimiento bastante <strong>pobre<\/strong>. No fue capaz de echarse el equipo a la espalda en los momentos dif\u00edciles y apenas logr\u00f3 marcharse una sola vez del lateral local. Al brasile\u00f1o <strong>se le pide mucho m\u00e1s<\/strong> y volvi\u00f3 a dejar en casa su mejor versi\u00f3n.<\/p>\n<p><img decoding=\"async\" alt=\"Vinicius y Xabi Alonso se saludan en el banquillo.\" class=\"_author_image__full_lbs33_12 _image_thjnc_1\" loading=\"lazy\" title=\"\" src=\"https:\/\/www.europesays.com\/es\/wp-content\/uploads\/2026\/01\/vinicius-xabi-alonsojpg-jpg-16-9-aspect-ratio-default-0_da39.jpg\" width=\"1920\" height=\"1080\"  \/>EFE. eldesmarque.comPUEDE INTERESARTE<\/p>\n<p class=\"_container_r6ld5_1 _container_1uguc_1 &#10;    color_eta\">Estas fueron las declaraciones de Arbeloa sobre Vinicius ante los micr\u00f3fonos. \u00abHa sido positivo, de donde ven\u00eda y sus grandes esfuerzos y un viaje largo, que haya querido estar aqu\u00ed, jugar todos los minutos, la predisposici\u00f3n, echarse al equipo a la espalda. Ese es el Vini que quiero ver. Que se atreve, asume responsabilidad, es desequilibrante. Tendr\u00e1 d\u00edas m\u00e1s o menos brillante, pero <strong>le he visto comprometido y es lo que quiero ver<\/strong>\u00ab.<\/p>\n<p class=\"_container_r6ld5_1 _container_1uguc_1 &#10;    color_eta\">La forma de actuar de Arbeloa en rueda de prensa record\u00f3 a un <strong>error <\/strong>que el madridismo no quiere que vuelva a repetirse. Encauzar a Vinicius es el objetivo que se marca un Arbeloa que no debe caer en el mismo fallo que su hom\u00f3logo.<\/p>\n","protected":false},"excerpt":{"rendered":"eldesmarque.com 15 ENE 2026 &#8211; 12:01h. Compartir La casa blanca echa humo. La eliminaci\u00f3n del Real Madrid en&hellip;\n","protected":false},"author":2,"featured_media":342390,"comment_status":"","ping_status":"","sticky":false,"template":"","format":"standard","meta":{"footnotes":""},"categories":[268],"tags":[168,25,24,280,282,281,23,167],"class_list":{"0":"post-342389","1":"post","2":"type-post","3":"status-publish","4":"format-standard","5":"has-post-thumbnail","7":"category-futbol","8":"tag-deportes","9":"tag-es","10":"tag-espana","11":"tag-football","12":"tag-futbol","13":"tag-soccer","14":"tag-spain","15":"tag-sports"},"share_on_mastodon":{"url":"https:\/\/pubeurope.com\/@es\/115900007321819911","error":""},"_links":{"self":[{"href":"https:\/\/www.europesays.com\/es\/wp-json\/wp\/v2\/posts\/342389","targetHints":{"allow":["GET"]}}],"collection":[{"href":"https:\/\/www.europesays.com\/es\/wp-json\/wp\/v2\/posts"}],"about":[{"href":"https:\/\/www.europesays.com\/es\/wp-json\/wp\/v2\/types\/post"}],"author":[{"embeddable":true,"href":"https:\/\/www.europesays.com\/es\/wp-json\/wp\/v2\/users\/2"}],"replies":[{"embeddable":true,"href":"https:\/\/www.europesays.com\/es\/wp-json\/wp\/v2\/comments?post=342389"}],"version-history":[{"count":0,"href":"https:\/\/www.europesays.com\/es\/wp-json\/wp\/v2\/posts\/342389\/revisions"}],"wp:featuredmedia":[{"embeddable":true,"href":"https:\/\/www.europesays.com\/es\/wp-json\/wp\/v2\/media\/342390"}],"wp:attachment":[{"href":"https:\/\/www.europesays.com\/es\/wp-json\/wp\/v2\/media?parent=342389"}],"wp:term":[{"taxonomy":"category","embeddable":true,"href":"https:\/\/www.europesays.com\/es\/wp-json\/wp\/v2\/categories?post=342389"},{"taxonomy":"post_tag","embeddable":true,"href":"https:\/\/www.europesays.com\/es\/wp-json\/wp\/v2\/tags?post=342389"}],"curies":[{"name":"wp","href":"https:\/\/api.w.org\/{rel}","templated":true}]}}