{"id":342393,"date":"2026-01-15T16:16:07","date_gmt":"2026-01-15T16:16:07","guid":{"rendered":"https:\/\/www.europesays.com\/es\/342393\/"},"modified":"2026-01-15T16:16:07","modified_gmt":"2026-01-15T16:16:07","slug":"exposicion-arde-la-niebla-una-mirada-fotografica-a-la-tragedia-de-la-orquesta-compostela-en-el-puerto-de-orduna","status":"publish","type":"post","link":"https:\/\/www.europesays.com\/es\/342393\/","title":{"rendered":"Exposici\u00f3n &#8216;Arde la niebla&#8217;, una mirada fotogr\u00e1fica a la tragedia de la Orquesta Compostela en el Puerto de Ordu\u00f1a"},"content":{"rendered":"<p>El Museo de Ordu\u00f1a Hiria Museoa acoge hasta el pr\u00f3ximo 6 de abril &#8216;Arde la niebla&#8217;, una propuesta visual de entrada gratuita que invita a  &#8230; recorrer el Puerto de Ordu\u00f1a a trav\u00e9s de la c\u00e1mara del fot\u00f3grafo Endika D\u00edaz desde este viernes a las 19.00 horas. El trabajo toma como punto de partida un episodio tr\u00e1gico ocurrido el 24 de julio de 1962, cuando el microb\u00fas que trasladaba a la Orquesta Compostela a un concierto en la Casa de Galicia de Bilbao se precipit\u00f3 por un barranco de doscientos metros tras salirse de la carretera en la primera curva del puerto. El accidente caus\u00f3 la muerte de cuatro de los m\u00fasicos.<\/p>\n<p class=\"v-p\">La densa niebla que caracteriza habitualmente este enclave fue uno de los factores determinantes del siniestro y se convierte tambi\u00e9n en el eje simb\u00f3lico que da nombre al proyecto. Adem\u00e1s, una carretera localizada a escasos 15 kil\u00f3metros de la casa del autor en el Puerto de Ordu\u00f1a, est\u00e1 considerada un punto negro vial y entre sus muchos tramos destaca la conocida como \u00abLa Curva de los Gallegos\u00bb, sobrenombre del punto en e l que ocurri\u00f3 el suceso. A trav\u00e9s de una serie de im\u00e1genes, el autor retrata el paisaje, los vestigios que a\u00fan permanecen en el entorno y los espacios cercanos al lugar del accidente.<\/p>\n<p class=\"v-p\">Seg\u00fan explica Koldo Badillo, responsable de la Sala de Exposiciones Art\u00edsticas del museo, el proyecto comenz\u00f3 a tomar forma cuando D\u00edaz se acerc\u00f3 a la instituci\u00f3n en busca de asesoramiento. \u00abYo tambi\u00e9n soy fot\u00f3grafo y le hemos ayudado en todo lo posible a desarrollar la idea, con el objetivo final de mostrarla al p\u00fablico, que es lo que haremos ahora\u00bb, se\u00f1ala. Fruto de ese acompa\u00f1amiento, y como consejo de Badillo, surgi\u00f3 tambi\u00e9n la publicaci\u00f3n de un fotolibro con el mismo t\u00edtulo, financiado mediante crowdfunding y que ser\u00e1 presentado junto a la muestra.<\/p>\n<p class=\"v-p\">Aunque D\u00edaz naci\u00f3 en Amurrio, conoci\u00f3 el accidente a trav\u00e9s de su familia materna, de origen gallego. \u00abFue su madre quien le habl\u00f3 de lo ocurrido y a partir de ah\u00ed vio el potencial del relato. Podr\u00eda haberse contado en una novela o en una pel\u00edcula, pero \u00e9l ha optado por narrarlo desde la fotograf\u00eda, que es a lo que se dedica\u00bb, explica Badillo.<\/p>\n<p class=\"v-p\">Desde el museo esperan una buena acogida, aunque reconocen que se trata de una propuesta que puede generar debate. \u00abHay quien dice que no se cuenta exactamente lo que pas\u00f3. La explicaci\u00f3n hist\u00f3rica se dar\u00e1 de forma oral en la inauguraci\u00f3n, pero las im\u00e1genes funcionan de otra manera. No es sencillo ponerse en situaci\u00f3n, y adem\u00e1s hablamos de algo ocurrido hace m\u00e1s de sesenta a\u00f1os, que ya no puede verse tal y como fue\u00bb, apunta el comisario.<\/p>\n<p>\u00abEndika es alguien muy inteligente\u00bb<\/p>\n<p class=\"v-p\">Badillo subraya que el espectador debe implicarse activamente en la lectura del trabajo. \u00abNo se cuenta lo que pas\u00f3, por lo que el espectador tiene que colaborar y meterse en el papel; es un trabajo fotogr\u00e1fico\u00bb. Como fot\u00f3grafo, Badillo admite que \u00abcreo que es sorprendente que un autor tan joven debute con una obra de este nivel. El libro podr\u00eda optar perfectamente a premios especializados; es alguien muy inteligente y muy trabajador\u00bb.<\/p>\n<p class=\"v-p\">La inauguraci\u00f3n contar\u00e1 con una explicaci\u00f3n del propio Endika D\u00edaz y de Koldo Badillo sobre el proceso creativo, tanto de la serie fotogr\u00e1fica como del fotolibro. El acto se completar\u00e1 con una actuaci\u00f3n en directo del m\u00fasico de rock ordu\u00f1\u00e9s Eriz P\u00e9rez. Adem\u00e1s, en el acto de inauguraci\u00f3n \u00abse preguntar\u00e1 a la gente y ah\u00ed probablemente haya personas que vivieron de primera mano la tragedia y contar\u00e1n c\u00f3mo fue aquello\u00bb, afirma Badillo.<\/p>\n<p class=\"v-p\">El trabajo no busca reconstruir los hechos de manera literal, sino proponer una investigaci\u00f3n visual vinculada estrechamente a Ordu\u00f1a y a su memoria colectiva. Badillo subraya que se trata de \u00abuna reflexi\u00f3n fotogr\u00e1fica sobre c\u00f3mo un acontecimiento tr\u00e1gico permanece en la memoria y en el propio territorio\u00bb. Badillo insiste en que no se trata de un documental ni de una narraci\u00f3n hist\u00f3rica convencional. \u00abEs fotograf\u00eda contempor\u00e1nea: una manera personal de observar qu\u00e9 sugiere aquel lugar, hacia d\u00f3nde te lleva y qu\u00e9 permanece\u00bb, se\u00f1ala.<\/p>\n","protected":false},"excerpt":{"rendered":"El Museo de Ordu\u00f1a Hiria Museoa acoge hasta el pr\u00f3ximo 6 de abril &#8216;Arde la niebla&#8217;, una propuesta&hellip;\n","protected":false},"author":2,"featured_media":342394,"comment_status":"","ping_status":"","sticky":false,"template":"","format":"standard","meta":{"footnotes":""},"categories":[173],"tags":[5054,229,233,231,230,49533,232,234,146,147,25,24,2003,18712,7731,67068,50005,35221,4032,23,13077],"class_list":{"0":"post-342393","1":"post","2":"type-post","3":"status-publish","4":"format-standard","5":"has-post-thumbnail","7":"category-arte-y-diseno","8":"tag-arde","9":"tag-arte","10":"tag-arte-y-diseno","11":"tag-arts","12":"tag-arts-and-design","13":"tag-compostela","14":"tag-design","15":"tag-diseno","16":"tag-entertainment","17":"tag-entretenimiento","18":"tag-es","19":"tag-espana","20":"tag-exposicion","21":"tag-fotografica","22":"tag-mirada","23":"tag-niebla","24":"tag-orduna","25":"tag-orquesta","26":"tag-puerto","27":"tag-spain","28":"tag-tragedia"},"share_on_mastodon":{"url":"https:\/\/pubeurope.com\/@es\/115900015127033826","error":""},"_links":{"self":[{"href":"https:\/\/www.europesays.com\/es\/wp-json\/wp\/v2\/posts\/342393","targetHints":{"allow":["GET"]}}],"collection":[{"href":"https:\/\/www.europesays.com\/es\/wp-json\/wp\/v2\/posts"}],"about":[{"href":"https:\/\/www.europesays.com\/es\/wp-json\/wp\/v2\/types\/post"}],"author":[{"embeddable":true,"href":"https:\/\/www.europesays.com\/es\/wp-json\/wp\/v2\/users\/2"}],"replies":[{"embeddable":true,"href":"https:\/\/www.europesays.com\/es\/wp-json\/wp\/v2\/comments?post=342393"}],"version-history":[{"count":0,"href":"https:\/\/www.europesays.com\/es\/wp-json\/wp\/v2\/posts\/342393\/revisions"}],"wp:featuredmedia":[{"embeddable":true,"href":"https:\/\/www.europesays.com\/es\/wp-json\/wp\/v2\/media\/342394"}],"wp:attachment":[{"href":"https:\/\/www.europesays.com\/es\/wp-json\/wp\/v2\/media?parent=342393"}],"wp:term":[{"taxonomy":"category","embeddable":true,"href":"https:\/\/www.europesays.com\/es\/wp-json\/wp\/v2\/categories?post=342393"},{"taxonomy":"post_tag","embeddable":true,"href":"https:\/\/www.europesays.com\/es\/wp-json\/wp\/v2\/tags?post=342393"}],"curies":[{"name":"wp","href":"https:\/\/api.w.org\/{rel}","templated":true}]}}