{"id":342395,"date":"2026-01-15T16:18:08","date_gmt":"2026-01-15T16:18:08","guid":{"rendered":"https:\/\/www.europesays.com\/es\/342395\/"},"modified":"2026-01-15T16:18:08","modified_gmt":"2026-01-15T16:18:08","slug":"tras-el-pinchazo-en-audiencias-de-gonzalo-miro-flich-y-cintora-tve-reorganiza-su-prime-time-del-viernes-con-esta-doble-oferta","status":"publish","type":"post","link":"https:\/\/www.europesays.com\/es\/342395\/","title":{"rendered":"Tras el pinchazo en audiencias de Gonzalo Mir\u00f3, Flich y Cintora, TVE reorganiza su &#8216;prime time&#8217; del viernes con esta doble oferta"},"content":{"rendered":"\n<p> La prueba dur\u00f3 exactamente una semana. Lo que TVE present\u00f3 como un \u201cespecial\u201d con vocaci\u00f3n de abrir una nueva ventana informativa en prime time ha acabado confirmando, una vez m\u00e1s, lo dif\u00edcil que resulta sacar r\u00e9dito al an\u00e1lisis pol\u00edtico en la noche del viernes. <strong>Tras el sonoro pinchazo de <\/strong><a href=\"https:\/\/www.elconfidencial.com\/television\/programas-tv\/2026-01-09\/directo-a-la-gente-gonzalo-miro-jesus-cintora-flich-prime-time-viernes-tve_4280414\/\" target=\"_blank\" rel=\"nofollow noopener\"><strong>Directo a la gente<\/strong><\/a><strong>, La 1 corrige r\u00e1pidamente el rumbo y reorganiza su programaci\u00f3n <\/strong>con una estrategia mucho m\u00e1s conservadora: nostalgia, archivo y cine comercial. <\/p>\n<p> El pasado viernes, la p\u00fablica apost\u00f3 fuerte al reunir a Jes\u00fas Cintora, Marta Flich y Gonzalo Mir\u00f3 en horario estelar, inmediatamente despu\u00e9s del Telediario. El movimiento ten\u00eda lectura editorial y estrat\u00e9gica: testar el tir\u00f3n de tres de los rostros m\u00e1s visibles de la temporada y medir si el infoan\u00e1lisis pod\u00eda funcionar fuera de las tardes. El resultado fue demoledor. <strong>El espacio qued\u00f3 muy lejos de sus competidores y fue superado incluso por Cuatro<\/strong>, un dato especialmente delicado para una cadena generalista que aspira al liderazgo del prime time. <\/p>\n<p> La noche dej\u00f3 un retrato claro del panorama: El desaf\u00edo regres\u00f3 en Antena 3 con su nueva temporada con un s\u00f3lido 17% y m\u00e1s de 1,5 millones de espectadores, \u00a1De viernes! resisti\u00f3 el envite como pudo en Telecinco con un 10,7%, y Cuatro, con cine y First Dates, logr\u00f3 superar a La 1 en varios tramos de la franja.<strong> Un escenario que deja poco margen para insistir en experimentos.<\/strong> <\/p>\n<p> Aunque TVE vendi\u00f3 Directo a la gente como una emisi\u00f3n puntual ligada a la actualidad internacional, nadie duda de que, de haber funcionado, el formato habr\u00eda tenido continuidad. No fue el caso. <strong>El resultado ha sido suficiente para que la cadena p\u00fablica archive la idea y recupere una receta conocida<\/strong>, de bajo riesgo y mejor rendimiento hist\u00f3rico. <\/p>\n<p>                Los tres presentadores de &#8216;Directo a la gente&#8217;. (TVE)            <\/p>\n<p> Este viernes, La 1 opta por una doble apuesta cl\u00e1sica. <strong>A las 21:45 horas emitir\u00e1 una nueva entrega de<\/strong><strong> Viaje al centro de la tele<\/strong><strong>, el formato de archivo <\/strong>que revisita momentos emblem\u00e1ticos de la historia de TVE y que se ha convertido en un comod\u00edn recurrente para cubrir huecos delicados de parrilla. Apenas 25 minutos despu\u00e9s, a las 22:10, el canal recupera el cine como eje del prime time con el inicio de un ciclo dedicado a Misi\u00f3n imposible. <\/p>\n<p> <strong>La primera pel\u00edcula ser\u00e1 <\/strong><strong>Protocolo fantasma<\/strong><strong>, uno de los t\u00edtulos m\u00e1s populares de la saga<\/strong> protagonizada por Tom Cruise, seguida ya en el late night por otra entrega de la franquicia. Una decisi\u00f3n que apunta claramente a la fidelizaci\u00f3n del p\u00fablico masculino-adulto y al consumo lineal tradicional, frente a la volatilidad que sufren los formatos de actualidad en noches tan competitivas. <\/p>\n<p> El giro no es menor. <strong>En apenas siete d\u00edas, TVE pasa de intentar \u201ctorpedear\u201d a <\/strong><strong>El desaf\u00edo <\/strong><strong>con un bloque informativo reforzado a asumir que el viernes sigue siendo territorio hostil<\/strong> para el debate pol\u00edtico en abierto. La reorganizaci\u00f3n confirma, adem\u00e1s, una tendencia cada vez m\u00e1s evidente en la p\u00fablica: cuando el riesgo editorial no se traduce en audiencia, la parrilla se repliega r\u00e1pidamente hacia contenidos de marca segura, aunque no de grand\u00edsimas audiencias. Con este movimiento, sin lugar a dudas, La 1 renuncia a la pelea por el liderazgo, pese a que actualmente se encuentra en una dura batalla con Antena 3 por el mes de enero. <\/p>\n<p> Para Gonzalo Mir\u00f3, Marta Flich y Jes\u00fas Cintora, el pinchazo no afecta a su peso en las tardes, pero s\u00ed cierra \u2014al menos por ahora\u2014 la puerta a una expansi\u00f3n en prime time. Para La 1, la lectura es a\u00fan m\u00e1s clara:<strong> el viernes por la noche sigue pidiendo evasi\u00f3n, espect\u00e1culo o cine reconocible. <\/strong>Y cualquier intento de salirse de ese guion paga un precio inmediato en audiencias. <\/p>\n<p> La prueba dur\u00f3 exactamente una semana. Lo que TVE present\u00f3 como un \u201cespecial\u201d con vocaci\u00f3n de abrir una nueva ventana informativa en prime time ha acabado confirmando, una vez m\u00e1s, lo dif\u00edcil que resulta sacar r\u00e9dito al an\u00e1lisis pol\u00edtico en la noche del viernes. <strong>Tras el sonoro pinchazo de <\/strong><a href=\"https:\/\/www.elconfidencial.com\/television\/programas-tv\/2026-01-09\/directo-a-la-gente-gonzalo-miro-jesus-cintora-flich-prime-time-viernes-tve_4280414\/\" target=\"_blank\" rel=\"nofollow noopener\"><strong>Directo a la gente<\/strong><\/a><strong>, La 1 corrige r\u00e1pidamente el rumbo y reorganiza su programaci\u00f3n <\/strong>con una estrategia mucho m\u00e1s conservadora: nostalgia, archivo y cine comercial. <\/p>\n","protected":false},"excerpt":{"rendered":"La prueba dur\u00f3 exactamente una semana. Lo que TVE present\u00f3 como un \u201cespecial\u201d con vocaci\u00f3n de abrir una&hellip;\n","protected":false},"author":2,"featured_media":342396,"comment_status":"","ping_status":"","sticky":false,"template":"","format":"standard","meta":{"footnotes":""},"categories":[171],"tags":[146,147,25,24,23,214],"class_list":{"0":"post-342395","1":"post","2":"type-post","3":"status-publish","4":"format-standard","5":"has-post-thumbnail","7":"category-tv","8":"tag-entertainment","9":"tag-entretenimiento","10":"tag-es","11":"tag-espana","12":"tag-spain","13":"tag-tv"},"share_on_mastodon":{"url":"https:\/\/pubeurope.com\/@es\/115900023073381731","error":""},"_links":{"self":[{"href":"https:\/\/www.europesays.com\/es\/wp-json\/wp\/v2\/posts\/342395","targetHints":{"allow":["GET"]}}],"collection":[{"href":"https:\/\/www.europesays.com\/es\/wp-json\/wp\/v2\/posts"}],"about":[{"href":"https:\/\/www.europesays.com\/es\/wp-json\/wp\/v2\/types\/post"}],"author":[{"embeddable":true,"href":"https:\/\/www.europesays.com\/es\/wp-json\/wp\/v2\/users\/2"}],"replies":[{"embeddable":true,"href":"https:\/\/www.europesays.com\/es\/wp-json\/wp\/v2\/comments?post=342395"}],"version-history":[{"count":0,"href":"https:\/\/www.europesays.com\/es\/wp-json\/wp\/v2\/posts\/342395\/revisions"}],"wp:featuredmedia":[{"embeddable":true,"href":"https:\/\/www.europesays.com\/es\/wp-json\/wp\/v2\/media\/342396"}],"wp:attachment":[{"href":"https:\/\/www.europesays.com\/es\/wp-json\/wp\/v2\/media?parent=342395"}],"wp:term":[{"taxonomy":"category","embeddable":true,"href":"https:\/\/www.europesays.com\/es\/wp-json\/wp\/v2\/categories?post=342395"},{"taxonomy":"post_tag","embeddable":true,"href":"https:\/\/www.europesays.com\/es\/wp-json\/wp\/v2\/tags?post=342395"}],"curies":[{"name":"wp","href":"https:\/\/api.w.org\/{rel}","templated":true}]}}