{"id":342397,"date":"2026-01-15T16:19:13","date_gmt":"2026-01-15T16:19:13","guid":{"rendered":"https:\/\/www.europesays.com\/es\/342397\/"},"modified":"2026-01-15T16:19:13","modified_gmt":"2026-01-15T16:19:13","slug":"celine-dion-recordo-a-su-fallecido-esposo-rene-angelil-a-una-decada-de-su-partida-diez-anos-sin-tus-caricias","status":"publish","type":"post","link":"https:\/\/www.europesays.com\/es\/342397\/","title":{"rendered":"C\u00e9line Dion record\u00f3 a su fallecido esposo Ren\u00e9 Ang\u00e9lil a una d\u00e9cada de su partida: \u201cDiez a\u00f1os sin tus caricias\u201d"},"content":{"rendered":"<p><img alt=\"La relaci\u00f3n entre C\u00e9line Dion\" class=\"global-image\" decoding=\"async\" fetchpriority=\"high\" height=\"1080\" loading=\"eager\" src=\"https:\/\/www.europesays.com\/es\/wp-content\/uploads\/2026\/01\/N747KUPZ7FDEPISFL5NWJSUF54.jpg\" width=\"1920\"\/>La relaci\u00f3n entre C\u00e9line Dion y Ren\u00e9 Ang\u00e9lil comenz\u00f3 cuando ella ten\u00eda 12 a\u00f1os y le envi\u00f3 una grabaci\u00f3n a trav\u00e9s de su hermano (Instagram\/@celinedion\/REUTERS)<\/p>\n<p class=\"paragraph\"><a href=\"https:\/\/www.infobae.com\/entretenimiento\/2025\/12\/24\/celine-dion-recrea-escena-de-el-grinch-mientras-canta-all-by-myself\/\" target=\"_blank\" rel=\"noreferrer nofollow noopener\" title=\"https:\/\/www.infobae.com\/entretenimiento\/2025\/12\/24\/celine-dion-recrea-escena-de-el-grinch-mientras-canta-all-by-myself\/\">C\u00e9line Dion<\/a> y sus hijos recuerdan a <b>Ren\u00e9 Ang\u00e9lil<\/b> en su vida diaria, a casi diez a\u00f1os de su fallecimiento.<\/p>\n<p class=\"paragraph\">La cantante de 57 a\u00f1os comparti\u00f3 en redes sociales una imagen de Ang\u00e9lil junto a un mensaje en el que, junto a sus hijos <b>Ren\u00e9-Charles, Nelson y Eddy<\/b>, expres\u00f3 que han pasado \u201cdiez a\u00f1os sin tu caricia, y sin embargo cada d\u00eda siento tu toque\u201d.<\/p>\n<p class=\"paragraph\">Y continu\u00f3 en el mensaje: \u201cTe extra\u00f1amos m\u00e1s de lo que podemos soportar, pero nos ense\u00f1aste a ser fuertes\u201d.<\/p>\n<p class=\"paragraph\">La relaci\u00f3n entre Dion y Ang\u00e9lil comenz\u00f3 mucho antes de que la artista obtuviera fama internacional. A los 12 a\u00f1os, la artista conoci\u00f3 al productor musical luego de enviarle una grabaci\u00f3n a trav\u00e9s de su hermano.<\/p>\n<p class=\"paragraph\">En palabras de Dion a People, mientras cantaba \u201c<b>\u00e9l empez\u00f3 a llorar<\/b>. Supe entonces que hab\u00eda hecho un buen trabajo\u201d.<\/p>\n<p><img alt=\"La cantante y sus hijos\" class=\"global-image\" decoding=\"async\" fetchpriority=\"low\" height=\"864\" loading=\"lazy\" src=\"https:\/\/www.europesays.com\/es\/wp-content\/uploads\/2026\/01\/3SIBHXECMJC7HO5L35XHOP2LGM.jpg\" width=\"1200\"\/>La cantante y sus hijos recuerdan diariamente a Ren\u00e9 Ang\u00e9lil, a casi diez a\u00f1os de su fallecimiento, con emotivos homenajes en redes sociales (Instagram\/@celinedion)<\/p>\n<p class=\"paragraph\">Ang\u00e9lil hipotec\u00f3 su casa para financiar el primer disco de Dion, convencido de su potencial como estrella.<\/p>\n<p class=\"paragraph\">Su v\u00ednculo profesional se transform\u00f3 con el tiempo. Cuando la cantante cumpli\u00f3 19 a\u00f1os, ambos iniciaron un romance, que mantuvieron en reserva durante varios a\u00f1os.<\/p>\n<p class=\"paragraph\">Dion relat\u00f3 en sus memorias que cuando se tiene amor \u201cquieres gritarlo al mundo\u201d, evocando el temor inicial ante la reacci\u00f3n p\u00fablica.<\/p>\n<p class=\"paragraph\">En 1993, la pareja anunci\u00f3 su compromiso y un a\u00f1o despu\u00e9s celebr\u00f3 una boda en la bas\u00edlica de Notre-Dame de Montreal.<\/p>\n<p class=\"paragraph\">Adem\u00e1s de los momentos felices, enfrentaron dificultades. El diagn\u00f3stico de <b>c\u00e1ncer de garganta <\/b>de Ang\u00e9lil en 1998 llev\u00f3 a Dion a suspender su carrera para cuidarlo.<\/p>\n<p><img alt=\"Ren\u00e9 Ang\u00e9lil hipotec\u00f3 su casa\" class=\"global-image\" decoding=\"async\" fetchpriority=\"low\" height=\"924\" loading=\"lazy\" src=\"https:\/\/www.europesays.com\/es\/wp-content\/uploads\/2026\/01\/LBM2BT73CJHZNOJKBXO4WK6KVU.jpg\" width=\"1400\"\/>Ren\u00e9 Ang\u00e9lil hipotec\u00f3 su casa para apoyar el primer disco de C\u00e9line Dion, iniciando as\u00ed una de las carreras m\u00e1s exitosas de la m\u00fasica internacional (Instagram\/@celinedion)<\/p>\n<p class=\"paragraph\">Tras superar la enfermedad, renovaron sus votos en Las Vegas en una ceremonia inspirada en Las mil y una noches.<\/p>\n<p class=\"paragraph\">Dion regres\u00f3 luego a los escenarios y anunci\u00f3 su residencia en el Caesars Palace, que la mantuvo vinculada a la ciudad por a\u00f1os.<\/p>\n<p class=\"paragraph\">El nacimiento de sus hijos fue otro momento importante. Tras tratamientos de fertilidad, Dion y Ang\u00e9lil recibieron a Ren\u00e9-Charles en 2001 y, tras varios intentos, a los gemelos Nelson y Eddy en 2010.<\/p>\n<p class=\"paragraph\">Los nombres elegidos rinden homenaje a figuras relevantes en la vida de la pareja, como Nelson Mandela y el productor franc\u00e9s Eddy Marnay.<\/p>\n<p class=\"paragraph\">El c\u00e1ncer volvi\u00f3 en 2014, y Dion decidi\u00f3 detener su carrera para acompa\u00f1ar a Ang\u00e9lil.<\/p>\n<p><img alt=\"La pareja tuvo tres hijos\" class=\"global-image\" decoding=\"async\" fetchpriority=\"low\" height=\"833\" loading=\"lazy\" src=\"https:\/\/www.europesays.com\/es\/wp-content\/uploads\/2026\/01\/WEAPI4R7WFDMPM4NLOCFFRHO6Q.png\" width=\"912\"\/>La pareja tuvo tres hijos tras varios tratamientos de fertilidad, eligiendo nombres que homenajean figuras importantes para la familia (Instagram)<\/p>\n<p class=\"paragraph\">En una entrevista con USA Today, la cantante relat\u00f3 el proceso de preparar a su esposo para el final y explic\u00f3 que \u201cmi mayor trabajo es decirle a mi esposo: Estamos bien, cuidar\u00e9 de los ni\u00f1os\u201d.<\/p>\n<p class=\"paragraph\"><b>Ren\u00e9 Ang\u00e9lil <\/b>falleci\u00f3 en enero de 2016, dos d\u00edas antes de cumplir 74 a\u00f1os. La p\u00e9rdida fue a\u00fan mayor para Dion, quien perdi\u00f3 a su hermano Daniel por un c\u00e1ncer similar apenas dos d\u00edas despu\u00e9s.<\/p>\n<p class=\"paragraph\">A pesar del dolor, la cantante regres\u00f3 pronto a los escenarios, convencida de que su carrera era el mayor legado de Ang\u00e9lil.<\/p>\n<p class=\"paragraph\">Seg\u00fan expres\u00f3 a People, comprendi\u00f3 que su carrera era, en cierto modo, <b>\u201csu obra maestra\u201d <\/b>y dejarla inconclusa le habr\u00eda dolido.<\/p>\n<p class=\"paragraph\">La presencia de Ang\u00e9lil se mantuvo en la rutina familiar. Dion relat\u00f3 que, antes de cada presentaci\u00f3n, sacud\u00eda la mano de su esposo y tocaba madera con \u00e9l, seg\u00fan declar\u00f3 a la revista Stellar.<\/p>\n<p><img alt=\"A pesar de la muerte\" class=\"global-image\" decoding=\"async\" fetchpriority=\"low\" height=\"2078\" loading=\"lazy\" src=\"https:\/\/www.europesays.com\/es\/wp-content\/uploads\/2026\/01\/BRSTSC3QAACDVX4JVY26RT3KGQ.jpg\" width=\"1166\"\/>A pesar de la muerte de Ren\u00e9 Ang\u00e9lil en 2016, C\u00e9line Dion asegura que sigue unida a \u00e9l, manteniendo su recuerdo presente en la vida familiar y profesional (Instagram\/Celine Dion via REUTERS)<\/p>\n<p class=\"paragraph\">Durante su residencia en Las Vegas, dej\u00f3 vac\u00edo el asiento que Ang\u00e9lil ocupaba tras la mesa de sonido como homenaje.<\/p>\n<p class=\"paragraph\">Adem\u00e1s, cada aniversario, Dion public\u00f3 tributos en sus redes sociales. En enero de 2025, para lo que habr\u00eda sido el cumplea\u00f1os 83 de Ang\u00e9lil, Dion escribi\u00f3 que \u201cno pasa un solo d\u00eda sin que celebremos la vida contigo. Eres parte de nosotros en cada memoria que atesoramos\u201d, mensaje que comparti\u00f3 junto a sus hijos.<\/p>\n<p class=\"paragraph\">A pesar del tiempo, Dion afirm\u00f3 que sigui\u00f3 unida a Ren\u00e9 Ang\u00e9lil. La artista, diagnosticada en 2022 con el s\u00edndrome de la persona r\u00edgida, sostuvo: \u201c<b>A\u00fan estoy casada con Ren\u00e9. Sigue siendo mi esposo<\/b>. Cuando viajamos para mis tratamientos, siempre llevo fotos de \u00e9l\u201d.<\/p>\n<p class=\"paragraph\">La familia mantuvo im\u00e1genes de Ang\u00e9lil repartidas por toda la casa, conservando su recuerdo como una presencia constante.<\/p>\n<p class=\"paragraph\"><b>C\u00e9line Dion<\/b> resumi\u00f3 el legado de Ang\u00e9lil en una frase dirigida a sus hijos, al afirmar que \u201cnos ense\u00f1\u00f3 a ser fuertes\u201d.<\/p>\n","protected":false},"excerpt":{"rendered":"La relaci\u00f3n entre C\u00e9line Dion y Ren\u00e9 Ang\u00e9lil comenz\u00f3 cuando ella ten\u00eda 12 a\u00f1os y le envi\u00f3 una&hellip;\n","protected":false},"author":2,"featured_media":342398,"comment_status":"","ping_status":"","sticky":false,"template":"","format":"standard","meta":{"footnotes":""},"categories":[170],"tags":[146,147,25,24,184,185,23],"class_list":{"0":"post-342397","1":"post","2":"type-post","3":"status-publish","4":"format-standard","5":"has-post-thumbnail","7":"category-musica","8":"tag-entertainment","9":"tag-entretenimiento","10":"tag-es","11":"tag-espana","12":"tag-music","13":"tag-musica","14":"tag-spain"},"share_on_mastodon":{"url":"https:\/\/pubeurope.com\/@es\/115900027218131151","error":""},"_links":{"self":[{"href":"https:\/\/www.europesays.com\/es\/wp-json\/wp\/v2\/posts\/342397","targetHints":{"allow":["GET"]}}],"collection":[{"href":"https:\/\/www.europesays.com\/es\/wp-json\/wp\/v2\/posts"}],"about":[{"href":"https:\/\/www.europesays.com\/es\/wp-json\/wp\/v2\/types\/post"}],"author":[{"embeddable":true,"href":"https:\/\/www.europesays.com\/es\/wp-json\/wp\/v2\/users\/2"}],"replies":[{"embeddable":true,"href":"https:\/\/www.europesays.com\/es\/wp-json\/wp\/v2\/comments?post=342397"}],"version-history":[{"count":0,"href":"https:\/\/www.europesays.com\/es\/wp-json\/wp\/v2\/posts\/342397\/revisions"}],"wp:featuredmedia":[{"embeddable":true,"href":"https:\/\/www.europesays.com\/es\/wp-json\/wp\/v2\/media\/342398"}],"wp:attachment":[{"href":"https:\/\/www.europesays.com\/es\/wp-json\/wp\/v2\/media?parent=342397"}],"wp:term":[{"taxonomy":"category","embeddable":true,"href":"https:\/\/www.europesays.com\/es\/wp-json\/wp\/v2\/categories?post=342397"},{"taxonomy":"post_tag","embeddable":true,"href":"https:\/\/www.europesays.com\/es\/wp-json\/wp\/v2\/tags?post=342397"}],"curies":[{"name":"wp","href":"https:\/\/api.w.org\/{rel}","templated":true}]}}