{"id":342405,"date":"2026-01-15T16:23:10","date_gmt":"2026-01-15T16:23:10","guid":{"rendered":"https:\/\/www.europesays.com\/es\/342405\/"},"modified":"2026-01-15T16:23:10","modified_gmt":"2026-01-15T16:23:10","slug":"andy-vuelve-a-la-carga-contra-lucas-en-plena-chirigota-del-carnaval-de-cadiz-han-acabado-los-dos-a-pinas","status":"publish","type":"post","link":"https:\/\/www.europesays.com\/es\/342405\/","title":{"rendered":"Andy vuelve a la carga contra Lucas en plena chirigota del Carnaval de C\u00e1diz: \u201cHan acabado los dos a pi\u00f1as\u201d"},"content":{"rendered":"<p class=\"\">Andy y Lucas pusieron fin a su aventura como d\u00fao musical el pasado 10 de octubre de 2025<b> <\/b>con un multitudinario concierto en el Palacio Vistalegre de Madrid donde se evidenci\u00f3 una vez m\u00e1s la mala relaci\u00f3n entre ellos. Tras dejar una importante huella en las principales listas de \u00e9xitos durante la d\u00e9cada de los 2000,<b> Andy Morales y Lucas Gonz\u00e1lez separaron sus caminos entre un sinf\u00edn de pol\u00e9micas <\/b>que todav\u00eda contin\u00faan dando que hablar.<\/p>\n<p class=\"\">Y es que Andy, que recientemente se ha lanzado como solista con su single \u2018Marioneta\u2019, <b>devuelve a Andy y Lucas a la primera l\u00ednea de actualidad <\/b>a ra\u00edz de su participaci\u00f3n en el Carnaval de C\u00e1diz de la mano de la comparsa \u2018El desguace\u2019. El cantante gaditano se subi\u00f3 al escenario del Teatro Falla para emocionar al p\u00fablico y tambi\u00e9n hacer referencias a la supuesta pelea en la que habr\u00eda llegado a las manos con su excompa\u00f1ero durante la gira de despedida.<\/p>\n<p>Andy se acuerda de Lucas en el Carnaval de C\u00e1diz<\/p>\n<p class=\"\"><b>\u201cPues el Andy ha estado 20 a\u00f1os as\u00ed con el Lucas y han acabado los dos a pi\u00f1as\u201d<\/b>, enton\u00f3 la agrupaci\u00f3n desatando una carcajada un\u00e1nime entre los asistentes que no dudaron en aplaudir la picaresca de la chirigota. <\/p>\n<p class=\"\">Por si no fuera poco, desde Diario de C\u00e1diz recogen que esta no fue la \u00fanica referencia al d\u00fao musical durante la jornada ya que la chirigota de Los Hombres de Paco tambi\u00e9n hizo referencia a ellos. <b>\u201cSobre esto dijeron que m\u00e1s fr\u00edo que all\u00ed iba a quedarse Lucas mientras escuchaba la comparta en la que act\u00faa Andy\u201d<\/b>, se puede leer en el citado medio.<\/p>\n<p>Noticias relacionadas<a href=\"https:\/\/as.com\/tikitakas\/famosos\/pillan-a-rosalia-con-la-modelo-loli-bahia-las-imagenes-que-confirmarian-su-romance-f202601-n\/\" class=\"s_m_w\" title=\"La catalana y la francesa contin\u00faan avivando los rumores de un posible idilio entre ellas tras varios d\u00edas juntas en Brasil. \" data-tb-link=\"\" rel=\"nofollow noopener\" target=\"_blank\"><img decoding=\"async\" src=\"https:\/\/www.europesays.com\/es\/wp-content\/uploads\/2026\/01\/M7JI46Y4ABGJZFLSUAYNXD27FQ.jpg\" alt=\"Pillan a Rosal\u00eda con la modelo Loli Bahia: las im\u00e1genes que confirmar\u00edan su romance\" class=\"\" height=\"9\" width=\"16\"   loading=\"lazy\" data-tb-thumbnail=\"\"\/><\/a><a href=\"https:\/\/as.com\/tikitakas\/television\/kiko-hernandez-carga-como-nunca-contra-jorge-javier-vazquez-y-advierte-deja-de-llamar-para-que-no-lo-haga-f202601-n\/\" class=\"s_m_w\" title=\"El colaborador de televisi\u00f3n toma la palabra en sus redes sociales para lanzar un mensaje muy serio al presentador de Mediaset.\" data-tb-link=\"\" rel=\"nofollow noopener\" target=\"_blank\"><img decoding=\"async\" src=\"https:\/\/www.europesays.com\/es\/wp-content\/uploads\/2026\/01\/JPU5E3XTABDXHNANETWLTVGFFY.jpg\" alt=\"Kiko Hern\u00e1ndez carga como nunca contra Jorge Javier V\u00e1zquez y advierte: \u201cDeja de llamar para que no lo haga\u201d\" class=\"\" height=\"9\" width=\"16\"   loading=\"lazy\" data-tb-thumbnail=\"\"\/><\/a><\/p>\n<p class=\"\">Durante toda su puesta en escena, Andy disfrut\u00f3 como el que m\u00e1s, evidenciando que <b>atraviesa una de sus etapas m\u00e1s plenas <\/b>tanto en lo personal como en lo profesional. \u201cMuy liberado de todo, muy contento, muy feliz (&#8230;) Estoy haciendo lo m\u00edo laboral y profesionalmente\u201d, declar\u00f3 el cantante.<\/p>\n<p class=\"\"><b>\u00a1Tus opiniones importan!<\/b> Comenta en los art\u00edculos y suscr\u00edbete gratis a nuestra <a href=\"https:\/\/asfan.as.com\/newsletters\/\" target=\"_blank\" rel=\"nofollow noopener\" title=\"https:\/\/asfan.as.com\/newsletters\/\">newsletter<\/a> y a las alertas informativas en la <a href=\"https:\/\/as.com\/aplicacion-de-as-n\/\" target=\"_blank\" rel=\"nofollow noopener\" title=\"https:\/\/as.com\/aplicacion-de-as-n\/\">App<\/a> o el canal de <a href=\"https:\/\/www.whatsapp.com\/channel\/0029VaAasdA7j6g745nz9M10\" target=\"_blank\" rel=\"nofollow noopener\" title=\"https:\/\/www.whatsapp.com\/channel\/0029VaAasdA7j6g745nz9M10\">WhatsApp<\/a>. \u00bfBuscas licenciar contenido? Haz clic <a href=\"https:\/\/profesional.elpais.com\/soluciones-sindicacion?utm_medium=interno&amp;utm_source=crosslinking&amp;utm_campaign=sindicacion_as_pie_articulos\" target=\"_blank\" rel=\"nofollow noopener\" title=\"https:\/\/profesional.elpais.com\/soluciones-sindicacion?utm_medium=interno&amp;utm_source=crosslinking&amp;utm_campaign=sindicacion_as_pie_articulos\">aqu\u00ed<\/a><\/p>\n","protected":false},"excerpt":{"rendered":"Andy y Lucas pusieron fin a su aventura como d\u00fao musical el pasado 10 de octubre de 2025&hellip;\n","protected":false},"author":2,"featured_media":342406,"comment_status":"","ping_status":"","sticky":false,"template":"","format":"standard","meta":{"footnotes":""},"categories":[91],"tags":[146,147,25,24,23],"class_list":{"0":"post-342405","1":"post","2":"type-post","3":"status-publish","4":"format-standard","5":"has-post-thumbnail","7":"category-entretenimiento","8":"tag-entertainment","9":"tag-entretenimiento","10":"tag-es","11":"tag-espana","12":"tag-spain"},"share_on_mastodon":{"url":"https:\/\/pubeurope.com\/@es\/115900042903443738","error":""},"_links":{"self":[{"href":"https:\/\/www.europesays.com\/es\/wp-json\/wp\/v2\/posts\/342405","targetHints":{"allow":["GET"]}}],"collection":[{"href":"https:\/\/www.europesays.com\/es\/wp-json\/wp\/v2\/posts"}],"about":[{"href":"https:\/\/www.europesays.com\/es\/wp-json\/wp\/v2\/types\/post"}],"author":[{"embeddable":true,"href":"https:\/\/www.europesays.com\/es\/wp-json\/wp\/v2\/users\/2"}],"replies":[{"embeddable":true,"href":"https:\/\/www.europesays.com\/es\/wp-json\/wp\/v2\/comments?post=342405"}],"version-history":[{"count":0,"href":"https:\/\/www.europesays.com\/es\/wp-json\/wp\/v2\/posts\/342405\/revisions"}],"wp:featuredmedia":[{"embeddable":true,"href":"https:\/\/www.europesays.com\/es\/wp-json\/wp\/v2\/media\/342406"}],"wp:attachment":[{"href":"https:\/\/www.europesays.com\/es\/wp-json\/wp\/v2\/media?parent=342405"}],"wp:term":[{"taxonomy":"category","embeddable":true,"href":"https:\/\/www.europesays.com\/es\/wp-json\/wp\/v2\/categories?post=342405"},{"taxonomy":"post_tag","embeddable":true,"href":"https:\/\/www.europesays.com\/es\/wp-json\/wp\/v2\/tags?post=342405"}],"curies":[{"name":"wp","href":"https:\/\/api.w.org\/{rel}","templated":true}]}}