{"id":342409,"date":"2026-01-15T16:25:08","date_gmt":"2026-01-15T16:25:08","guid":{"rendered":"https:\/\/www.europesays.com\/es\/342409\/"},"modified":"2026-01-15T16:25:08","modified_gmt":"2026-01-15T16:25:08","slug":"del-control-de-vertidos-a-la-gestion-predictiva-del-saneamiento-mediante-la-digitalizacion","status":"publish","type":"post","link":"https:\/\/www.europesays.com\/es\/342409\/","title":{"rendered":"Del control de vertidos a la gesti\u00f3n predictiva del saneamiento mediante la digitalizaci\u00f3n"},"content":{"rendered":"<p>La introducci\u00f3n de Molina sirvi\u00f3 para situar esta visi\u00f3n en un contexto amplio, donde la digitalizaci\u00f3n aparece como respuesta a exigencias normativas crecientes, a la necesidad de resiliencia frente a eventos clim\u00e1ticos extremos y a la complejidad operativa de redes cada vez m\u00e1s extensas. En paralelo, la intervenci\u00f3n de Roca aterriz\u00f3 ese marco estrat\u00e9gico en un caso concreto: el <strong>despliegue del PERTE de depuraci\u00f3n y saneamiento en la Comunitat Valenciana<\/strong>, con cifras, retos y aprendizajes asociados a su ejecuci\u00f3n.<\/p>\n<p>Experiencia y enfoque integral en la digitalizaci\u00f3n del agua<\/p>\n<p>Albert Molina inici\u00f3 su intervenci\u00f3n con una actualizaci\u00f3n sobre la evoluci\u00f3n de Adasa, una trayectoria de m\u00e1s de tres d\u00e9cadas vinculada exclusivamente al ciclo del agua. Esa especializaci\u00f3n ha permitido a la compa\u00f1\u00eda desarrollar un portfolio integral que cubre desde la consultor\u00eda y la ingenier\u00eda hasta la operaci\u00f3n, el mantenimiento y el desarrollo de plataformas digitales, integrando tanto tecnolog\u00edas OT como IT.<\/p>\n<p>Uno de los mensajes centrales fue la importancia de <strong>entender la digitalizaci\u00f3n como un proceso que abarca todo el ciclo de vida del dato<\/strong>. Desde la captaci\u00f3n en campo mediante sens\u00f3rica hasta su conversi\u00f3n en indicadores y modelos anal\u00edticos, cada fase presenta riesgos y decisiones de dise\u00f1o que condicionan el resultado final. En este sentido, la experiencia en operaci\u00f3n y mantenimiento se present\u00f3 como un elemento clave para dise\u00f1ar soluciones sostenibles en el tiempo.<\/p>\n<p>En la estrategia espec\u00edfica para depuraci\u00f3n y saneamiento, Molina situ\u00f3 el cumplimiento normativo como punto de partida, seguido de la resiliencia clim\u00e1tica, la optimizaci\u00f3n operativa, la gobernanza del dato y la preparaci\u00f3n para la reutilizaci\u00f3n. Todo ello apoyado en principios transversales como el agnosticismo tecnol\u00f3gico y la ciberseguridad incorporada desde el dise\u00f1o.<\/p>\n<p>Escalar la digitalizaci\u00f3n: el PERTE como banco de pruebas<\/p>\n<p>El segundo bloque de la intervenci\u00f3n se centr\u00f3 en la contribuci\u00f3n de Adasa a los proyectos del PERTE de depuraci\u00f3n y saneamiento. Molina expuso la magnitud del reto desde una perspectiva industrial y operativa: cientos de EDAR digitalizadas, miles de sensores desplegados, armarios de control intervenidos y la integraci\u00f3n simult\u00e1nea de varias plataformas digitales en plazos muy ajustados.<\/p>\n","protected":false},"excerpt":{"rendered":"La introducci\u00f3n de Molina sirvi\u00f3 para situar esta visi\u00f3n en un contexto amplio, donde la digitalizaci\u00f3n aparece como&hellip;\n","protected":false},"author":2,"featured_media":342410,"comment_status":"","ping_status":"","sticky":false,"template":"","format":"standard","meta":{"footnotes":""},"categories":[80],"tags":[77863,5051,77859,82,77860,77864,95,94,77858,25,24,77861,77867,77857,77865,77866,77862,23],"class_list":{"0":"post-342409","1":"post","2":"type-post","3":"status-publish","4":"format-standard","5":"has-post-thumbnail","7":"category-economia","8":"tag-abastecimiento-agua","9":"tag-agua","10":"tag-blogs-de-agua","11":"tag-business","12":"tag-cursos-de-agua","13":"tag-depuracion-agua","14":"tag-economia","15":"tag-economy","16":"tag-empresas-de-agua","17":"tag-es","18":"tag-espana","19":"tag-eventos-sobre-agua","20":"tag-informacion-agua","21":"tag-noticias-de-agua","22":"tag-reutilizacion-agua","23":"tag-revista-sobre-agua","24":"tag-saneamiento-agua","25":"tag-spain"},"share_on_mastodon":{"url":"https:\/\/pubeurope.com\/@es\/115900050669090168","error":""},"_links":{"self":[{"href":"https:\/\/www.europesays.com\/es\/wp-json\/wp\/v2\/posts\/342409","targetHints":{"allow":["GET"]}}],"collection":[{"href":"https:\/\/www.europesays.com\/es\/wp-json\/wp\/v2\/posts"}],"about":[{"href":"https:\/\/www.europesays.com\/es\/wp-json\/wp\/v2\/types\/post"}],"author":[{"embeddable":true,"href":"https:\/\/www.europesays.com\/es\/wp-json\/wp\/v2\/users\/2"}],"replies":[{"embeddable":true,"href":"https:\/\/www.europesays.com\/es\/wp-json\/wp\/v2\/comments?post=342409"}],"version-history":[{"count":0,"href":"https:\/\/www.europesays.com\/es\/wp-json\/wp\/v2\/posts\/342409\/revisions"}],"wp:featuredmedia":[{"embeddable":true,"href":"https:\/\/www.europesays.com\/es\/wp-json\/wp\/v2\/media\/342410"}],"wp:attachment":[{"href":"https:\/\/www.europesays.com\/es\/wp-json\/wp\/v2\/media?parent=342409"}],"wp:term":[{"taxonomy":"category","embeddable":true,"href":"https:\/\/www.europesays.com\/es\/wp-json\/wp\/v2\/categories?post=342409"},{"taxonomy":"post_tag","embeddable":true,"href":"https:\/\/www.europesays.com\/es\/wp-json\/wp\/v2\/tags?post=342409"}],"curies":[{"name":"wp","href":"https:\/\/api.w.org\/{rel}","templated":true}]}}