{"id":342411,"date":"2026-01-15T16:26:09","date_gmt":"2026-01-15T16:26:09","guid":{"rendered":"https:\/\/www.europesays.com\/es\/342411\/"},"modified":"2026-01-15T16:26:09","modified_gmt":"2026-01-15T16:26:09","slug":"paises-europeos-envian-mision-militar-a-groenlandia","status":"publish","type":"post","link":"https:\/\/www.europesays.com\/es\/342411\/","title":{"rendered":"Pa\u00edses europeos env\u00edan misi\u00f3n militar a Groenlandia"},"content":{"rendered":"<p><a class=\"internal-link\" href=\"https:\/\/www.dw.com\/es\/francia-se-suma-a-misi\u00f3n-militar-europea-en-groenlandia\/a-75510819\" rel=\"nofollow noopener\" target=\"_blank\">Francia<\/a>, <a class=\"internal-link\" href=\"https:\/\/www.dw.com\/es\/suecia-anuncia-env\u00edo-de-militares-a-groenlandia\/a-75508453\" rel=\"nofollow noopener\" target=\"_blank\">Suecia<\/a>, Alemania y Noruega anunciaron el mi\u00e9rcoles (14.01.2026) que desplegar\u00e1n personal militar en <a class=\"internal-link\" href=\"https:\/\/www.dw.com\/es\/groenlandia\/t-46606307\" rel=\"nofollow noopener\" target=\"_blank\">Groenlandia<\/a> para una misi\u00f3n de reconocimiento que, seg\u00fan una fuente del Ministerio de Defensa franc\u00e9s, se inscribe en el marco del ejercicio dan\u00e9s \u00abArctic Endurance\u00bb.<\/p>\n<p>\u00abLas primeras unidades militares francesas ya est\u00e1n en camino. Otras les seguir\u00e1n\u00bb, precis\u00f3 en la red social X el presidente franc\u00e9s, <a class=\"internal-link\" href=\"https:\/\/www.dw.com\/es\/macron-emmanuel\/t-36416700\" rel=\"nofollow noopener\" target=\"_blank\">Emmanuel Macron<\/a>, que <a class=\"internal-link\" href=\"https:\/\/www.dw.com\/es\/macron-advierte-a-ee-uu-de-consecuencias-in\u00e9ditas-si-viola-soberan\u00eda-de-groenlandia\/a-75503922\" rel=\"nofollow noopener\" target=\"_blank\">advirti\u00f3 la v\u00edspera<\/a> contra las pretensiones anexionistas del presidente estadounidense, Donald Trump.<\/p>\n<blockquote class=\"tweet embed\" data-id=\"2011578747791819017\"\/>\n<p>Francia enviar\u00e1 m\u00e1s \u00abmedios terrestres, a\u00e9reos y mar\u00edtimos\u00bb a Groenlandia en los \u00abpr\u00f3ximos d\u00edas\u00bb, que se sumar\u00e1n a la quincena de militares que llegaron hoy para participar en la misi\u00f3n europea ante las amenazas lanzadas por\u00a0Trump, confirm\u00f3\u00a0Macron m\u00e1s tarde.<\/p>\n<p>\u00abFrancia y los europeos deben seguir estando presentes all\u00ed donde sus intereses est\u00e9n amenazados, sin escalada, pero inflexibles en el respeto de la soberan\u00eda territorial\u00bb, dijo el presidente franc\u00e9s, en un discurso ante las Fuerzas Armadas en Istres, en el sureste del pa\u00eds.<\/p>\n<p>Alemania apunta a Rusia y China, no a EE. UU.<\/p>\n<p>La misi\u00f3n europea llega a\u00a0Groenlandia\u00a0\u00abcon vistas a posibles contribuciones militares destinadas a apoyar a Dinamarca en la garant\u00eda de la seguridad en la regi\u00f3n, por ejemplo, en el \u00e1mbito de las capacidades de vigilancia mar\u00edtima\u00bb, explic\u00f3 el Ministerio de Defensa alem\u00e1n.<\/p>\n<p>Esta \u00abexploraci\u00f3n de Groenlandia\u00bb tendr\u00e1 lugar de jueves a s\u00e1bado, explic\u00f3, y a\u00f1adi\u00f3 que participar\u00e1 en ella un \u00abequipo de reconocimiento\u00bb compuesto por 13 miembros de las fuerzas armadas alemanas.<\/p>\n<p>El ministro alem\u00e1n de Defensa, Boris Pistorius, argument\u00f3 este paso con cautela, apuntando a Rusia y China, y aludiendo a la cooperaci\u00f3n dentro de la OTAN y, especialmente, con Estados Unidos:<\/p>\n<p>\u00abRusia y China utilizan cada vez m\u00e1s el \u00c1rtico con fines militares, poniendo as\u00ed en peligro la libertad de transporte, comunicaci\u00f3n y comercio. La OTAN no lo permitir\u00e1 y seguir\u00e1 defendiendo el orden internacional basado en normas. Para m\u00ed es crucial que mantengamos una estrecha coordinaci\u00f3n dentro de la OTAN, especialmente con nuestros socios estadounidenses, durante la exploraci\u00f3n conjunta en Groenlandia bajo el liderazgo dan\u00e9s\u00bb, lo cita el comunicado oficial, publicado en el canal de WhatsApp de esa cartera.<\/p>\n<p><img data-format=\"MASTER_LANDSCAPE\" data-id=\"75513853\" data-url=\"https:\/\/static.dw.com\/image\/75513853_${formatId}.jpg\" data-aspect-ratio=\"16\/9\" alt=\"Titular de Defensa alem\u00e1n Boris Pistorius, en una visita a las tropas de monta\u00f1a de la Bundeswehr durante el ejercicio de la OTAN Nordic Response, en 2024, en Noruega.\" style=\"padding-bottom: 56.25%; height: 0; max-height: 0;\"\/>Titular de Defensa alem\u00e1n Boris Pistorius, en una visita a las tropas de monta\u00f1a de la Bundeswehr durante el ejercicio de la OTAN Nordic Response, en 2024, en Noruega.Imagen: Kay Nietfeld\/dpa\/picture alliance<\/p>\n<p>Tras \u00abdesacuerdo fundamental\u00bb en Washington<\/p>\n<p>La misi\u00f3n militar europea llega a Groenlandia\u00a0un d\u00eda despu\u00e9s de la reuni\u00f3n entre funcionarios estadounidenses, daneses y groenlandeses, que concluy\u00f3 con un <a class=\"internal-link\" href=\"https:\/\/www.dw.com\/es\/dinamarca-y-eeuu-mantienen-discrepancias-sobre-groenlandia\/a-75510473\" rel=\"nofollow noopener\" target=\"_blank\">\u00abdesacuerdo fundamental\u00bb sobre ese territorio \u00e1rtico que el presidente Donald Trump ans\u00eda anexionar<\/a>.<\/p>\n<p>\u00abTengo muy buenas relaciones con Dinamarca, y veremos c\u00f3mo evoluciona todo esto. Creo que se encontrar\u00e1 una soluci\u00f3n\u00bb, matiz\u00f3 posteriormente Trump, que no particip\u00f3 en la reuni\u00f3n, a los periodistas en la Casa Blanca.<\/p>\n<p>Unas horas antes, reiter\u00f3 en su red Truth Social que Estados Unidos \u00abnecesita Groenlandia\u00bb, escasamente poblada y cuyo deshielo podr\u00eda liberar rutas mar\u00edtimas clave, \u00abpor razones de seguridad nacional\u00bb.<\/p>\n<p>El mandatario republicano argumenta que Estados Unidos necesita controlar esa isla semiaut\u00f3noma administrada por Dinamarca por razones de seguridad nacional, ya que, de no hacerlo, la ocupar\u00edan Rusia o China.<\/p>\n<p>La Casa Blanca ha dicho que analiza comprarla, <a class=\"internal-link\" href=\"https:\/\/www.dw.com\/es\/eeuu-negociar\u00e1-con-groenlandia-a-las-buenas-o-las-malas\/a-75457934\" rel=\"nofollow noopener\" target=\"_blank\">sin descartar una intervenci\u00f3n militar<\/a> en el territorio rico en hipot\u00e9ticos recursos mineros.<\/p>\n<p>rml (afp, efe)<\/p>\n","protected":false},"excerpt":{"rendered":"Francia, Suecia, Alemania y Noruega anunciaron el mi\u00e9rcoles (14.01.2026) que desplegar\u00e1n personal militar en Groenlandia para una misi\u00f3n&hellip;\n","protected":false},"author":2,"featured_media":342412,"comment_status":"","ping_status":"","sticky":false,"template":"","format":"standard","meta":{"footnotes":""},"categories":[42],"tags":[17,18,13,14,11,61,62,63,64,19,20,9,10,15,16,12,21,22,65,66,67],"class_list":{"0":"post-342411","1":"post","2":"type-post","3":"status-publish","4":"format-standard","5":"has-post-thumbnail","7":"category-internacional","8":"tag-breaking-news","9":"tag-breakingnews","10":"tag-featured-news","11":"tag-featurednews","12":"tag-headlines","13":"tag-internacional","14":"tag-international","15":"tag-international-news","16":"tag-internationalnews","17":"tag-latest-news","18":"tag-latestnews","19":"tag-news","20":"tag-noticias","21":"tag-noticias-destacadas","22":"tag-noticiasdestacadas","23":"tag-titulares","24":"tag-ultimas-noticias","25":"tag-ultimasnoticias","26":"tag-world","27":"tag-world-news","28":"tag-worldnews"},"share_on_mastodon":{"url":"https:\/\/pubeurope.com\/@es\/115900054478194272","error":""},"_links":{"self":[{"href":"https:\/\/www.europesays.com\/es\/wp-json\/wp\/v2\/posts\/342411","targetHints":{"allow":["GET"]}}],"collection":[{"href":"https:\/\/www.europesays.com\/es\/wp-json\/wp\/v2\/posts"}],"about":[{"href":"https:\/\/www.europesays.com\/es\/wp-json\/wp\/v2\/types\/post"}],"author":[{"embeddable":true,"href":"https:\/\/www.europesays.com\/es\/wp-json\/wp\/v2\/users\/2"}],"replies":[{"embeddable":true,"href":"https:\/\/www.europesays.com\/es\/wp-json\/wp\/v2\/comments?post=342411"}],"version-history":[{"count":0,"href":"https:\/\/www.europesays.com\/es\/wp-json\/wp\/v2\/posts\/342411\/revisions"}],"wp:featuredmedia":[{"embeddable":true,"href":"https:\/\/www.europesays.com\/es\/wp-json\/wp\/v2\/media\/342412"}],"wp:attachment":[{"href":"https:\/\/www.europesays.com\/es\/wp-json\/wp\/v2\/media?parent=342411"}],"wp:term":[{"taxonomy":"category","embeddable":true,"href":"https:\/\/www.europesays.com\/es\/wp-json\/wp\/v2\/categories?post=342411"},{"taxonomy":"post_tag","embeddable":true,"href":"https:\/\/www.europesays.com\/es\/wp-json\/wp\/v2\/tags?post=342411"}],"curies":[{"name":"wp","href":"https:\/\/api.w.org\/{rel}","templated":true}]}}