{"id":342413,"date":"2026-01-15T16:27:12","date_gmt":"2026-01-15T16:27:12","guid":{"rendered":"https:\/\/www.europesays.com\/es\/342413\/"},"modified":"2026-01-15T16:27:12","modified_gmt":"2026-01-15T16:27:12","slug":"castilla-y-leon-informativos-rtve-es","status":"publish","type":"post","link":"https:\/\/www.europesays.com\/es\/342413\/","title":{"rendered":"Castilla y Le\u00f3n Informativos &#8211; RTVE.es"},"content":{"rendered":"<ol>\n<li><a href=\"https:\/\/news.google.com\/rss\/articles\/CBMipwFBVV95cUxORS01UXlfSUk0SUZKZWFKSHBxSHYzLV8xU3U1cWh0dWM0allRcWwxdmhicmJfSjBDVXZnWVZTRjdEcEhDY0V1azdTTUoxM3dyTVBwU0ZRVElnVWREY0s0SlJyemJBQXYzODRmaXU3cENrYXZPX0syTXZWWk9icm9aRjZvUHNHYnJhLWhQWUdyUm9zN2RfelpzWUowclQ0aWN6SWJrbzFzYw?oc=5\" target=\"_blank\" rel=\"nofollow noopener\">Castilla y Le\u00f3n Informativos<\/a>&nbsp;&nbsp;RTVE.es<\/li>\n<li><a href=\"https:\/\/news.google.com\/rss\/articles\/CBMizwFBVV95cUxQSEhEQ0t5UGxxZGFRZnd3cElSZmtqNkRTMTAxWXhQOWdYQkdveVQ0VFp0dFJuX09PNy0zRGlJSjJQRmY2VGgyWHZrdFd1RGsxdXpLSEl1RVhkUWxfTVJEZEZueXNwUFZxNlJzRlo5dkhEa05OT0dDb1dZRWZUVTVjSFYzSlZ1VC1SLU1wOHNpak8zV09MbkZEeENKblRpUjNwV3ZiOElVWGUwLWFpUWN0bTFEY245TVJaemVOQ0pnZlFuR3ZTbmxMS3NsekI3ZDTSAc8BQVVfeXFMUEN6dFRqbnh6VW5kUkVnQlNvN3JiaS1EbXIyTWFiZHptSDIwMTVsTnNYRHg1OVlud0RueEI1TXM4dzZHZXVmSnZsTHROdUkxTWQtcGNJZENra180ZndhUV9ZR2dzeGp5T09ERWVvelFtZnIwNWw1WWVxLV9IS1lKYlFjVk96ZzNlb0h6bFpfQXRncVZCdHdyN0VvZ2VEcFRXZ2xfSG1xQUs2MEYyVU9GUXFWbi1DNmtQWmdIWUZnTmM1RVQ1aUtBZ25rVWVzTkNj?oc=5\" target=\"_blank\" rel=\"nofollow noopener\">Salamanca y Le\u00f3n se apuntan a la carrera por la Agencia de Salud P\u00fablica<\/a>&nbsp;&nbsp;Redacci\u00f3n M\u00e9dica<\/li>\n<li><a href=\"https:\/\/news.google.com\/rss\/articles\/CBMi6wFBVV95cUxOYUJqVnFsMjVCT3BjWExkVC1FUG1GUDhWcHBiNEVSangwUkl2UUpqajRzZUlTOWI5dFEzZ2h1ejdpX2tQY001WnJqc08zWFRfUDlnRElfTVo4VTgycnAtSk95NmdCeWdrdjdtR1F3dzV1UzdkVWdfbFMtTUozYVdWeE5NNTZIUG9jdVl3UVZGXzFrNW5iNG9nR1JZZHZtWEM2eWNwdXBQdVVhUzhiTHAzdU42VTBscmxUMkNNWUdUVm9RbWw1Wm1XV2lnZzZXUzB0blhmY2YyNUNkUG81bW9Gbl9veGo1YWtZYW8w0gHwAUFVX3lxTE10elQtQ2xuOVlCMl8zZVIzc19yc2FpYkZKWDRrSDRCSmhrVlhRNTl5Uzd4aTFkWVlfUUpfcVN6OExXQUZSNkI3NmdkMWFIZGptVTRWbzNBXzhUaTc1dC16T242Z3BQU0lsWU9LXzhaOVQzcjk4cjNwVjRZa3lJbEhHa2hLck5qQUdidFptb2tZVk1xeW9NeXJEZ19QYWU4UEQ5RDI2RFg3Y1NKcjU5TFFlenBPUjdPZjRDSWY5QlRQUHU2NFVxOXZQekI2SVYwZ1hWZGNfakdPeUZ3OHU0b1Q1Ym9aY3BFMWs1SXl6SDlYbw?oc=5\" target=\"_blank\" rel=\"nofollow noopener\">As\u00ed quedar\u00e1 el Pabell\u00f3n de Arag\u00f3n si prospera la candidatura de Zaragoza como sede de la Agencia Estatal de Salud P\u00fablica<\/a>&nbsp;&nbsp;heraldo.es<\/li>\n<li><a href=\"https:\/\/news.google.com\/rss\/articles\/CBMi2wFBVV95cUxPZHVXOHRqNi0xaDF1bGN3TlhoX1NMa1VzbmJ4Uy01b2NyX05qTDdSNXdfbWNLX0lBX21veXdyTU1DTHpFLVotTjNlQldrOFl1UWM3NjdscU9WaE1Qd1RLQ3NyZ2NIeGd5NEN2ZmR2QWlOTzkwUHduQjRNTWF0T1p6Qlp4Vi13c2NwSWNKQV9vcEtIZ3FSV3pTekRvSDBpZFNNMjZJa2RBLThoMnhvX1AwY1BBU0dWbEZpVGVkSElrSWJYNjQyRXZUTUhDS0FlbTl4Vk90TTlMWXJqU1U?oc=5\" target=\"_blank\" rel=\"nofollow noopener\">M\u00e1s de Uno Zaragoza Matinal 15\/01\/2026<\/a>&nbsp;&nbsp;Onda Cero Radio<\/li>\n<li><a href=\"https:\/\/news.google.com\/rss\/articles\/CBMiqAFBVV95cUxOX1FaSEJTNEtobmg0Z0M1UkJNZ1NBQkZLSzIyQlo3VldxandnUXhuT2tCUEdPazAxUllEeGg4N280akFKcEQycXNUVnQ4OU43N29JNXEzQ21GQlVvOTNIVmxad3JNTkxUUFpyRU1nWHZDM0tUODlXZ0xfdUFDanFEOEN6WVNMRFZiZENkbzBnOGR1TWRNU29mSjRXZWhJWVZUWVQ0UWJzRG0?oc=5\" target=\"_blank\" rel=\"nofollow noopener\">Le\u00f3n se lanza a la carrera por albergar la Agencia Estatal de Salud P\u00fablica<\/a>&nbsp;&nbsp;Leonoticias<\/li>\n<\/ol>\n","protected":false},"excerpt":{"rendered":"Castilla y Le\u00f3n Informativos&nbsp;&nbsp;RTVE.es Salamanca y Le\u00f3n se apuntan a la carrera por la Agencia de Salud P\u00fablica&nbsp;&nbsp;Redacci\u00f3n&hellip;\n","protected":false},"author":2,"featured_media":338026,"comment_status":"","ping_status":"","sticky":false,"template":"","format":"standard","meta":{"footnotes":""},"categories":[8],"tags":[17,18,25,24,13,14,11,19,20,9,10,15,16,23,12,21,22],"class_list":{"0":"post-342413","1":"post","2":"type-post","3":"status-publish","4":"format-standard","5":"has-post-thumbnail","7":"category-espana","8":"tag-breaking-news","9":"tag-breakingnews","10":"tag-es","11":"tag-espana","12":"tag-featured-news","13":"tag-featurednews","14":"tag-headlines","15":"tag-latest-news","16":"tag-latestnews","17":"tag-news","18":"tag-noticias","19":"tag-noticias-destacadas","20":"tag-noticiasdestacadas","21":"tag-spain","22":"tag-titulares","23":"tag-ultimas-noticias","24":"tag-ultimasnoticias"},"share_on_mastodon":{"url":"https:\/\/pubeurope.com\/@es\/115900058412286982","error":""},"_links":{"self":[{"href":"https:\/\/www.europesays.com\/es\/wp-json\/wp\/v2\/posts\/342413","targetHints":{"allow":["GET"]}}],"collection":[{"href":"https:\/\/www.europesays.com\/es\/wp-json\/wp\/v2\/posts"}],"about":[{"href":"https:\/\/www.europesays.com\/es\/wp-json\/wp\/v2\/types\/post"}],"author":[{"embeddable":true,"href":"https:\/\/www.europesays.com\/es\/wp-json\/wp\/v2\/users\/2"}],"replies":[{"embeddable":true,"href":"https:\/\/www.europesays.com\/es\/wp-json\/wp\/v2\/comments?post=342413"}],"version-history":[{"count":0,"href":"https:\/\/www.europesays.com\/es\/wp-json\/wp\/v2\/posts\/342413\/revisions"}],"wp:featuredmedia":[{"embeddable":true,"href":"https:\/\/www.europesays.com\/es\/wp-json\/wp\/v2\/media\/338026"}],"wp:attachment":[{"href":"https:\/\/www.europesays.com\/es\/wp-json\/wp\/v2\/media?parent=342413"}],"wp:term":[{"taxonomy":"category","embeddable":true,"href":"https:\/\/www.europesays.com\/es\/wp-json\/wp\/v2\/categories?post=342413"},{"taxonomy":"post_tag","embeddable":true,"href":"https:\/\/www.europesays.com\/es\/wp-json\/wp\/v2\/tags?post=342413"}],"curies":[{"name":"wp","href":"https:\/\/api.w.org\/{rel}","templated":true}]}}