{"id":342418,"date":"2026-01-15T16:34:18","date_gmt":"2026-01-15T16:34:18","guid":{"rendered":"https:\/\/www.europesays.com\/es\/342418\/"},"modified":"2026-01-15T16:34:18","modified_gmt":"2026-01-15T16:34:18","slug":"el-sphere-kineticore-es-el-casco-lazer-que-se-define-elegante","status":"publish","type":"post","link":"https:\/\/www.europesays.com\/es\/342418\/","title":{"rendered":"El Sphere KinetiCore es el casco Lazer que se define elegante"},"content":{"rendered":"<p><img fetchpriority=\"high\" decoding=\"async\" class=\"aligncenter size-full wp-image-67398\" src=\"data:image\/svg+xml,%3Csvg%20xmlns=\" http:=\"\" alt=\"\" width=\"1025\" height=\"400\" data-lazy- data-lazy- data-lazy-src=\"https:\/\/www.europesays.com\/es\/wp-content\/uploads\/2025\/11\/anunci-generic-bla-1-1024x120-px-v3-02.jpg\"\/><\/p>\n<p>El Sphere KinetiCore es el casco Lazer que se define elegante y aerodin\u00e1mico sin estridencias.<\/p>\n<p>Hablar de Shimano es, inevitablemente, hablar de la arquitectura sobre la que se asienta el ciclismo moderno, y eso incluye a las marcas que orbitan bajo su paraguas, como es el caso de Lazer.<\/p>\n<p>La firma belga, que lleva m\u00e1s de un siglo moldeando la est\u00e9tica y la seguridad de nuestras cabezas, acaba de presentar el Sphere KinetiCore, <strong>un casco que llega con la ambici\u00f3n de ser ese \u201ctodo en uno\u201d<\/strong> que el ciclista de carretera, el de verdad, reclama cuando se quita el dorsal o, simplemente, cuando nunca ha tenido inter\u00e9s en llevarlo.<\/p>\n<p><a class=\"wppaslink\" href=\"https:\/\/joanseguidor.com\/pas\/ccmm-valenciana\/44016\/0\" target=\"_blank\" rel=\"nofollow noopener\"><img decoding=\"async\" src=\"data:image\/svg+xml,%3Csvg%20xmlns=\" http:=\"\" alt=\"CCMM Valenciana\" border=\"0\" data-lazy-src=\"https:\/\/www.europesays.com\/es\/wp-content\/uploads\/2026\/01\/1768494858_391_aralleida-hivern-970x250-crea2-es.jpg\"\/><\/a><\/p>\n<p><strong>Lo primero que llama la atenci\u00f3n de este Sphere KinetiCore es la persistencia en su tecnolog\u00eda propia<\/strong>.<\/p>\n<p>Mientras el mercado se satura de soluciones externas, <strong>Lazer insiste en sus Zonas de Deformaci\u00f3n Controladas<\/strong>.<\/p>\n<p>Es un enfoque interesante y cr\u00edtico: <strong>integrar la protecci\u00f3n contra impactos rotacionales en la propia estructura del casco<\/strong>, reduciendo el uso de pl\u00e1sticos a\u00f1adidos y, de paso, aligerando el conjunto. El resultado en b\u00e1scula son 270 gramos para una talla M, una cifra honesta para un casco que no busca ser el m\u00e1s extremo, sino el m\u00e1s equilibrado.<\/p>\n<p>Pero no nos enga\u00f1emos, en el ciclismo la est\u00e9tica es el primer filtro.<\/p>\n<p>El Sphere apuesta por un dise\u00f1o que Lazer define como elegante y aerodin\u00e1mico, huyendo de estridencias.<\/p>\n<p>Es un casco que se siente c\u00f3modo tanto en una grupeta de domingo como en una salida r\u00e1pida despu\u00e9s del trabajo.<\/p>\n<p>Han resuelto con inteligencia detalles del d\u00eda a d\u00eda que a veces los ingenieros olvidan: una base optimizada para sujetar las gafas cuando el sol desaparece o el puerto para el LED Universal, un gui\u00f1o necesario a la seguridad real en un mundo donde la visibilidad ya no es negociable.<\/p>\n<p><strong>Cuesta 149,99 euros, un precio que lo sit\u00faa en esa clase media aspiracional donde la competencia es feroz.<\/strong><\/p>\n<p>Sin embargo, el valor diferencial reside en esa herencia belga de Malinas.<\/p>\n<p>Dise\u00f1ar cascos donde el pav\u00e9 y el viento de costado son la norma te da una perspectiva diferente.<\/p>\n<p><strong>El Sphere KinetiCore no intenta revolucionar la f\u00edsica, sino pulir la experiencia del usuario<\/strong> con correas cosidas de tacto premium y una ventilaci\u00f3n que promete mantener las ideas frescas cuando la carretera pica hacia arriba.<\/p>\n<p>Al final, se trata de confianza; la de saber que llevas un producto redondo, nacido de la experiencia y pensado para quien entiende que pedalear es, ante todo, un placer que no deber\u00eda verse interrumpido por un equipamiento inc\u00f3modo.<\/p>\n<p><a href=\"https:\/\/www.lazersport.com\/es\/cascos\/carretera\/sphere\" target=\"_blank\" rel=\"noopener nofollow\">+ INFO<\/a><\/p>\n","protected":false},"excerpt":{"rendered":"El Sphere KinetiCore es el casco Lazer que se define elegante y aerodin\u00e1mico sin estridencias. Hablar de Shimano&hellip;\n","protected":false},"author":2,"featured_media":342419,"comment_status":"","ping_status":"","sticky":false,"template":"","format":"standard","meta":{"footnotes":""},"categories":[273],"tags":[313,312,168,25,24,2548,77868,23,167],"class_list":{"0":"post-342418","1":"post","2":"type-post","3":"status-publish","4":"format-standard","5":"has-post-thumbnail","7":"category-ciclismo","8":"tag-ciclismo","9":"tag-cycling","10":"tag-deportes","11":"tag-es","12":"tag-espana","13":"tag-featured","14":"tag-lazer","15":"tag-spain","16":"tag-sports"},"share_on_mastodon":{"url":"https:\/\/pubeurope.com\/@es\/115900085864596158","error":""},"_links":{"self":[{"href":"https:\/\/www.europesays.com\/es\/wp-json\/wp\/v2\/posts\/342418","targetHints":{"allow":["GET"]}}],"collection":[{"href":"https:\/\/www.europesays.com\/es\/wp-json\/wp\/v2\/posts"}],"about":[{"href":"https:\/\/www.europesays.com\/es\/wp-json\/wp\/v2\/types\/post"}],"author":[{"embeddable":true,"href":"https:\/\/www.europesays.com\/es\/wp-json\/wp\/v2\/users\/2"}],"replies":[{"embeddable":true,"href":"https:\/\/www.europesays.com\/es\/wp-json\/wp\/v2\/comments?post=342418"}],"version-history":[{"count":0,"href":"https:\/\/www.europesays.com\/es\/wp-json\/wp\/v2\/posts\/342418\/revisions"}],"wp:featuredmedia":[{"embeddable":true,"href":"https:\/\/www.europesays.com\/es\/wp-json\/wp\/v2\/media\/342419"}],"wp:attachment":[{"href":"https:\/\/www.europesays.com\/es\/wp-json\/wp\/v2\/media?parent=342418"}],"wp:term":[{"taxonomy":"category","embeddable":true,"href":"https:\/\/www.europesays.com\/es\/wp-json\/wp\/v2\/categories?post=342418"},{"taxonomy":"post_tag","embeddable":true,"href":"https:\/\/www.europesays.com\/es\/wp-json\/wp\/v2\/tags?post=342418"}],"curies":[{"name":"wp","href":"https:\/\/api.w.org\/{rel}","templated":true}]}}