{"id":342424,"date":"2026-01-15T16:38:08","date_gmt":"2026-01-15T16:38:08","guid":{"rendered":"https:\/\/www.europesays.com\/es\/342424\/"},"modified":"2026-01-15T16:38:08","modified_gmt":"2026-01-15T16:38:08","slug":"acusan-de-odio-hacia-la-lengua-catalana-al-cantante-de-projecte-mut-en-su-ultimo-concierto-en-ibiza","status":"publish","type":"post","link":"https:\/\/www.europesays.com\/es\/342424\/","title":{"rendered":"Acusan de \u00abodio hacia la lengua catalana\u00bb al cantante de Projecte Mut en su \u00faltimo concierto en Ibiza"},"content":{"rendered":"<p>La <a href=\"https:\/\/www.periodicodeibiza.es\/etiqueta\/pol%C3%A9mica.html?utm_source=Inline-tag&amp;utm_medium=internal\" rel=\"nofollow noopener\" target=\"_blank\">pol\u00e9mica<\/a> ha estallado en las \u00faltimas horas entre el Institut d&#8217;Estudis Eivissencs y <a href=\"https:\/\/www.periodicodeibiza.es\/etiqueta\/Projecte+Mut.html?utm_source=Inline-tag&amp;utm_medium=internal\" rel=\"nofollow noopener\" target=\"_blank\">Projecte Mut<\/a> despu\u00e9s de que el cantante del grupo, en su \u00faltimo concierto, tuviese <strong>una actitud de \u00abauto-odio hacia la lengua catalana\u00bb<\/strong>. Esta situaci\u00f3n se dio cuando tuvo una respuesta \u00abpoco acertada\u00bb ante una persona que le ped\u00eda al cantante que hablase en catal\u00e1n.<\/p>\n<p>\u00abGran falta de conciencia ling\u00fc\u00edstica cuando <strong>es un grupo actual y de hace tiempo en lengua propia de la isla con m\u00e1s proyecci\u00f3n<\/strong>\u00bb, se quejaba un usuario en redes sociales. A\u00f1ade que <strong>\u00abdeber\u00edan actuar como referentes y m\u00e1s en este contexto de festival joven\u00bb<\/strong>.<\/p>\n<blockquote class=\"instagram-media\" style=\"background: #FFF; border: 0; border-radius: 3px; box-shadow: 0 0 1px 0 rgba(0,0,0,0.5),0 1px 10px 0 rgba(0,0,0,0.15); margin: 1px; max-width: 540px; min-width: 326px; padding: 0; width: calc(100% - 2px);\" data-instgrm-captioned=\"\" data-instgrm-permalink=\"https:\/\/www.instagram.com\/p\/DTh3oiFDZ56\/?utm_source=ig_embed&amp;utm_campaign=loading\" data-instgrm-version=\"14\"><p>&#13;<br \/>\n&#13;\n<\/p><\/blockquote>\n<p>\u00abPedimos a Projecte Mut que rectifique sus comentarios del otro d\u00eda.<strong> Pensamos que a\u00fan est\u00e1n a tiempo<\/strong>\u00bb, piden desde el <a href=\"https:\/\/www.periodicodeibiza.es\/etiqueta\/IEE.html?utm_source=Inline-tag&amp;utm_medium=internal\" rel=\"nofollow noopener\" target=\"_blank\">IEE<\/a>, mientras que desde una cuenta de fans del propio grupo dicen que <strong>\u00absi en un concierto para seis institutos de la isla los alumnos hayan visto que si pides que se hable en catal\u00e1n puedes recibir esta reacci\u00f3n, en casa, no se&#8230;\u00bb.<\/strong><\/p>\n<p>De esta forma, varios usuarios <strong>esperan que este grupo, referente en la isla de Ibiza, rectifiquen delante de la pol\u00e9mica<\/strong>, por la respuesta y actitud que tuvo el grupo delante de esta demanda de un usuario de en el concierto de Eivissa Jove.<\/p>\n<p>                        <script async src=\"\/\/www.instagram.com\/embed.js\"><\/script><\/p>\n","protected":false},"excerpt":{"rendered":"La pol\u00e9mica ha estallado en las \u00faltimas horas entre el Institut d&#8217;Estudis Eivissencs y Projecte Mut despu\u00e9s de&hellip;\n","protected":false},"author":2,"featured_media":342425,"comment_status":"","ping_status":"","sticky":false,"template":"","format":"standard","meta":{"footnotes":""},"categories":[174],"tags":[6081,255,146,147,25,24,256,6079,77869,6082,6083,6080,1526,77870,23],"class_list":{"0":"post-342424","1":"post","2":"type-post","3":"status-publish","4":"format-standard","5":"has-post-thumbnail","7":"category-famosos","8":"tag-actualidad-ibiza","9":"tag-celebrities","10":"tag-entertainment","11":"tag-entretenimiento","12":"tag-es","13":"tag-espana","14":"tag-famosos","15":"tag-ibiza","16":"tag-iee","17":"tag-informacion-ibiza","18":"tag-lugares-ibiza","19":"tag-periodico-de-ibiza-y-formentera","20":"tag-polemica","21":"tag-projecte-mut","22":"tag-spain"},"share_on_mastodon":{"url":"https:\/\/pubeurope.com\/@es\/115900101839775515","error":""},"_links":{"self":[{"href":"https:\/\/www.europesays.com\/es\/wp-json\/wp\/v2\/posts\/342424","targetHints":{"allow":["GET"]}}],"collection":[{"href":"https:\/\/www.europesays.com\/es\/wp-json\/wp\/v2\/posts"}],"about":[{"href":"https:\/\/www.europesays.com\/es\/wp-json\/wp\/v2\/types\/post"}],"author":[{"embeddable":true,"href":"https:\/\/www.europesays.com\/es\/wp-json\/wp\/v2\/users\/2"}],"replies":[{"embeddable":true,"href":"https:\/\/www.europesays.com\/es\/wp-json\/wp\/v2\/comments?post=342424"}],"version-history":[{"count":0,"href":"https:\/\/www.europesays.com\/es\/wp-json\/wp\/v2\/posts\/342424\/revisions"}],"wp:featuredmedia":[{"embeddable":true,"href":"https:\/\/www.europesays.com\/es\/wp-json\/wp\/v2\/media\/342425"}],"wp:attachment":[{"href":"https:\/\/www.europesays.com\/es\/wp-json\/wp\/v2\/media?parent=342424"}],"wp:term":[{"taxonomy":"category","embeddable":true,"href":"https:\/\/www.europesays.com\/es\/wp-json\/wp\/v2\/categories?post=342424"},{"taxonomy":"post_tag","embeddable":true,"href":"https:\/\/www.europesays.com\/es\/wp-json\/wp\/v2\/tags?post=342424"}],"curies":[{"name":"wp","href":"https:\/\/api.w.org\/{rel}","templated":true}]}}